{"id":15143,"date":"2020-05-06T06:16:35","date_gmt":"2020-05-06T05:16:35","guid":{"rendered":"https:\/\/www.greenpeace.org\/belgium\/?p=15143"},"modified":"2020-05-06T08:07:52","modified_gmt":"2020-05-06T07:07:52","slug":"greenpeace-fait-des-tags-en-rue-pour-soutenir-le-climat-et-les-travailleurs-brusselsairlines","status":"publish","type":"post","link":"https:\/\/www.greenpeace.org\/belgium\/fr\/communique-de-presse\/15143\/greenpeace-fait-des-tags-en-rue-pour-soutenir-le-climat-et-les-travailleurs-brusselsairlines\/","title":{"rendered":"Greenpeace fait des tags en rue pour soutenir le climat et les travailleurs #brusselsairlines"},"content":{"rendered":"\n<p><strong>Ce matin, Greenpeace a tagu\u00e9 les passages pour pi\u00e9tons devant la chancellerie de la Premi\u00e8re ministre Sophie Wilm\u00e8s ainsi que devant le cabinet du ministre des Finances, Alexander De Croo. Avec le message \u201cClimate and workers first #brusselsairlines\u201d, Greenpeace demande aux responsables politiques q<\/strong><strong>ue toute aide financi\u00e8re accord\u00e9e aux compagnies a\u00e9riennes comme Brussels Airlines serve \u00e0 la protection et la reconversion des employ\u00e9s ainsi qu\u2019\u00e0 un plan climat ambitieux.<\/strong><\/p>\n\n<p>Le gouvernement est sur le point d&rsquo;octroyer une aide d&rsquo;\u00c9tat \u00e0 Brussels Airlines en difficult\u00e9. La compagnie a\u00e9rienne demande <a href=\"https:\/\/www.greenpeace.org\/belgium\/fr\/rapports\/15109\/aides-detat-pour-les-compagnies-aeriennes-pas-sans-garanties-sociales-et-climatiques\/\">290 millions d&rsquo;euros<\/a> mais elle n&rsquo;offre aucune garantie \u00e0 ses employ\u00e9s et ne stipule pas comment contenir la crise climatique.&nbsp;<\/p>\n\n<p>Ce matin, Greenpeace a tagu\u00e9 des passages pour pi\u00e9tons devant plusieurs b\u00e2timents symboliques pour attirer l\u2019attention des responsables politiques et inciter le gouvernement \u00e0 pr\u00e9parer un plan de relance en phase avec les d\u00e9fis actuels, car nous avons besoin d\u2019un syst\u00e8me durable, \u00e9cologique et juste. Cette op\u00e9ration fait suite \u00e0 une <a href=\"https:\/\/act.greenpeace.org\/page\/59942\/action\/1?utm_campaign=covid-19-response&amp;utm_source=facebook.com&amp;utm_medium=post&amp;utm_term=correct-nl-email-aviation\">action d\u2019e-mailing<\/a> en cours depuis la semaine derni\u00e8re. Pr\u00e8s de 11.000 citoyens ont d\u00e9j\u00e0 \u00e9crit \u00e0 nos ministres pour r\u00e9clamer des conditions \u00e0 l\u2019aide financi\u00e8re. [1]<\/p>\n\n<figure class=\"wp-block-image size-large  caption-style-blue-overlay caption-alignment-center\"><img loading=\"lazy\" decoding=\"async\" width=\"999\" height=\"663\" src=\"https:\/\/www.greenpeace.org\/static\/planet4-belgium-stateless\/2020\/05\/b5ce04c6-brussels_airlines_action2.jpg\" alt=\"Greenpeace fait des tags en rue pour soutenir le climat et les travailleurs #brusselsairlines\" class=\"wp-image-15169\" srcset=\"https:\/\/www.greenpeace.org\/static\/planet4-belgium-stateless\/2020\/05\/b5ce04c6-brussels_airlines_action2.jpg 999w, https:\/\/www.greenpeace.org\/static\/planet4-belgium-stateless\/2020\/05\/b5ce04c6-brussels_airlines_action2-300x199.jpg 300w, https:\/\/www.greenpeace.org\/static\/planet4-belgium-stateless\/2020\/05\/b5ce04c6-brussels_airlines_action2-768x510.jpg 768w, https:\/\/www.greenpeace.org\/static\/planet4-belgium-stateless\/2020\/05\/b5ce04c6-brussels_airlines_action2-510x338.jpg 510w\" sizes=\"auto, (max-width: 999px) 100vw, 999px\" \/><\/figure>\n\n<p>Plus de photos disponibles prochainement&nbsp; <a href=\"https:\/\/media.greenpeace.org\/shoot\/27MDHUQSQSQ\">ici<\/a> A utiliser librement \u00e0 condition d\u2019indiquer le copyright.<\/p>\n\n<p><em>\u201cL\u2019argent de renflouement doit permettre d\u2019\u00e9viter une catastrophe sociale, pas de relancer de plus belle le secteur de l\u2019aviation, <\/em>d\u00e9clare Elodie Mertz, experte Mobilit\u00e9 chez Greenpeace.<em> Ce secteur doit respecter, de fa\u00e7on contraignante, l\u2019objectif dans l\u2019accord de Paris, c\u2019est-\u00e0-dire contribuer \u00e0 limiter le r\u00e9chauffement climatique \u00e0 1,5 degr\u00e9s. Cela implique une r\u00e9duction significative de la demande de l\u2019aviation par rapport au niveau d\u2019avant la crise. Un premier pas concret serait la suppression des vols courts-courriers vers les pays voisins lorsqu\u2019il existe une alternative avec un bus ou un train (de nuit) et le d\u00e9veloppement de ces alternatives justement.<\/em> <em>Mais il devrait y avoir une plus grande coordination europ\u00e9enne sur le sujet, tant dans les discussions concernant les renflouements des compagnies, que celles concernant le d\u00e9veloppement d\u2019alternatives comme le train<\/em>.\u201d<\/p>\n\n<p>Au total, l&rsquo;industrie a\u00e9rienne europ\u00e9enne r\u00e9clame pr\u00e8s de <a href=\"https:\/\/www.greenpeace.org\/eu-unit\/issues\/climate-energy\/2725\/airline-bailout-tracker\/\">26 milliards d\u2019euros<\/a> aux \u00c9tats europ\u00e9ens sans offrir de r\u00e9elles garanties en mati\u00e8re d\u2019emploi ou en mati\u00e8re environnementale. Cela, alors qu\u2019avant la crise, les \u00e9missions de gaz \u00e0 effet de serre de l\u2019aviation augmentaient de fa\u00e7on exponentielle.<\/p>\n\n<p><strong>Remarque :<\/strong><\/p>\n\n<p>[1] La position compl\u00e8te de Greenpeace et son soutien au secteur de l&rsquo;aviation sont disponibles <a href=\"https:\/\/www.greenpeace.org\/belgium\/fr\/rapports\/15109\/aides-detat-pour-les-compagnies-aeriennes-pas-sans-garanties-sociales-et-climatiques\/\">ici<\/a><\/p>\n\n<p><strong>Contact :<\/strong><\/p>\n\n<p>Service presse Greenpeace: 0496\/ 263.191 &#8211; <a href=\"mailto:bpress@greenpeace.org\">bpress@greenpeace.org<\/a><\/p>\n","protected":false},"excerpt":{"rendered":"<p>Ce matin, Greenpeace a tagu\u00e9 les passages pour pi\u00e9tons devant la chancellerie de la Premi\u00e8re ministre Sophie Wilm\u00e8s ainsi que devant le cabinet du ministre des Finances, Alexander De Croo.&hellip;<\/p>\n","protected":false},"author":49,"featured_media":15169,"comment_status":"closed","ping_status":"closed","sticky":false,"template":"","format":"standard","meta":{"ep_exclude_from_search":false,"p4_og_title":"Action #brusselsairlines","p4_og_description":"Greenpeace demande que toute aide financi\u00e8re aux compagnies a\u00e9riennes comme Brussels Airlines serve \u00e0 la protection et la reconversion des employ\u00e9s ainsi qu\u2019\u00e0 un plan climat ambitieux.","p4_og_image":"","p4_og_image_id":"","p4_seo_canonical_url":"","p4_campaign_name":"not set","p4_local_project":"not set","p4_basket_name":"not set","p4_department":"","footnotes":""},"categories":[1],"tags":[74,86],"p4-page-type":[117],"class_list":["post-15143","post","type-post","status-publish","format-standard","has-post-thumbnail","hentry","category-non-classifiee","tag-mobilite","tag-climat","p4-page-type-communique-de-presse"],"_links":{"self":[{"href":"https:\/\/www.greenpeace.org\/belgium\/fr\/wp-json\/wp\/v2\/posts\/15143","targetHints":{"allow":["GET"]}}],"collection":[{"href":"https:\/\/www.greenpeace.org\/belgium\/fr\/wp-json\/wp\/v2\/posts"}],"about":[{"href":"https:\/\/www.greenpeace.org\/belgium\/fr\/wp-json\/wp\/v2\/types\/post"}],"author":[{"embeddable":true,"href":"https:\/\/www.greenpeace.org\/belgium\/fr\/wp-json\/wp\/v2\/users\/49"}],"replies":[{"embeddable":true,"href":"https:\/\/www.greenpeace.org\/belgium\/fr\/wp-json\/wp\/v2\/comments?post=15143"}],"version-history":[{"count":2,"href":"https:\/\/www.greenpeace.org\/belgium\/fr\/wp-json\/wp\/v2\/posts\/15143\/revisions"}],"predecessor-version":[{"id":15171,"href":"https:\/\/www.greenpeace.org\/belgium\/fr\/wp-json\/wp\/v2\/posts\/15143\/revisions\/15171"}],"wp:featuredmedia":[{"embeddable":true,"href":"https:\/\/www.greenpeace.org\/belgium\/fr\/wp-json\/wp\/v2\/media\/15169"}],"wp:attachment":[{"href":"https:\/\/www.greenpeace.org\/belgium\/fr\/wp-json\/wp\/v2\/media?parent=15143"}],"wp:term":[{"taxonomy":"category","embeddable":true,"href":"https:\/\/www.greenpeace.org\/belgium\/fr\/wp-json\/wp\/v2\/categories?post=15143"},{"taxonomy":"post_tag","embeddable":true,"href":"https:\/\/www.greenpeace.org\/belgium\/fr\/wp-json\/wp\/v2\/tags?post=15143"},{"taxonomy":"p4-page-type","embeddable":true,"href":"https:\/\/www.greenpeace.org\/belgium\/fr\/wp-json\/wp\/v2\/p4-page-type?post=15143"}],"curies":[{"name":"wp","href":"https:\/\/api.w.org\/{rel}","templated":true}]}}