{"id":15154,"date":"2020-05-06T07:18:58","date_gmt":"2020-05-06T06:18:58","guid":{"rendered":"https:\/\/www.greenpeace.org\/belgium\/?p=15154"},"modified":"2020-05-06T08:19:11","modified_gmt":"2020-05-06T07:19:11","slug":"action-pour-soutenir-le-climat-et-les-travailleurs-brusselsairlines","status":"publish","type":"post","link":"https:\/\/www.greenpeace.org\/belgium\/fr\/actualites-blog\/15154\/action-pour-soutenir-le-climat-et-les-travailleurs-brusselsairlines\/","title":{"rendered":"ACTION pour soutenir le climat et les travailleurs #brusselsairlines"},"content":{"rendered":"\n<p><strong>Ce matin, Greenpeace a inscrit le message \u201cClimate and workers first #brusselsairlines\u201d sur les passages pi\u00e9tons devant la chancellerie de la Premi\u00e8re ministre Sophie Wilm\u00e8s ainsi que devant le cabinet du ministre des Finances, Alexander De Croo. Greenpeace demande ainsi aux responsables politiques que toute aide financi\u00e8re accord\u00e9e aux compagnies a\u00e9riennes comme Brussels Airlines serve \u00e0 la protection et \u00e0 la reconversion des employ\u00e9s ainsi qu\u2019\u00e0 un plan climat ambitieux. Pr\u00e8s de 11.000 citoyens ont d\u00e9j\u00e0 \u00e9crit \u00e0 nos ministres pour r\u00e9clamer des conditions \u00e0 l\u2019aide financi\u00e8re. Et vous ?<\/strong><\/p>\n\t\t\t<section\n\t\t\tclass=\"boxout  \"\n\t\t\t\n\t\t>\n\t\t\t<a\n\t\t\t\tdata-ga-category=\"Take Action Boxout\"\n\t\t\t\tdata-ga-action=\"Image\"\n\t\t\t\tdata-ga-label=\"n\/a\"\n\t\t\t\tclass=\"cover-card-overlay\"\n\t\t\t\thref=\"https:\/\/act.greenpeace.org\/page\/59925\/action\/1?locale=fr-BE\" target=\"_blank\"\n\t\t\t><\/a>\n\t\t\t\t\t\t\t<img\n\t\t\t\t\t\tsrc=\"https:\/\/www.greenpeace.org\/static\/planet4-belgium-stateless\/2020\/04\/2532af5c-aviation-1024x1024.jpg\"\n\t\t\t\t\t\tsrcset=\"https:\/\/www.greenpeace.org\/static\/planet4-belgium-stateless\/2020\/04\/2532af5c-aviation-300x300.jpg 300w, https:\/\/www.greenpeace.org\/static\/planet4-belgium-stateless\/2020\/04\/2532af5c-aviation-1024x1024.jpg 1024w, https:\/\/www.greenpeace.org\/static\/planet4-belgium-stateless\/2020\/04\/2532af5c-aviation-150x150.jpg 150w, https:\/\/www.greenpeace.org\/static\/planet4-belgium-stateless\/2020\/04\/2532af5c-aviation-768x769.jpg 768w, https:\/\/www.greenpeace.org\/static\/planet4-belgium-stateless\/2020\/04\/2532af5c-aviation-1534x1536.jpg 1534w, https:\/\/www.greenpeace.org\/static\/planet4-belgium-stateless\/2020\/04\/2532af5c-aviation-2046x2048.jpg 2046w, https:\/\/www.greenpeace.org\/static\/planet4-belgium-stateless\/2020\/04\/2532af5c-aviation-1365x1366.jpg 1365w, https:\/\/www.greenpeace.org\/static\/planet4-belgium-stateless\/2020\/04\/2532af5c-aviation-340x340.jpg 340w\"\n\t\t\t\t\t\tsizes=\"(min-width: 1000px) 358px, (min-width: 780px) 313px, 88px\"\n\t\t\t\t\t\talt=\"\" title=\"\"\n\t\t\t\t\/>\n            \t\t\t<div class=\"boxout-content\">\n\t\t\t\t\t\t\t\t\t<a\n\t\t\t\t\t\tclass=\"boxout-heading medium\"\n\t\t\t\t\t\tdata-ga-category=\"Take Action Boxout\"\n\t\t\t\t\t\tdata-ga-action=\"Title\"\n\t\t\t\t\t\tdata-ga-label=\"n\/a\"\n\t\t\t\t\t\thref=\"https:\/\/act.greenpeace.org\/page\/59925\/action\/1?locale=fr-BE\"\n\t\t\t\t\t\ttarget=\"_blank\"\n\t\t\t\t\t>\n\t\t\t\t\t\tPas de ch\u00e8que en blanc pour l&rsquo;aviation\n\t\t\t\t\t<\/a>\n\t\t\t\t\t\t\t\t                                    <a\n                        class=\"btn btn-primary\"\n                        data-ga-category=\"Take Action Boxout\"\n                        data-ga-action=\"Call to Action\"\n                        data-ga-label=\"n\/a\"\n                        href=\"https:\/\/act.greenpeace.org\/page\/59925\/action\/1?locale=fr-BE\"\n                        target=\"_blank\"\n                    >\n                        Je signe\n                    <\/a>\n                \t\t\t<\/div>\n\t\t\t\t\t<\/section>\n\t\n<span class=\"mid-button-fix\"><a class=\"cta-blog-button-mid\" href=\"https:\/\/act.greenpeace.org\/page\/59925\/action\/1?locale=fr-BE&amp;_ga=2.179905060.1621940275.1588577594-697749133.1586434838\" target=\"_blank\" rel=\"noopener noreferrer\">Appel aux ministres : pas de ch\u00e8que en blanc pour l\u2019aviation<\/a><\/span>\n\n<h3 class=\"wp-block-heading\">Aider les employ\u00e9s et prot\u00e9ger le climat<\/h3>\n\n<figure class=\"wp-block-image size-large  caption-style-blue-overlay caption-alignment-center\"><img loading=\"lazy\" decoding=\"async\" width=\"999\" height=\"663\" src=\"https:\/\/www.greenpeace.org\/static\/planet4-belgium-stateless\/2020\/05\/b5ce04c6-brussels_airlines_action2.jpg\" alt=\"ACTION pour soutenir le climat et les travailleurs #brusselsairlines\" class=\"wp-image-15169\" srcset=\"https:\/\/www.greenpeace.org\/static\/planet4-belgium-stateless\/2020\/05\/b5ce04c6-brussels_airlines_action2.jpg 999w, https:\/\/www.greenpeace.org\/static\/planet4-belgium-stateless\/2020\/05\/b5ce04c6-brussels_airlines_action2-300x199.jpg 300w, https:\/\/www.greenpeace.org\/static\/planet4-belgium-stateless\/2020\/05\/b5ce04c6-brussels_airlines_action2-768x510.jpg 768w, https:\/\/www.greenpeace.org\/static\/planet4-belgium-stateless\/2020\/05\/b5ce04c6-brussels_airlines_action2-510x338.jpg 510w\" sizes=\"auto, (max-width: 999px) 100vw, 999px\" \/><\/figure>\n\n<p>Le gouvernement est sur le point d&rsquo;octroyer une aide d&rsquo;\u00c9tat \u00e0 Brussels Airlines en difficult\u00e9. La compagnie a\u00e9rienne demande 290 millions d&rsquo;euros mais n&rsquo;offre aucune garantie \u00e0 ses employ\u00e9s et ne mentionne \u00e0 aucun moment l\u2019urgence climatique.<\/p>\n\n<p>Pour notre association, l\u2019argent de renflouement doit permettre d\u2019\u00e9viter une catastrophe sociale, pas de relancer de plus belle le secteur de l\u2019aviation. Ce secteur doit respecter, de fa\u00e7on contraignante, l\u2019objectif inscrit dans l\u2019accord de Paris, c\u2019est-\u00e0-dire limiter le r\u00e9chauffement climatique \u00e0 1,5 degr\u00e9s. Cela implique une r\u00e9duction significative de la demande de l\u2019aviation par rapport au niveau d\u2019avant la crise. Un premier pas concret serait la suppression des vols courts-courriers vers les pays voisins lorsqu\u2019il existe une alternative avec un bus ou un train (de nuit) et le d\u00e9veloppement de ces alternatives justement.&nbsp;<\/p>\n\n<p>Au total, l&rsquo;industrie a\u00e9rienne europ\u00e9enne r\u00e9clame pr\u00e8s de 26 milliards d\u2019euros aux \u00c9tats europ\u00e9ens sans offrir de r\u00e9elles garanties en mati\u00e8re d\u2019emploi ou en mati\u00e8re environnementale. Cela, alors qu\u2019avant la crise, les \u00e9missions de gaz \u00e0 effet de serre de l\u2019aviation augmentaient de fa\u00e7on exponentielle.<\/p>\n\n<h3 class=\"wp-block-heading\">L\u2019enjeu est important&nbsp;<\/h3>\n\n<figure class=\"wp-block-image size-large  caption-style-blue-overlay caption-alignment-center\"><img loading=\"lazy\" decoding=\"async\" width=\"999\" height=\"663\" src=\"https:\/\/www.greenpeace.org\/static\/planet4-belgium-stateless\/2020\/05\/532b4ea4-brussels_airlines_action1.jpg\" alt=\"ACTION pour soutenir le climat et les travailleurs #brusselsairlines\" class=\"wp-image-15156\" srcset=\"https:\/\/www.greenpeace.org\/static\/planet4-belgium-stateless\/2020\/05\/532b4ea4-brussels_airlines_action1.jpg 999w, https:\/\/www.greenpeace.org\/static\/planet4-belgium-stateless\/2020\/05\/532b4ea4-brussels_airlines_action1-300x199.jpg 300w, https:\/\/www.greenpeace.org\/static\/planet4-belgium-stateless\/2020\/05\/532b4ea4-brussels_airlines_action1-768x510.jpg 768w, https:\/\/www.greenpeace.org\/static\/planet4-belgium-stateless\/2020\/05\/532b4ea4-brussels_airlines_action1-510x338.jpg 510w\" sizes=\"auto, (max-width: 999px) 100vw, 999px\" \/><\/figure>\n\n<p>Injecter aveugl\u00e9ment de l\u2019argent dans un secteur polluant aujourd\u2019hui, c\u2019est alimenter l\u2019urgence climatique sans offrir de r\u00e9elle perspective d\u2019emplois \u00e0 moyen ou long terme. C\u2019est pourquoi, <a href=\"https:\/\/www.greenpeace.org\/belgium\/fr\/rapports\/15109\/aides-detat-pour-les-compagnies-aeriennes-pas-sans-garanties-sociales-et-climatiques\/\">Greenpeace exige que tout aide financi\u00e8re accord\u00e9e soit li\u00e9es \u00e0 des garanties de protection et de concertation sociales, ainsi qu\u2019\u00e0 des objectifs climatiques ambitieux<\/a> qui doivent concerner toutes les compagnies a\u00e9riennes. Vous aussi, demander \u00e0 nos ministres de prendre leurs responsabilit\u00e9s !&nbsp;<\/p>\n\n<a class=\"cta-blog-button\" href=\"https:\/\/act.greenpeace.org\/page\/59925\/action\/1?locale=fr-BE&amp;_ga=2.179905060.1621940275.1588577594-697749133.1586434838\" target=\"_blank\" rel=\"noopener noreferrer\">J\u2019interpelle nos ministres<\/a>\n\n<span class=\"shareSocialArea\">\n<a class=\"shareFacebook\" href=\"https:\/\/www.facebook.com\/sharer\/sharer.php?u=https:\/\/www.greenpeace.org\/belgium\/fr\/blog\/15154\/action-pour-soutenir-le-climat-et-les-travailleurs-brusselsairlines\/\" target=\"_blank\" rel=\"noopener noreferrer\">Je partage sur Facebook<\/a>\n<a class=\"shareTwitter\" href=\"https:\/\/twitter.com\/share?url=https:\/\/www.greenpeace.org\/belgium\/fr\/blog\/15154\/action-pour-soutenir-le-climat-et-les-travailleurs-brusselsairlines\/&amp;text=ACTION%20pour%20soutenir%20le%20climat%20et%20les%20travailleurs%20#brusselsairlines%20-%20Greenpeace%20demande%20que%20toute%20aide%20financi%C3%A8re%20accord%C3%A9e%20aux%20compagnies%20a%C3%A9riennes%20comme%20Brussels%20Airlines%20serve%20%C3%A0%20la%20protection%20et%20%C3%A0%20la%20reconversion%20des%20employ%C3%A9s%20ainsi%20qu%E2%80%99%C3%A0%20un%20plan%20climat%20ambitieux.%20via%20@greenpeace_be&amp;related=greenpeace_be\" target=\"_blank\" rel=\"noopener noreferrer\">Je partage sur Twitter<\/a>\n<a class=\"shareWhatsapp\" href=\"https:\/\/api.whatsapp.com\/send?text=ACTION+pour+soutenir+le+climat+et+les+travailleurs+%23brusselsairlines+https%3A%2F%2Fwww.greenpeace.org%2Fbelgium%2Ffr%2Fblog%2F15154%2Faction-pour-soutenir-le-climat-et-les-travailleurs-brusselsairlines%2F\" target=\"_blank\" rel=\"noopener noreferrer\">Je partage sur Whatsapp<\/a>\n<\/span>\n\n<table class=\"hideme\" style=\"width: 100%;\" width=\"100%\">\n<tbody>\n<tr style=\"width: 100%;\">\n<td class=\"icon\"><a href=\"https:\/\/www.facebook.com\/greenpeace.belgium\" target=\"_blank\" rel=\"noopener noreferrer\">\n<img decoding=\"async\" title=\"Facebook\" src=\"https:\/\/www.greenpeace.org\/static\/planet4-belgium-stateless\/2019\/09\/09281872-fb.png\" alt=\"Facebook\" width=\"100%\">\n<\/a><\/td>\n<td class=\"name\"><a href=\"https:\/\/www.facebook.com\/greenpeace.belgium\" target=\"_blank\" rel=\"noopener noreferrer\">\nFacebook\n<\/a><\/td>\n<td class=\"icon\"><a href=\"https:\/\/www.instagram.com\/greenpeace_be\/\" target=\"_blank\" rel=\"noopener noreferrer\">\n<img decoding=\"async\" title=\"Instagram\" src=\"https:\/\/www.greenpeace.org\/static\/planet4-belgium-stateless\/2019\/09\/89871ad4-insta.png\" alt=\"Instagram\" width=\"100%\">\n<\/a><\/td>\n<td class=\"name\"><a href=\"https:\/\/www.instagram.com\/greenpeace_be\/\" target=\"_blank\" rel=\"noopener noreferrer\">\nInstagram\n<\/a><\/td>\n<td class=\"icon\"><a href=\"https:\/\/twitter.com\/greenpeace_be\" target=\"_blank\" rel=\"noopener noreferrer\">\n<img decoding=\"async\" title=\"Twitter\" src=\"https:\/\/www.greenpeace.org\/static\/planet4-belgium-stateless\/2019\/09\/aebb8c6a-tw.png\" alt=\"Twitter\" width=\"100%\">\n<\/a><\/td>\n<td class=\"name\"><a href=\"https:\/\/twitter.com\/greenpeace_be\" target=\"_blank\" rel=\"noopener noreferrer\">\nTwitter\n<\/a><\/td>\n<td class=\"icon\"><a href=\"https:\/\/www.youtube.com\/user\/GreenpeaceBelgium\" target=\"_blank\" rel=\"noopener noreferrer\">\n<img decoding=\"async\" title=\"YouTube\" src=\"https:\/\/www.greenpeace.org\/static\/planet4-belgium-stateless\/2019\/09\/4fd7759c-yt.png\" alt=\"YouTube\" width=\"100%\">\n<\/a><\/td>\n<td class=\"name\"><a href=\"https:\/\/www.youtube.com\/user\/GreenpeaceBelgium\" target=\"_blank\" rel=\"noopener noreferrer\">\nYouTube\n<\/a><\/td>\n<\/tr>\n<\/tbody>\n<\/table>\n","protected":false},"excerpt":{"rendered":"<p>Ce matin, Greenpeace a inscrit le message \u201cClimate and workers first #brusselsairlines\u201d sur les passages pi\u00e9tons devant la chancellerie de la Premi\u00e8re ministre Sophie Wilm\u00e8s ainsi que devant le cabinet&hellip;<\/p>\n","protected":false},"author":49,"featured_media":15156,"comment_status":"closed","ping_status":"closed","sticky":false,"template":"","format":"standard","meta":{"ep_exclude_from_search":false,"p4_og_title":"ACTION pour soutenir le climat et les travailleurs #brusselsairlines","p4_og_description":"Greenpeace demande que toute aide financi\u00e8re accord\u00e9e aux compagnies a\u00e9riennes comme Brussels Airlines serve \u00e0 la protection et \u00e0 la reconversion des employ\u00e9s ainsi qu\u2019\u00e0 un plan climat ambitieux.","p4_og_image":"","p4_og_image_id":"","p4_seo_canonical_url":"","p4_campaign_name":"not set","p4_local_project":"not set","p4_basket_name":"not set","p4_department":"","footnotes":""},"categories":[106],"tags":[74,86],"p4-page-type":[116],"class_list":["post-15154","post","type-post","status-publish","format-standard","has-post-thumbnail","hentry","category-il-est-encore-temps","tag-mobilite","tag-climat","p4-page-type-actualites-blog"],"_links":{"self":[{"href":"https:\/\/www.greenpeace.org\/belgium\/fr\/wp-json\/wp\/v2\/posts\/15154","targetHints":{"allow":["GET"]}}],"collection":[{"href":"https:\/\/www.greenpeace.org\/belgium\/fr\/wp-json\/wp\/v2\/posts"}],"about":[{"href":"https:\/\/www.greenpeace.org\/belgium\/fr\/wp-json\/wp\/v2\/types\/post"}],"author":[{"embeddable":true,"href":"https:\/\/www.greenpeace.org\/belgium\/fr\/wp-json\/wp\/v2\/users\/49"}],"replies":[{"embeddable":true,"href":"https:\/\/www.greenpeace.org\/belgium\/fr\/wp-json\/wp\/v2\/comments?post=15154"}],"version-history":[{"count":5,"href":"https:\/\/www.greenpeace.org\/belgium\/fr\/wp-json\/wp\/v2\/posts\/15154\/revisions"}],"predecessor-version":[{"id":15175,"href":"https:\/\/www.greenpeace.org\/belgium\/fr\/wp-json\/wp\/v2\/posts\/15154\/revisions\/15175"}],"wp:featuredmedia":[{"embeddable":true,"href":"https:\/\/www.greenpeace.org\/belgium\/fr\/wp-json\/wp\/v2\/media\/15156"}],"wp:attachment":[{"href":"https:\/\/www.greenpeace.org\/belgium\/fr\/wp-json\/wp\/v2\/media?parent=15154"}],"wp:term":[{"taxonomy":"category","embeddable":true,"href":"https:\/\/www.greenpeace.org\/belgium\/fr\/wp-json\/wp\/v2\/categories?post=15154"},{"taxonomy":"post_tag","embeddable":true,"href":"https:\/\/www.greenpeace.org\/belgium\/fr\/wp-json\/wp\/v2\/tags?post=15154"},{"taxonomy":"p4-page-type","embeddable":true,"href":"https:\/\/www.greenpeace.org\/belgium\/fr\/wp-json\/wp\/v2\/p4-page-type?post=15154"}],"curies":[{"name":"wp","href":"https:\/\/api.w.org\/{rel}","templated":true}]}}