{"id":15355,"date":"2020-05-19T07:27:25","date_gmt":"2020-05-19T06:27:25","guid":{"rendered":"https:\/\/www.greenpeace.org\/belgium\/?p=15355"},"modified":"2020-05-20T08:27:04","modified_gmt":"2020-05-20T07:27:04","slug":"activite-diy-je-construis-un-hotel-a-abeilles","status":"publish","type":"post","link":"https:\/\/www.greenpeace.org\/belgium\/fr\/actualites-blog\/15355\/activite-diy-je-construis-un-hotel-a-abeilles\/","title":{"rendered":"Activit\u00e9 DIY : je construis un h\u00f4tel \u00e0 abeilles!"},"content":{"rendered":"\n<p><strong>Le 20 mai, c\u2019est la journ\u00e9e mondiale des abeilles ! L\u2019occasion id\u00e9ale de mettre \u00e0 l\u2019honneur ces petits insectes qui font \u00e9norm\u00e9ment de bien \u00e0 notre plan\u00e8te mais qui pourtant, sont menac\u00e9s de disparition. En cause (entre autres) les pesticides mais aussi le changement climatique, la pollution ou encore les monocultures. Et si pour maintenir l\u2019esp\u00e8ce en vie, vous leur fabriquiez un h\u00f4tel o\u00f9 venir se reposer ? Suivez le guide pour construire votre h\u00f4tel \u00e0 abeilles !<\/strong><\/p>\n\t\t\t<section\n\t\t\tclass=\"boxout  \"\n\t\t\t\n\t\t>\n\t\t\t<a\n\t\t\t\tdata-ga-category=\"Take Action Boxout\"\n\t\t\t\tdata-ga-action=\"Image\"\n\t\t\t\tdata-ga-label=\"n\/a\"\n\t\t\t\tclass=\"cover-card-overlay\"\n\t\t\t\thref=\"https:\/\/www.pinterest.com\/greenpeacebe\/agriculture-garden\/\" target=\"_blank\"\n\t\t\t><\/a>\n\t\t\t\t\t\t\t<img\n\t\t\t\t\t\tsrc=\"https:\/\/www.greenpeace.org\/static\/planet4-belgium-stateless\/2020\/03\/705713b6-water.jpg\"\n\t\t\t\t\t\tsrcset=\"https:\/\/www.greenpeace.org\/static\/planet4-belgium-stateless\/2020\/03\/705713b6-water-300x199.jpg 300w, https:\/\/www.greenpeace.org\/static\/planet4-belgium-stateless\/2020\/03\/705713b6-water-768x510.jpg 768w, https:\/\/www.greenpeace.org\/static\/planet4-belgium-stateless\/2020\/03\/705713b6-water-510x338.jpg 510w, https:\/\/www.greenpeace.org\/static\/planet4-belgium-stateless\/2020\/03\/705713b6-water.jpg 999w\"\n\t\t\t\t\t\tsizes=\"(min-width: 1000px) 358px, (min-width: 780px) 313px, 88px\"\n\t\t\t\t\t\talt=\"\" title=\"\"\n\t\t\t\t\/>\n            \t\t\t<div class=\"boxout-content\">\n\t\t\t\t\t\t\t\t\t<a\n\t\t\t\t\t\tclass=\"boxout-heading medium\"\n\t\t\t\t\t\tdata-ga-category=\"Take Action Boxout\"\n\t\t\t\t\t\tdata-ga-action=\"Title\"\n\t\t\t\t\t\tdata-ga-label=\"n\/a\"\n\t\t\t\t\t\thref=\"https:\/\/www.pinterest.com\/greenpeacebe\/agriculture-garden\/\"\n\t\t\t\t\t\ttarget=\"_blank\"\n\t\t\t\t\t>\n\t\t\t\t\t\tPlus d&rsquo;information sur le jardinage vert ? \n\t\t\t\t\t<\/a>\n\t\t\t\t\t\t\t\t                                    <a\n                        class=\"btn btn-primary\"\n                        data-ga-category=\"Take Action Boxout\"\n                        data-ga-action=\"Call to Action\"\n                        data-ga-label=\"n\/a\"\n                        href=\"https:\/\/www.pinterest.com\/greenpeacebe\/agriculture-garden\/\"\n                        target=\"_blank\"\n                    >\n                        Consultez nos pages Pinterest\n                    <\/a>\n                \t\t\t<\/div>\n\t\t\t\t\t<\/section>\n\t\n<span class=\"mid-button-fix\"><a class=\"cta-blog-button-mid\" href=\"https:\/\/www.pinterest.com\/greenpeacebe\/agriculture-garden\/\" target=\"_blank\" rel=\"noopener noreferrer\">Consultez nos pages pinterest d\u00e9di\u00e9es au jardinage<\/a><\/span>\n\n<h3 class=\"wp-block-heading\">Je construis un h\u00f4tel \u00e0 abeilles<\/h3>\n\n<figure class=\"wp-block-image size-large  caption-style-blue-overlay caption-alignment-center\"><img loading=\"lazy\" decoding=\"async\" width=\"999\" height=\"663\" src=\"https:\/\/www.greenpeace.org\/static\/planet4-belgium-stateless\/2020\/05\/5c2b25ff-bee_hotel.jpg\" alt=\"Activit\u00e9 DIY : je construis un h\u00f4tel \u00e0 abeilles !\" class=\"wp-image-15360\" srcset=\"https:\/\/www.greenpeace.org\/static\/planet4-belgium-stateless\/2020\/05\/5c2b25ff-bee_hotel.jpg 999w, https:\/\/www.greenpeace.org\/static\/planet4-belgium-stateless\/2020\/05\/5c2b25ff-bee_hotel-300x199.jpg 300w, https:\/\/www.greenpeace.org\/static\/planet4-belgium-stateless\/2020\/05\/5c2b25ff-bee_hotel-768x510.jpg 768w, https:\/\/www.greenpeace.org\/static\/planet4-belgium-stateless\/2020\/05\/5c2b25ff-bee_hotel-510x338.jpg 510w\" sizes=\"auto, (max-width: 999px) 100vw, 999px\" \/><\/figure>\n\n<p>Allons au plus simple ! Pour construire votre h\u00f4tel \u00e0 abeilles, vous avez besoin de :&nbsp;<\/p>\n\n<ul class=\"wp-block-list\"><li>Une b\u00fbche d\u2019environ 20 centim\u00e8tres de diam\u00e8tre<\/li><li>Quelques tiges creuses : le roseau et le bambou feront l\u2019affaire !<\/li><li>Deux petites planches qui feront office de toit de l\u2019h\u00f4tel<\/li><li>Quelques vis et une perceuse&nbsp;<\/li><\/ul>\n\n<p><strong>\u00c9tape 1<\/strong><\/p>\n\n<p>Prenez votre b\u00fbche (vous pouvez utiliser des essences comme le bouleau, le ch\u00eane ou encore le h\u00eatre) et percez-y des trous de 10 centim\u00e8tres de profondeur au moins, de diam\u00e8tre variable de 5 \u00e0 10 millim\u00e8tres. Pr\u00e9voyez un espace d\u2019environ 2 cm entre les trous. Evitez de transpercer la b\u00fbche.&nbsp;<\/p>\n\n<p><strong>\u00c9tape 2<\/strong><\/p>\n\n<p>Veillez \u00e0 ce que les parois des trous soient aussi lisses que possible pour \u00e9viter de causer du tort aux abeilles.&nbsp;<\/p>\n\n<p><strong>\u00c9tape 3<\/strong><\/p>\n\n<p>Recouvrez la b\u00fbche au moyen de deux petites planches en bois (comme un toit inclin\u00e9). Celles-ci prot\u00e9geront efficacement les abeilles en cas de pluie.&nbsp;<\/p>\n\n<p><strong>\u00c9tape 4<\/strong><\/p>\n\n<p>Entre la b\u00fbche et le sommet du toit, ajoutez quelques tiges creuses bouch\u00e9es dans le fond. Utilisez pour cela du bambou ou des roseaux. Les abeilles appr\u00e9cieront.&nbsp;<\/p>\n\n<p><strong>\u00c9tape 5<\/strong><\/p>\n\n<p>Enfin, placez votre h\u00f4tel \u00e0 environ 50 cm du sol dans un endroit ensoleill\u00e9 orient\u00e9 au sud, tout pr\u00e8s d\u2019un parterre de fleurs mellif\u00e8res.&nbsp;<\/p>\n\n<h3 class=\"wp-block-heading\">Le saviez-vous ?<\/h3>\n\n<figure class=\"wp-block-image size-large  caption-style-blue-overlay caption-alignment-center\"><img loading=\"lazy\" decoding=\"async\" width=\"999\" height=\"663\" src=\"https:\/\/www.greenpeace.org\/static\/planet4-belgium-stateless\/2020\/05\/599ddf82-bee_flower.jpg\" alt=\"Activit\u00e9 DIY : je construis un h\u00f4tel \u00e0 abeilles!\" class=\"wp-image-15411\" srcset=\"https:\/\/www.greenpeace.org\/static\/planet4-belgium-stateless\/2020\/05\/599ddf82-bee_flower.jpg 999w, https:\/\/www.greenpeace.org\/static\/planet4-belgium-stateless\/2020\/05\/599ddf82-bee_flower-300x199.jpg 300w, https:\/\/www.greenpeace.org\/static\/planet4-belgium-stateless\/2020\/05\/599ddf82-bee_flower-768x510.jpg 768w, https:\/\/www.greenpeace.org\/static\/planet4-belgium-stateless\/2020\/05\/599ddf82-bee_flower-510x338.jpg 510w\" sizes=\"auto, (max-width: 999px) 100vw, 999px\" \/><\/figure>\n\n<p>Environ 4000 vari\u00e9t\u00e9s de fruits et l\u00e9gumes n\u2019existeraient pas sans la pollinisation, et 75 % de la production mondiale de nourriture d\u00e9pend des insectes pollinisateurs dont les abeilles. Si elles venaient \u00e0 dispara\u00eetre, c\u2019est tout l\u2019\u00e9cosyst\u00e8me de la plan\u00e8te qui serait profond\u00e9ment boulevers\u00e9.&nbsp; Cela suffit \u00e0 vouloir les prot\u00e9ger, non ?&nbsp;<\/p>\n\n<h3 class=\"wp-block-heading\">Dernier conseil pour aider les abeilles<\/h3>\n\n<p>Chez<strong> <\/strong>vous, dans votre jardin ou sur votre balcon, abusez de plantes et de fleurs mellif\u00e8res. Les abeilles y pr\u00e9l\u00e8vent le nectar et le pollen. Ces v\u00e9g\u00e9taux existent \u00e0 profusion, alors n\u2019h\u00e9sitez pas \u00e0 faire votre choix. Utilisez vos propres graines ou achetez des fleurs bio, le but \u00e9tant bien s\u00fbr aussi d\u2019\u00e9viter \u00e0 ce que les abeilles soient expos\u00e9es aux pesticides.&nbsp;&nbsp;<\/p>\n\n<p>N\u2019h\u00e9sitez pas \u00e0 planter des asters, soucis, capucines, bourraches, per\u00e7ues souvent comme une \u201cmauvais herbe\u201d mais dont les abeilles sont friandes. Optez pour des esp\u00e8ces locales, adapt\u00e9es au climat de chez nous, et ne n\u00e9cessitant que peu de soin. N\u2019oubliez pas les aromatiques. Leur floraison est \u00e9tal\u00e9e dans le temps ce qui poussera les abeilles \u00e0 rester chez vous une bonne partie de l\u2019ann\u00e9e.<\/p>\n\n<a class=\"cta-blog-button\" href=\"https:\/\/www.pinterest.com\/greenpeacebe\/agriculture-garden\/\" target=\"_blank\" rel=\"noopener noreferrer\">Consultez nos pages pinterest d\u00e9di\u00e9es au jardinage<\/a>\n\n<span class=\"shareSocialArea\">\n<a class=\"shareFacebook\" href=\"https:\/\/www.facebook.com\/sharer\/sharer.php?u=https:\/\/www.greenpeace.org\/belgium\/fr\/blog\/15355\/activite-diy-je-construis-un-hotel-a-abeilles\/\" target=\"_blank\" rel=\"noopener noreferrer\">Je partage sur Facebook<\/a>\n<a class=\"shareTwitter\" href=\"https:\/\/twitter.com\/share?url=https:\/\/www.greenpeace.org\/belgium\/fr\/blog\/15355\/activite-diy-je-construis-un-hotel-a-abeilles\/&amp;text=Activit%C3%A9%20DIY%20:%20je%20construis%20un%20h%C3%B4tel%20%C3%A0%20abeilles%20!%20-%20Le%2020%20mai,%20c%E2%80%99est%20la%20journ%C3%A9e%20mondiale%20des%20abeilles%20!%20L%E2%80%99occasion%20id%C3%A9ale%20de%20mettre%20%C3%A0%20l%E2%80%99honneur%20ces%20petits%20insectes%20et%20de%20leur%20fabriquer%20un%20h%C3%B4tel%20o%C3%B9%20venir%20se%20reposer.%20via%20@greenpeace_be&amp;related=greenpeace_be\" target=\"_blank\" rel=\"noopener noreferrer\">Je partage sur Twitter<\/a>\n<a class=\"shareWhatsapp\" href=\"https:\/\/api.whatsapp.com\/send?text=Activit%C3%A9+DIY+%3A+je+construis+un+h%C3%B4tel+%C3%A0+abeilles+%21+https%3A%2F%2Fwww.greenpeace.org%2Fbelgium%2Ffr%2Fblog%2F15355%2Factivite-diy-je-construis-un-hotel-a-abeilles%2F\" target=\"_blank\" rel=\"noopener noreferrer\">Je partage sur Whatsapp<\/a>\n<\/span>\n\n<table class=\"hideme\" style=\"width: 100%;\" width=\"100%\">\n<tbody>\n<tr style=\"width: 100%;\">\n<td class=\"icon\"><a href=\"https:\/\/www.facebook.com\/greenpeace.belgium\" target=\"_blank\" rel=\"noopener noreferrer\">\n<img decoding=\"async\" title=\"Facebook\" src=\"https:\/\/www.greenpeace.org\/static\/planet4-belgium-stateless\/2019\/09\/09281872-fb.png\" alt=\"Facebook\" width=\"100%\">\n<\/a><\/td>\n<td class=\"name\"><a href=\"https:\/\/www.facebook.com\/greenpeace.belgium\" target=\"_blank\" rel=\"noopener noreferrer\">\nFacebook\n<\/a><\/td>\n<td class=\"icon\"><a href=\"https:\/\/www.instagram.com\/greenpeace_be\/\" target=\"_blank\" rel=\"noopener noreferrer\">\n<img decoding=\"async\" title=\"Instagram\" src=\"https:\/\/www.greenpeace.org\/static\/planet4-belgium-stateless\/2019\/09\/89871ad4-insta.png\" alt=\"Instagram\" width=\"100%\">\n<\/a><\/td>\n<td class=\"name\"><a href=\"https:\/\/www.instagram.com\/greenpeace_be\/\" target=\"_blank\" rel=\"noopener noreferrer\">\nInstagram\n<\/a><\/td>\n<td class=\"icon\"><a href=\"https:\/\/twitter.com\/greenpeace_be\" target=\"_blank\" rel=\"noopener noreferrer\">\n<img decoding=\"async\" title=\"Twitter\" src=\"https:\/\/www.greenpeace.org\/static\/planet4-belgium-stateless\/2019\/09\/aebb8c6a-tw.png\" alt=\"Twitter\" width=\"100%\">\n<\/a><\/td>\n<td class=\"name\"><a href=\"https:\/\/twitter.com\/greenpeace_be\" target=\"_blank\" rel=\"noopener noreferrer\">\nTwitter\n<\/a><\/td>\n<td class=\"icon\"><a href=\"https:\/\/www.youtube.com\/user\/GreenpeaceBelgium\" target=\"_blank\" rel=\"noopener noreferrer\">\n<img decoding=\"async\" title=\"YouTube\" src=\"https:\/\/www.greenpeace.org\/static\/planet4-belgium-stateless\/2019\/09\/4fd7759c-yt.png\" alt=\"YouTube\" width=\"100%\">\n<\/a><\/td>\n<td class=\"name\"><a href=\"https:\/\/www.youtube.com\/user\/GreenpeaceBelgium\" target=\"_blank\" rel=\"noopener noreferrer\">\nYouTube\n<\/a><\/td>\n<td class=\"icon\"><a href=\"https:\/\/www.pinterest.com\/greenpeacebe\/\" target=\"_blank\" rel=\"noopener noreferrer\">\n<img decoding=\"async\" title=\"YouTube\" src=\"https:\/\/www.greenpeace.org\/static\/planet4-belgium-stateless\/2020\/05\/4454201c-pinterest.png\" alt=\"Pinterest\" width=\"100%\">\n<\/a><\/td>\n<td class=\"name\"><a href=\"https:\/\/www.pinterest.com\/greenpeacebe\/\" target=\"_blank\" rel=\"noopener noreferrer\">\nPinterest\n<\/a><\/td>\n<\/tr>\n<\/tbody>\n<\/table>\n\n","protected":false},"excerpt":{"rendered":"<p>Le 20 mai, c\u2019est la journ\u00e9e mondiale des abeilles ! L\u2019occasion id\u00e9ale de mettre \u00e0 l\u2019honneur ces petits insectes qui font \u00e9norm\u00e9ment de bien \u00e0 notre plan\u00e8te mais qui pourtant,&hellip;<\/p>\n","protected":false},"author":49,"featured_media":15411,"comment_status":"closed","ping_status":"closed","sticky":false,"template":"","format":"standard","meta":{"ep_exclude_from_search":false,"p4_og_title":"Activit\u00e9 DIY : je construis un h\u00f4tel \u00e0 abeilles !","p4_og_description":"<p>Le 20 mai, c\u2019est la journ\u00e9e mondiale des abeilles ! L\u2019occasion id\u00e9ale de mettre \u00e0 l\u2019honneur ces petits insectes et de leur fabriquer un h\u00f4tel o\u00f9 venir se reposer.<\/p>","p4_og_image":"","p4_og_image_id":"","p4_seo_canonical_url":"","p4_campaign_name":"not set","p4_local_project":"not set","p4_basket_name":"not set","p4_department":"","footnotes":""},"categories":[107,1],"tags":[78],"p4-page-type":[116],"class_list":["post-15355","post","type-post","status-publish","format-standard","has-post-thumbnail","hentry","category-ensemble-nous-sommes-la-solution","category-non-classifiee","tag-conseils","p4-page-type-actualites-blog"],"_links":{"self":[{"href":"https:\/\/www.greenpeace.org\/belgium\/fr\/wp-json\/wp\/v2\/posts\/15355","targetHints":{"allow":["GET"]}}],"collection":[{"href":"https:\/\/www.greenpeace.org\/belgium\/fr\/wp-json\/wp\/v2\/posts"}],"about":[{"href":"https:\/\/www.greenpeace.org\/belgium\/fr\/wp-json\/wp\/v2\/types\/post"}],"author":[{"embeddable":true,"href":"https:\/\/www.greenpeace.org\/belgium\/fr\/wp-json\/wp\/v2\/users\/49"}],"replies":[{"embeddable":true,"href":"https:\/\/www.greenpeace.org\/belgium\/fr\/wp-json\/wp\/v2\/comments?post=15355"}],"version-history":[{"count":9,"href":"https:\/\/www.greenpeace.org\/belgium\/fr\/wp-json\/wp\/v2\/posts\/15355\/revisions"}],"predecessor-version":[{"id":15473,"href":"https:\/\/www.greenpeace.org\/belgium\/fr\/wp-json\/wp\/v2\/posts\/15355\/revisions\/15473"}],"wp:featuredmedia":[{"embeddable":true,"href":"https:\/\/www.greenpeace.org\/belgium\/fr\/wp-json\/wp\/v2\/media\/15411"}],"wp:attachment":[{"href":"https:\/\/www.greenpeace.org\/belgium\/fr\/wp-json\/wp\/v2\/media?parent=15355"}],"wp:term":[{"taxonomy":"category","embeddable":true,"href":"https:\/\/www.greenpeace.org\/belgium\/fr\/wp-json\/wp\/v2\/categories?post=15355"},{"taxonomy":"post_tag","embeddable":true,"href":"https:\/\/www.greenpeace.org\/belgium\/fr\/wp-json\/wp\/v2\/tags?post=15355"},{"taxonomy":"p4-page-type","embeddable":true,"href":"https:\/\/www.greenpeace.org\/belgium\/fr\/wp-json\/wp\/v2\/p4-page-type?post=15355"}],"curies":[{"name":"wp","href":"https:\/\/api.w.org\/{rel}","templated":true}]}}