{"id":15663,"date":"2020-06-04T14:45:55","date_gmt":"2020-06-04T13:45:55","guid":{"rendered":"https:\/\/www.greenpeace.org\/belgium\/?p=15663"},"modified":"2021-12-01T14:09:48","modified_gmt":"2021-12-01T13:09:48","slug":"quel-lien-entre-exploitation-miniere-en-haute-mer-et-mobilite-durable","status":"publish","type":"post","link":"https:\/\/www.greenpeace.org\/belgium\/fr\/actualites-blog\/15663\/quel-lien-entre-exploitation-miniere-en-haute-mer-et-mobilite-durable\/","title":{"rendered":"Quel lien entre exploitation mini\u00e8re en haute mer et mobilit\u00e9 durable ?"},"content":{"rendered":"\n<p><strong>La Belgique soutient le d\u00e9veloppement de l\u2019exploitation mini\u00e8re des grands fonds marins dans l\u2019Oc\u00e9an Pacifique via le <\/strong><a href=\"https:\/\/www.greenpeace.org\/belgium\/fr\/blog\/15241\/mais-que-se-trame-t-il-au-fond-des-oceans\/\"><strong>parrainage<\/strong><\/a><strong> d\u2019un contrat d\u2019exploration pour une entreprise belge. L\u2019un des arguments cl\u00e9s des acteurs industriels impliqu\u00e9s, est que nous en aurons besoin pour fournir les mat\u00e9riaux n\u00e9cessaires pour des produits \u00e9lectroniques comme les batteries pour le transport \u00e9lectrique. Cette exploitation n\u2019est pourtant pas incontournable et de plus en plus de voix s\u2019\u00e9l\u00e8vent contre cette activit\u00e9 qui cause des dommages irr\u00e9versibles aux \u00e9cosyst\u00e8mes des grands fonds marins, ces lieux tr\u00e8s mal connus.<\/strong><\/p>\n\n<figure class=\"wp-block-image size-large  caption-style-medium caption-alignment-center\"><img loading=\"lazy\" decoding=\"async\" width=\"999\" height=\"663\" src=\"https:\/\/www.greenpeace.org\/static\/planet4-belgium-stateless\/2020\/05\/36a85e9d-dsm5.jpg\" alt=\"Quel lien entre exploitation mini\u00e8re en haute mer et mobilit\u00e9 durable ? \" class=\"wp-image-15244\" srcset=\"https:\/\/www.greenpeace.org\/static\/planet4-belgium-stateless\/2020\/05\/36a85e9d-dsm5.jpg 999w, https:\/\/www.greenpeace.org\/static\/planet4-belgium-stateless\/2020\/05\/36a85e9d-dsm5-300x199.jpg 300w, https:\/\/www.greenpeace.org\/static\/planet4-belgium-stateless\/2020\/05\/36a85e9d-dsm5-768x510.jpg 768w, https:\/\/www.greenpeace.org\/static\/planet4-belgium-stateless\/2020\/05\/36a85e9d-dsm5-510x338.jpg 510w\" sizes=\"auto, (max-width: 999px) 100vw, 999px\" \/><\/figure>\n\n<p>Parmi les mat\u00e9riaux convoit\u00e9s, citons le nickel, le cobalt, le mangan\u00e8se, le zinc. Ces mat\u00e9riaux sont utilis\u00e9s dans des produits \u00e9lectroniques tels que les smartphones et les ordinateurs, ainsi que pour le stockage de l\u2019\u00e9nergie dans des batteries de toutes sortes, y compris celles utilis\u00e9es dans les v\u00e9hicules \u00e9lectriques. <\/p>\n\n<h3 class=\"wp-block-heading\">Vers une \u00e9conomie de partage circulaire<\/h3>\n\n<p>Alors, faut-il exploiter les grands fonds marins pour cr\u00e9er les batteries de nos v\u00e9hicules \u00e9lectriques ? Non, ce n\u2019est pas n\u00e9cessaire si de nouveaux investissements sont r\u00e9alis\u00e9s dans une \u00e9conomie de partage circulaire bas\u00e9e sur une conception \u00e9cologique, durable, et innovante et sur les principes de r\u00e9utilisation, de r\u00e9novation, de r\u00e9paration et de recyclage des batteries.<\/p>\n\n<p>C\u2019est d&rsquo;ailleurs pr\u00e9cis\u00e9ment ce qui est pr\u00e9vu dans les <a href=\"https:\/\/www.sdgs.be\/fr\/sdgs\">Objectifs de D\u00e9veloppement Durables<\/a> des Nations Unies auxquels la Belgique a souscrit. Dans ces objectifs, il est dit clairement que les oc\u00e9ans, les mers et les ressources marines doivent \u00eatre pr\u00e9serv\u00e9s et doivent faire l\u2019objet d\u2019un usage durable. Il est aussi \u00e9crit que les pays doivent veiller \u00e0 ce que les modes de consommation et de production soient durables.<\/p>\n\n<span class=\"mid-button-fix\"><a class=\"cta-blog-button-mid\" href=\"https:\/\/act.greenpeace.org\/page\/63109\/petition\/1?locale=fr-BE\" target=\"_blank\" rel=\"noopener noreferrer\">Je signe pour la pr\u00e9servation des fonds marins<\/a><\/span>\n\n<h3 class=\"wp-block-heading\">Mobilit\u00e9 : une \u00e9lectrification sobre et r\u00e9fl\u00e9chie<\/h3>\n\n<figure class=\"wp-block-image size-large  caption-style-medium caption-alignment-center\"><img loading=\"lazy\" decoding=\"async\" width=\"999\" height=\"663\" src=\"https:\/\/www.greenpeace.org\/static\/planet4-belgium-stateless\/2020\/01\/8a613157-train1.jpg\" alt=\"Quel lien entre exploitation mini\u00e8re en haute mer et mobilit\u00e9 durable ? \" class=\"wp-image-8726\" srcset=\"https:\/\/www.greenpeace.org\/static\/planet4-belgium-stateless\/2020\/01\/8a613157-train1.jpg 999w, https:\/\/www.greenpeace.org\/static\/planet4-belgium-stateless\/2020\/01\/8a613157-train1-300x199.jpg 300w, https:\/\/www.greenpeace.org\/static\/planet4-belgium-stateless\/2020\/01\/8a613157-train1-768x510.jpg 768w, https:\/\/www.greenpeace.org\/static\/planet4-belgium-stateless\/2020\/01\/8a613157-train1-510x338.jpg 510w\" sizes=\"auto, (max-width: 999px) 100vw, 999px\" \/><\/figure>\n\n<p>Notre mobilit\u00e9 est l&rsquo;un des domaines dans lesquels nous devons \u0153uvrer pour une transition \u00e9quitable et renouvelable, en mettant l\u2019accent sur une utilisation durable des mat\u00e9riaux afin que nous ne devions pas avoir recours \u00e0 l\u2019extraction marine.&nbsp;<\/p>\n\n<p>La science est tr\u00e8s claire : l&rsquo;utilisation de combustibles fossiles dans nos voitures n&rsquo;est pas durable, m\u00eame \u00e0 court terme. Si nous voulons limiter <a href=\"https:\/\/www.greenpeace.org\/belgium\/fr\/rapports\/874\/2028-fin-de-parcours-pour-les-moteurs-a-combustion\/\">le r\u00e9chauffement climatique<\/a>, le passage aux v\u00e9hicules \u00e9lectriques bas\u00e9s sur des sources d&rsquo;\u00e9nergie renouvelables est n\u00e9cessaire. Mais nous devons \u00e9galement \u00eatre prudents, car il existe une forte demande pour les mat\u00e9riaux n\u00e9cessaires \u00e0 la fabrication des batteries. C&rsquo;est pourquoi il faut davantage d&rsquo;innovation dans le secteur des batteries, tant au niveau des mat\u00e9riaux que de la conception, afin de r\u00e9cup\u00e9rer beaucoup plus de mat\u00e9riaux d\u2019anciennes batteries et de ne pas recourir \u00e0 des min\u00e9raux issus de l\u2019extraction marine.<\/p>\n\n<h3 class=\"wp-block-heading\">Limiter nos d\u00e9placements<\/h3>\n\n<p>Dans la pratique, cela veut dire aussi qu\u2019il est n\u00e9cessaire de limiter nos d\u00e9placements, notamment en repensant l\u2019am\u00e9nagement du territoire, en recourant au t\u00e9l\u00e9travail, en maximisant l\u2019occupation et le chargement des v\u00e9hicules, etc.. Quand il y a des d\u00e9placements, il faut privil\u00e9gier au maximum les d\u00e9placements durables : la marche, le v\u00e9lo, les transports en commun, etc. L\u2019\u00e9lectrification, enfin, doit \u00eatre impl\u00e9ment\u00e9e en priorit\u00e9 pour les transports en commun, le fret et, dans le cadre des v\u00e9hicules particuliers, doit aller de pair avec <a href=\"https:\/\/www.lisacar.eu\/appel-pour-la-production-et-la-promotion-des-voitures-raisonnables\/\">des v\u00e9hicules de taille raisonnable<\/a>, moins puissants et partag\u00e9s pour utiliser au mieux les ressources, c\u2019est-\u00e0-dire les batteries et les mat\u00e9riaux qui les constituent.&nbsp;<\/p>\n\n<p>La pr\u00e9servation de la biodiversit\u00e9, du climat et la prise en compte des limites plan\u00e9taires sont autant de raisons de cr\u00e9er d\u00e8s aujourd\u2019hui les conditions d\u2019un d\u00e9veloppement \u00e9lectrique r\u00e9fl\u00e9chi, qui ne recourt pas \u00e0 l\u2019exploitation des grands fonds marins, en privil\u00e9giant l\u2019\u00e9conomie circulaire, le recyclage, l\u2019int\u00e9gration des batteries de voitures aux r\u00e9seaux, et en repensant notre mobilit\u00e9.<\/p>\n\n<a class=\"cta-blog-button\" href=\"https:\/\/act.greenpeace.org\/page\/63109\/petition\/1?locale=fr-BE\" target=\"_blank\" rel=\"noopener noreferrer\">Je signe pour la pr\u00e9servation des fonds marins<\/a>\n\n<span class=\"shareSocialArea\">\n<a class=\"shareFacebook\" href=\"https:\/\/www.facebook.com\/sharer\/sharer.php?u=https:\/\/www.greenpeace.org\/belgium\/fr\/blog\/15663\/quel-lien-entre-exploitation-miniere-en-haute-mer-et-mobilite-durable\/\" target=\"_blank\" rel=\"noopener noreferrer\">Je partage sur Facebook<\/a>\n<a class=\"shareTwitter\" href=\"https:\/\/twitter.com\/share?url=https:\/\/www.greenpeace.org\/belgium\/fr\/blog\/15663\/quel-lien-entre-exploitation-miniere-en-haute-mer-et-mobilite-durable\/&amp;text=Quel%20lien%20entre%20exploitation%20mini%C3%A8re%20en%20haute%20mer%20et%20mobilit%C3%A9%20durable%20?%20-%20Il%20n%27est%20n%C3%A9cessaire%20d%27exploiter%20les%20grands%20fonds%20marins%20pour%20cr%C3%A9er%20les%20batteries%20de%20nos%20v%C3%A9hicules%20%C3%A9lectriques.%20%20via%20@greenpeace_be&amp;related=greenpeace_be\" target=\"_blank\" rel=\"noopener noreferrer\">Je partage sur Twitter<\/a>\n<a class=\"shareWhatsapp\" href=\"https:\/\/api.whatsapp.com\/send?text=Quel+lien+entre+exploitation+mini%C3%A8re+en+haute+mer+et+mobilit%C3%A9+durable+%3F+https%3A%2F%2Fwww.greenpeace.org%2Fbelgium%2Ffr%2Fblog%2F15663%2Fquel-lien-entre-exploitation-miniere-en-haute-mer-et-mobilite-durable%2F\" target=\"_blank\" rel=\"noopener noreferrer\">Je partage sur Whatsapp<\/a>\n<\/span>\n\n<table class=\"hideme\" style=\"width: 100%;\" width=\"100%\">\n<tbody>\n<tr style=\"width: 100%;\">\n<td class=\"icon\"><a href=\"https:\/\/www.facebook.com\/greenpeace.belgium\" target=\"_blank\" rel=\"noopener noreferrer\">\n<img decoding=\"async\" title=\"Facebook\" src=\"https:\/\/www.greenpeace.org\/static\/planet4-belgium-stateless\/2019\/09\/09281872-fb.png\" alt=\"Facebook\" width=\"100%\">\n<\/a><\/td>\n<td class=\"name\"><a href=\"https:\/\/www.facebook.com\/greenpeace.belgium\" target=\"_blank\" rel=\"noopener noreferrer\">\nFacebook\n<\/a><\/td>\n<td class=\"icon\"><a href=\"https:\/\/www.instagram.com\/greenpeace_be\/\" target=\"_blank\" rel=\"noopener noreferrer\">\n<img decoding=\"async\" title=\"Instagram\" src=\"https:\/\/www.greenpeace.org\/static\/planet4-belgium-stateless\/2019\/09\/89871ad4-insta.png\" alt=\"Instagram\" width=\"100%\">\n<\/a><\/td>\n<td class=\"name\"><a href=\"https:\/\/www.instagram.com\/greenpeace_be\/\" target=\"_blank\" rel=\"noopener noreferrer\">\nInstagram\n<\/a><\/td>\n<td class=\"icon\"><a href=\"https:\/\/twitter.com\/greenpeace_be\" target=\"_blank\" rel=\"noopener noreferrer\">\n<img decoding=\"async\" title=\"Twitter\" src=\"https:\/\/www.greenpeace.org\/static\/planet4-belgium-stateless\/2019\/09\/aebb8c6a-tw.png\" alt=\"Twitter\" width=\"100%\">\n<\/a><\/td>\n<td class=\"name\"><a href=\"https:\/\/twitter.com\/greenpeace_be\" target=\"_blank\" rel=\"noopener noreferrer\">\nTwitter\n<\/a><\/td>\n<td class=\"icon\"><a href=\"https:\/\/www.youtube.com\/user\/GreenpeaceBelgium\" target=\"_blank\" rel=\"noopener noreferrer\">\n<img decoding=\"async\" title=\"YouTube\" src=\"https:\/\/www.greenpeace.org\/static\/planet4-belgium-stateless\/2019\/09\/4fd7759c-yt.png\" alt=\"YouTube\" width=\"100%\">\n<\/a><\/td>\n<td class=\"name\"><a href=\"https:\/\/www.youtube.com\/user\/GreenpeaceBelgium\" target=\"_blank\" rel=\"noopener noreferrer\">\nYouTube\n<\/a><\/td>\n<td class=\"icon\"><a href=\"https:\/\/www.pinterest.com\/greenpeacebe\/\" target=\"_blank\" rel=\"noopener noreferrer\">\n<img decoding=\"async\" title=\"YouTube\" src=\"https:\/\/www.greenpeace.org\/static\/planet4-belgium-stateless\/2020\/05\/4454201c-pinterest.png\" alt=\"Pinterest\" width=\"100%\">\n<\/a><\/td>\n<td class=\"name\"><a href=\"https:\/\/www.pinterest.com\/greenpeacebe\/\" target=\"_blank\" rel=\"noopener noreferrer\">\nPinterest\n<\/a><\/td>\n<\/tr>\n<\/tbody>\n<\/table>\n<div class=\"EmptyMessage\">Block content is empty. Check the block&rsquo;s settings or remove it.<\/div>","protected":false},"excerpt":{"rendered":"<p>La Belgique soutient le d\u00e9veloppement de l\u2019exploitation mini\u00e8re des grands fonds marins dans l\u2019Oc\u00e9an Pacifique via le parrainage d\u2019un contrat d\u2019exploration pour une entreprise belge. L\u2019un des arguments cl\u00e9s des&hellip;<\/p>\n","protected":false},"author":49,"featured_media":15229,"comment_status":"closed","ping_status":"closed","sticky":false,"template":"","format":"standard","meta":{"ep_exclude_from_search":false,"p4_og_title":"Quel lien entre exploitation mini\u00e8re en haute mer et mobilit\u00e9 durable ?","p4_og_description":"Il n'est n\u00e9cessaire d'exploiter les grands fonds marins pour cr\u00e9er les batteries de nos v\u00e9hicules \u00e9lectriques. ","p4_og_image":"","p4_og_image_id":"","p4_seo_canonical_url":"","p4_campaign_name":"not set","p4_local_project":"not set","p4_basket_name":"not set","p4_department":"","footnotes":""},"categories":[105],"tags":[74,82],"p4-page-type":[116],"class_list":["post-15663","post","type-post","status-publish","format-standard","has-post-thumbnail","hentry","category-preserver-la-beaute-de-notre-planete","tag-mobilite","tag-oceans","p4-page-type-actualites-blog"],"_links":{"self":[{"href":"https:\/\/www.greenpeace.org\/belgium\/fr\/wp-json\/wp\/v2\/posts\/15663","targetHints":{"allow":["GET"]}}],"collection":[{"href":"https:\/\/www.greenpeace.org\/belgium\/fr\/wp-json\/wp\/v2\/posts"}],"about":[{"href":"https:\/\/www.greenpeace.org\/belgium\/fr\/wp-json\/wp\/v2\/types\/post"}],"author":[{"embeddable":true,"href":"https:\/\/www.greenpeace.org\/belgium\/fr\/wp-json\/wp\/v2\/users\/49"}],"replies":[{"embeddable":true,"href":"https:\/\/www.greenpeace.org\/belgium\/fr\/wp-json\/wp\/v2\/comments?post=15663"}],"version-history":[{"count":6,"href":"https:\/\/www.greenpeace.org\/belgium\/fr\/wp-json\/wp\/v2\/posts\/15663\/revisions"}],"predecessor-version":[{"id":25344,"href":"https:\/\/www.greenpeace.org\/belgium\/fr\/wp-json\/wp\/v2\/posts\/15663\/revisions\/25344"}],"wp:featuredmedia":[{"embeddable":true,"href":"https:\/\/www.greenpeace.org\/belgium\/fr\/wp-json\/wp\/v2\/media\/15229"}],"wp:attachment":[{"href":"https:\/\/www.greenpeace.org\/belgium\/fr\/wp-json\/wp\/v2\/media?parent=15663"}],"wp:term":[{"taxonomy":"category","embeddable":true,"href":"https:\/\/www.greenpeace.org\/belgium\/fr\/wp-json\/wp\/v2\/categories?post=15663"},{"taxonomy":"post_tag","embeddable":true,"href":"https:\/\/www.greenpeace.org\/belgium\/fr\/wp-json\/wp\/v2\/tags?post=15663"},{"taxonomy":"p4-page-type","embeddable":true,"href":"https:\/\/www.greenpeace.org\/belgium\/fr\/wp-json\/wp\/v2\/p4-page-type?post=15663"}],"curies":[{"name":"wp","href":"https:\/\/api.w.org\/{rel}","templated":true}]}}