{"id":15928,"date":"2020-06-17T07:56:32","date_gmt":"2020-06-17T06:56:32","guid":{"rendered":"https:\/\/www.greenpeace.org\/belgium\/?p=15928"},"modified":"2020-06-17T12:00:22","modified_gmt":"2020-06-17T11:00:22","slug":"exxonmobil-total-basf-borealis-ineos-ou-encore-arcelormittal-les-entreprises-energivores-en-belgique-recoivent-des-milliards-sans-vraie-baisse-demissions","status":"publish","type":"post","link":"https:\/\/www.greenpeace.org\/belgium\/fr\/communique-de-presse\/15928\/exxonmobil-total-basf-borealis-ineos-ou-encore-arcelormittal-les-entreprises-energivores-en-belgique-recoivent-des-milliards-sans-vraie-baisse-demissions\/","title":{"rendered":"ExxonMobil, Total, BASF, Borealis, Ineos ou encore ArcelorMittal : les entreprises \u00e9nergivores en Belgique re\u00e7oivent des milliards sans vraie baisse d\u2019\u00e9missions"},"content":{"rendered":"\n<p><strong>Les organisations Arbeid en Milieu, Greenpeace et Bond Beter Leefmilieu se sont pench\u00e9es sur les \u00e9missions de l\u2019industrie intensive et sur le soutien qu\u2019elle<\/strong> <strong>re\u00e7oit pour r\u00e9duire ses \u00e9missions. Pour atteindre la neutralit\u00e9 carbone en Europe avant 2050, il est essentiel que cette industrie se transforme d\u2019obstacle en levier pour la transition climatique.<\/strong><\/p>\n\n<figure class=\"wp-block-image size-large  caption-style-blue-overlay caption-alignment-center\"><img loading=\"lazy\" decoding=\"async\" width=\"999\" height=\"663\" src=\"https:\/\/www.greenpeace.org\/static\/planet4-belgium-stateless\/2020\/06\/9afce519-big6.jpg\" alt=\"ExxonMobil, Total, BASF, Borealis, Ineos ou encore ArcelorMittal : les entreprises \u00e9nergivores en Belgique re\u00e7oivent des milliards sans vraie baisse d\u2019\u00e9missions\" class=\"wp-image-15929\" srcset=\"https:\/\/www.greenpeace.org\/static\/planet4-belgium-stateless\/2020\/06\/9afce519-big6.jpg 999w, https:\/\/www.greenpeace.org\/static\/planet4-belgium-stateless\/2020\/06\/9afce519-big6-300x199.jpg 300w, https:\/\/www.greenpeace.org\/static\/planet4-belgium-stateless\/2020\/06\/9afce519-big6-768x510.jpg 768w, https:\/\/www.greenpeace.org\/static\/planet4-belgium-stateless\/2020\/06\/9afce519-big6-510x338.jpg 510w\" sizes=\"auto, (max-width: 999px) 100vw, 999px\" \/><\/figure>\n\n<p>Dans ce rapport [1], nous passons au crible une large s\u00e9lection des mesures de soutien \u00e0 l\u2019industrie chimique, p\u00e9troli\u00e8re ou sid\u00e9rurgique, tant au niveau r\u00e9gional que national et europ\u00e9en. Nous regardons \u00e9galement de plus pr\u00e8s six des plus grandes entreprises industrielles et \u00e9nergivores actives en Flandre (mais aussi en Wallonie et \u00e0 l&rsquo;\u00e9tranger) : les entreprises p\u00e9trochimiques ExxonMobil, Total, BASF, Borealis et Ineos, ainsi que le producteur d&rsquo;acier ArcelorMittal.<\/p>\n\n<p><em>\u201cL&rsquo;industrie \u00e0 forte intensit\u00e9 \u00e9nerg\u00e9tique re\u00e7oit jusqu&rsquo;\u00e0 un milliard d&rsquo;euros par an en compensations, exemptions et subventions, mais ne voit pas ses \u00e9missions de CO2 r\u00e9duites. Il est urgent que cela change\u00a0\u00bb, <\/em>d\u00e9clare Yelter Bollen, chercheur \u00e0 Arbeid &amp; Milieu et l&rsquo;un des auteurs du rapport.<\/p>\n\n<h3 class=\"wp-block-heading\">Des milliards pour l\u2019industrie &#8230;<\/h3>\n\n<ul class=\"wp-block-list\"><li>Rien que la valeur des droits d\u2019\u00e9mission distribu\u00e9s gratuitement dans le syst\u00e8me communautaire d&rsquo;\u00e9change de quotas d&rsquo;\u00e9mission (SCEQE), repr\u00e9sente 1,6 milliards d\u2019euros les 7 derni\u00e8res ann\u00e9es pour les entreprises en Flandre, dont 1,1 milliards pour les six entreprises \u00e9tudi\u00e9es (p.e. 240 millions pour Total et 120 millions pour ExxonMobil).&nbsp;<\/li><li>Autre exemple: la surcompensation du co\u00fbt suppl\u00e9mentaire du prix du carbone sur la facture d&rsquo;\u00e9lectricit\u00e9 des entreprises s\u2019\u00e9l\u00e8ve \u00e0 216 millions d\u2019euros sur 6 ans, sur un total de 274 millions de subsides.&nbsp;<\/li><li>L&rsquo;industrie \u00e0 forte intensit\u00e9 \u00e9nerg\u00e9tique b\u00e9n\u00e9ficie \u00e9galement de nombreuses r\u00e9ductions de la consommation d&rsquo;\u00e9nergie. En 2018, elle a b\u00e9n\u00e9fici\u00e9 de 270 millions d&rsquo;euros de certificats verts exon\u00e9r\u00e9s et de dizaines de millions de r\u00e9ductions d&rsquo;accises sur l&rsquo;\u00e9lectricit\u00e9, le gaz et le diesel.&nbsp;<\/li><\/ul>\n\n<ul class=\"wp-block-list\"><li>Elle b\u00e9n\u00e9ficie \u00e9galement de centaines de millions de cr\u00e9dits d&rsquo;imp\u00f4t, tels que l&rsquo;exon\u00e9ration du paiement de la retenue \u00e0 la source sur les revenus professionnels ou l&rsquo;augmentation de la d\u00e9duction pour investissement, et d&rsquo;autres subventions.<\/li><\/ul>\n\n<h3 class=\"wp-block-heading\">\u2026 mais les r\u00e9sultats ne suivent pas<\/h3>\n\n<p>La politique actuelle g\u00e9n\u00e8re des milliards pour les entreprises \u00e0 forte consommation d&rsquo;\u00e9nergie, mais elle est loin d&rsquo;apporter les r\u00e9ductions d&rsquo;\u00e9missions n\u00e9cessaires, ne favorise pas suffisamment l&rsquo;innovation et fait peser sur les m\u00e9nages et les PME une part disproportionn\u00e9e de la facture de la transition \u00e9nerg\u00e9tique.<\/p>\n\n<p>Ces mesures n\u2019incitent pas les entreprises \u00e0 atteindre la neutralit\u00e9 climatique en temps voulu, explique Mathieu Soete, responsable Climat chez Greenpeace Belgique : <em>\u00ab Ces derni\u00e8res ann\u00e9es les \u00e9missions de gaz \u00e0 effet de serre de l\u2019industrie intensive augmentent de nouveau, et alors on ne compte pas encore les investissements annonc\u00e9s par Borealis et Ineos, qui vont encore ajouter dix pour cents. Une nouvelle approche est n\u00e9cessaire, qui doit nous mener \u00e0 la neutralit\u00e9 carbone bien avant 2050. \u00bb<\/em><\/p>\n\n<p>Pour rendre l&rsquo;acier, le plastique et d&rsquo;autres produits de base plus \u00e9cologiques, cela n\u00e9cessite des r\u00e8gles claires et un financement cibl\u00e9. Olivier Beys, charg\u00e9 de mission au BBL, pr\u00e9cise : \u00ab\u00a0<em>L&rsquo;enchev\u00eatrement actuel des mesures de soutien n&rsquo;entra\u00eene pas les changements n\u00e9cessaires au niveau des mat\u00e9riaux et des processus. Nous devons concentrer les nombreux flux financiers sur l&rsquo;innovation dans les technologies de pointe, sur les travaux d&rsquo;infrastructure et sur la cr\u00e9ation de march\u00e9s pour les produits circulaires et respectueux du clima<\/em>t\u00a0\u00bb.<\/p>\n\n<p><em>\u00ab\u00a0Une famille moyenne contribue proportionnellement 20 fois plus pour l&rsquo;\u00e9lectricit\u00e9 verte que les grandes entreprises de notre recherche, et m\u00eame 30 fois plus pour les \u00e9oliennes offshore. Il s&rsquo;agit de rabais et d&rsquo;exemptions consid\u00e9rables sur le financement du syst\u00e8me \u00e9nerg\u00e9tique. En bref, les co\u00fbts de la politique \u00e9nerg\u00e9tique sont en grande partie r\u00e9cup\u00e9r\u00e9s aupr\u00e8s des m\u00e9nages et des PME via la facture \u00e9nerg\u00e9tique\u00a0\u00bb, <\/em>explique Mathieu Soete.<\/p>\n\n<p>En outre, la structure tarifaire actuelle est d\u00e9favorable \u00e0 l&rsquo;\u00e9lectrification et \u00e0 la transition vers un syst\u00e8me \u00e9nerg\u00e9tique neutre en carbone. \u00ab\u00a0<em>Nous devons r\u00e9\u00e9crire cette politique en profondeur<\/em>\u00ab\u00a0, d\u00e9clare Yelter Bollen. \u00ab\u00a0<em>Les mesures de soutien devraient devenir d\u00e9pendantes de performances sociales et environnementales d\u00e9montrables. L&rsquo;argent doit \u00eatre d\u00e9pens\u00e9 de mani\u00e8re plus efficace et plus transparente, avec la participation des travailleurs et de la soci\u00e9t\u00e9 civile et une r\u00e9partition \u00e9quitable des charges et des b\u00e9n\u00e9fices<\/em>\u00ab\u00a0.<\/p>\n\n<h3 class=\"wp-block-heading\">Une nouvelle politique climatique<\/h3>\n\n<p>Il est urgent de changer de cap. [2] Il faut \u00e9tablir un nouveau cadre de transition commun pour l\u2019industrie intensive, bas\u00e9 sur une feuille de route participative, fond\u00e9 sur une application rigoureuse du principe du pollueur-payeur. Un observatoire ind\u00e9pendant doit en assurer le suivi et l\u2019\u00e9valuation, sur base d\u2019acc\u00e8s \u00e0 toutes les donn\u00e9es.<\/p>\n\n<p>Olivier Beys conclut : <em>\u201cOn donne de l&rsquo;argent aux entreprises sans compter en esp\u00e9rant qu&rsquo;elles resteront ici. Mais l&rsquo;espoir n&rsquo;est pas une strat\u00e9gie. Avec une politique climatique coh\u00e9rente et strat\u00e9gique, nous pr\u00e9parons l&rsquo;industrie \u00e0 l&rsquo;\u00e9conomie du futur\u00a0\u00bb.<\/em><\/p>\n\n<p><strong>Notes:<\/strong><\/p>\n\n<p>[1] <em>\u201cD\u2019une politique climatique industrielle d\u00e9fensive \u00e0 une politique offensive. La politique de soutien \u00e0 l\u2019industrie \u00e0 forte intensit\u00e9 \u00e9nerg\u00e9tique sous la loupe.\u201d<\/em> Le rapport complet <a href=\"https:\/\/www.greenpeace.org\/static\/planet4-belgium-stateless\/2020\/06\/4615ba86-van_een_defensief_naar_een_offensief_industrieel_klimaatbeleid_june2020_2_nl.pdf\">ici<\/a> (en n\u00e9erlandais uniquement) et le r\u00e9sum\u00e9 <a href=\"https:\/\/www.greenpeace.org\/static\/planet4-belgium-stateless\/2020\/06\/19ee4b5c-gp_report_june2020_resume_fr_final.pdf\">ici<\/a> (en fran\u00e7ais).<\/p>\n\n<p>[2] Pour les 10 \u00e9l\u00e9ments d\u2019une strat\u00e9gie offensive, veuillez consulter le r\u00e9sum\u00e9 du rapport aux pages 7-8, ou le rapport complet aux pages 76-81.<\/p>\n\n<p><strong>Contact:<\/strong><\/p>\n\n<p>Service presse Greenpeace, 0496\/26.31.91, <a href=\"mailto:bpress@greenpeace.org\">bpress@greenpeace.org<\/a><\/p>\n\n<p>Bond Beter Leefmilieu : Olivier Beys, responsable \u00e9conomie circulaire, 0473\/77.06.24, <a href=\"mailto:olivier.beys@bblv.be\">olivier.beys@bblv.be<\/a><\/p>\n\n<p>Arbeid &amp; Milieu: Yelter Bollen, <a href=\"mailto:yelter.bollen@a-m.be\">yelter.bollen@a-m.be<\/a>&nbsp;<\/p>\n","protected":false},"excerpt":{"rendered":"<p>Les organisations Arbeid en Milieu, Greenpeace et Bond Beter Leefmilieu se sont pench\u00e9es sur les \u00e9missions de l\u2019industrie intensive et sur le soutien qu\u2019elle re\u00e7oit pour r\u00e9duire ses \u00e9missions. Pour&hellip;<\/p>\n","protected":false},"author":49,"featured_media":15929,"comment_status":"closed","ping_status":"closed","sticky":false,"template":"","format":"standard","meta":{"ep_exclude_from_search":false,"p4_og_title":"","p4_og_description":"","p4_og_image":"","p4_og_image_id":"","p4_seo_canonical_url":"","p4_campaign_name":"not set","p4_local_project":"not set","p4_basket_name":"not set","p4_department":"","footnotes":""},"categories":[1],"tags":[70,86],"p4-page-type":[117],"class_list":["post-15928","post","type-post","status-publish","format-standard","has-post-thumbnail","hentry","category-non-classifiee","tag-energie","tag-climat","p4-page-type-communique-de-presse"],"_links":{"self":[{"href":"https:\/\/www.greenpeace.org\/belgium\/fr\/wp-json\/wp\/v2\/posts\/15928","targetHints":{"allow":["GET"]}}],"collection":[{"href":"https:\/\/www.greenpeace.org\/belgium\/fr\/wp-json\/wp\/v2\/posts"}],"about":[{"href":"https:\/\/www.greenpeace.org\/belgium\/fr\/wp-json\/wp\/v2\/types\/post"}],"author":[{"embeddable":true,"href":"https:\/\/www.greenpeace.org\/belgium\/fr\/wp-json\/wp\/v2\/users\/49"}],"replies":[{"embeddable":true,"href":"https:\/\/www.greenpeace.org\/belgium\/fr\/wp-json\/wp\/v2\/comments?post=15928"}],"version-history":[{"count":4,"href":"https:\/\/www.greenpeace.org\/belgium\/fr\/wp-json\/wp\/v2\/posts\/15928\/revisions"}],"predecessor-version":[{"id":15963,"href":"https:\/\/www.greenpeace.org\/belgium\/fr\/wp-json\/wp\/v2\/posts\/15928\/revisions\/15963"}],"wp:featuredmedia":[{"embeddable":true,"href":"https:\/\/www.greenpeace.org\/belgium\/fr\/wp-json\/wp\/v2\/media\/15929"}],"wp:attachment":[{"href":"https:\/\/www.greenpeace.org\/belgium\/fr\/wp-json\/wp\/v2\/media?parent=15928"}],"wp:term":[{"taxonomy":"category","embeddable":true,"href":"https:\/\/www.greenpeace.org\/belgium\/fr\/wp-json\/wp\/v2\/categories?post=15928"},{"taxonomy":"post_tag","embeddable":true,"href":"https:\/\/www.greenpeace.org\/belgium\/fr\/wp-json\/wp\/v2\/tags?post=15928"},{"taxonomy":"p4-page-type","embeddable":true,"href":"https:\/\/www.greenpeace.org\/belgium\/fr\/wp-json\/wp\/v2\/p4-page-type?post=15928"}],"curies":[{"name":"wp","href":"https:\/\/api.w.org\/{rel}","templated":true}]}}