{"id":16262,"date":"2020-06-29T11:20:09","date_gmt":"2020-06-29T10:20:09","guid":{"rendered":"https:\/\/www.greenpeace.org\/belgium\/?p=16262"},"modified":"2021-12-01T14:09:14","modified_gmt":"2021-12-01T13:09:14","slug":"des-centaines-de-photos-exposees-a-bruxelles-pour-demander-une-societe-plus-juste","status":"publish","type":"post","link":"https:\/\/www.greenpeace.org\/belgium\/fr\/actualites-blog\/16262\/des-centaines-de-photos-exposees-a-bruxelles-pour-demander-une-societe-plus-juste\/","title":{"rendered":"Des centaines de photos expos\u00e9es \u00e0 Bruxelles pour demander une soci\u00e9t\u00e9 plus juste"},"content":{"rendered":"\n<p><strong>Si vous \u00eates pass\u00e9.e \u00e0 l\u2019esplanade de la Tour des Finances \u00e0 Bruxelles dimanche dernier, vous avez certainement aper\u00e7u des portraits g\u00e9ants expos\u00e9s en ces lieux. Des centaines d\u2019internautes se sont en effet pris en photo pour manifester leur volont\u00e9 d\u2019avancer vers une soci\u00e9t\u00e9 plus juste.&nbsp;<\/strong><\/p>\n\n<figure class=\"wp-block-image size-large  caption-style-blue-overlay caption-alignment-center\"><img loading=\"lazy\" decoding=\"async\" width=\"999\" height=\"663\" src=\"https:\/\/www.greenpeace.org\/static\/planet4-belgium-stateless\/2020\/06\/85a82d2b-justice_fiscale.jpg\" alt=\"Des centaines de photos expos\u00e9es \u00e0 Bruxelles pour demander une soci\u00e9t\u00e9 plus juste \" class=\"wp-image-16263\" srcset=\"https:\/\/www.greenpeace.org\/static\/planet4-belgium-stateless\/2020\/06\/85a82d2b-justice_fiscale.jpg 999w, https:\/\/www.greenpeace.org\/static\/planet4-belgium-stateless\/2020\/06\/85a82d2b-justice_fiscale-300x199.jpg 300w, https:\/\/www.greenpeace.org\/static\/planet4-belgium-stateless\/2020\/06\/85a82d2b-justice_fiscale-768x510.jpg 768w, https:\/\/www.greenpeace.org\/static\/planet4-belgium-stateless\/2020\/06\/85a82d2b-justice_fiscale-510x338.jpg 510w\" sizes=\"auto, (max-width: 999px) 100vw, 999px\" \/><\/figure>\n\n<p>L\u2019onde de choc provoqu\u00e9e par la crise du Covid-19 offre une opportunit\u00e9 unique pour repenser nos modes de vie et avancer vers <a href=\"https:\/\/www.greenpeace.org\/belgium\/fr\/blog\/7153\/la-transition-climatique-doit-etre-equitable\/\">une soci\u00e9t\u00e9 plus durable<\/a>, capable de faire face \u00e0 l\u2019urgence climatique. Nous n\u2019avons pas choisi la crise sanitaire li\u00e9e au coronavirus. Par contre, la sortie de crise, nous voulons la choisir.&nbsp;<\/p>\n\n<span class=\"mid-button-fix\"><a class=\"cta-blog-button-mid\" href=\"https:\/\/www.greenpeace.org\/belgium\/fr\/agir\/save-the-climate\/\" target=\"_blank\" rel=\"noopener noreferrer\">Je m\u2019engage pour un futur durable<\/a><\/span>\n\n<h3 class=\"wp-block-heading\">Pour plus de justice fiscale<\/h3>\n\n<figure class=\"wp-block-image size-large  caption-style-blue-overlay caption-alignment-center\"><img loading=\"lazy\" decoding=\"async\" width=\"999\" height=\"663\" src=\"https:\/\/www.greenpeace.org\/static\/planet4-belgium-stateless\/2020\/06\/255b3434-justice_fiscale2.jpg\" alt=\"Des centaines de photos expos\u00e9es \u00e0 Bruxelles pour demander une soci\u00e9t\u00e9 plus juste \" class=\"wp-image-16265\" srcset=\"https:\/\/www.greenpeace.org\/static\/planet4-belgium-stateless\/2020\/06\/255b3434-justice_fiscale2.jpg 999w, https:\/\/www.greenpeace.org\/static\/planet4-belgium-stateless\/2020\/06\/255b3434-justice_fiscale2-300x199.jpg 300w, https:\/\/www.greenpeace.org\/static\/planet4-belgium-stateless\/2020\/06\/255b3434-justice_fiscale2-768x510.jpg 768w, https:\/\/www.greenpeace.org\/static\/planet4-belgium-stateless\/2020\/06\/255b3434-justice_fiscale2-510x338.jpg 510w\" sizes=\"auto, (max-width: 999px) 100vw, 999px\" \/><\/figure>\n\n<p>Des d\u00e9cisions politiques doivent \u00eatre prises pour \u00e9viter que le co\u00fbt social de la crise ne repose&nbsp;sur les plus vuln\u00e9rables. Dans ce sens, davantage de justice fiscale s\u2019impose. Elle permettra de faire face \u00e0 la crise sociale et \u00e9conomique et de financer une transition vers un \u00ab\u00a0monde d\u2019apr\u00e8s\u00a0\u00bb juste et durable. Elle garantit en outre que chacun contribue au pot commun en fonction de ses moyens.<\/p>\n\n<p>L\u2019action du dimanche 28 juin dernier, organis\u00e9e par le CNCD-11.11.11, le R\u00e9seau Justice Fiscale et Greenpeace, a donn\u00e9 le point de d\u00e9part d\u2019une longue s\u00e9rie d\u2019actions port\u00e9es par la soci\u00e9t\u00e9 civile. Plus que jamais, il faut faire le choix d\u2019une soci\u00e9t\u00e9 au service des personnes et de notre plan\u00e8te, pas des dividendes.<\/p>\n\n<a class=\"cta-blog-button\" href=\"https:\/\/www.greenpeace.org\/belgium\/fr\/agir\/save-the-climate\/\" target=\"_blank\" rel=\"noopener noreferrer\">Je m\u2019engage pour un futur durable<\/a>\n\n<span class=\"shareSocialArea\">\n<a class=\"shareFacebook\" href=\"https:\/\/www.facebook.com\/sharer\/sharer.php?u=https:\/\/www.greenpeace.org\/belgium\/fr\/blog\/16262\/des-centaines-de-photos-exposees-a-bruxelles-pour-demander-une-societe-plus-juste\/\" target=\"_blank\" rel=\"noopener noreferrer\">Je partage sur Facebook<\/a>\n<a class=\"shareTwitter\" href=\"https:\/\/twitter.com\/share?url=https:\/\/www.greenpeace.org\/belgium\/fr\/blog\/16262\/des-centaines-de-photos-exposees-a-bruxelles-pour-demander-une-societe-plus-juste\/&#038;text=Des%20centaines%20de%20photos%20expos%C3%A9es%20%C3%A0%20Bruxelles%20pour%20demander%20une%20soci%C3%A9t%C3%A9%20plus%20juste%20-%20Des%20portraits%20g%C3%A9ants%20ont%20%C3%A9t%C3%A9%20expos%C3%A9s%20sur%20l%27esplanade%20de%20la%20Tour%20des%20Finances%20%C3%A0%20Bruxelles%20pour%20r%C3%A9clamer%20une%20soci%C3%A9t%C3%A9%20plus%20juste.%20%20via%20@greenpeace_be&#038;related=greenpeace_be\" target=\"_blank\" rel=\"noopener noreferrer\">Je partage sur Twitter<\/a>\n<a class=\"shareWhatsapp\" href=\"https:\/\/api.whatsapp.com\/send?text=Des+centaines+de+photos+expos%C3%A9es+%C3%A0+Bruxelles+pour+demander+une+soci%C3%A9t%C3%A9+plus+juste+https%3A%2F%2Fwww.greenpeace.org%2Fbelgium%2Ffr%2Fblog%2F16262%2Fdes-centaines-de-photos-exposees-a-bruxelles-pour-demander-une-societe-plus-juste%2F\" target=\"_blank\" rel=\"noopener noreferrer\">Je partage sur Whatsapp<\/a>\n<\/span>\n\n<table class=\"hideme\" style=\"width: 100%;\" width=\"100%\">\n<tbody>\n<tr style=\"width: 100%;\">\n<td class=\"icon\"><a href=\"https:\/\/www.facebook.com\/greenpeace.belgium\" target=\"_blank\" rel=\"noopener noreferrer\">\n<img decoding=\"async\" title=\"Facebook\" src=\"https:\/\/www.greenpeace.org\/static\/planet4-belgium-stateless\/2019\/09\/09281872-fb.png\" alt=\"Facebook\" width=\"100%\">\n<\/a><\/td>\n<td class=\"name\"><a href=\"https:\/\/www.facebook.com\/greenpeace.belgium\" target=\"_blank\" rel=\"noopener noreferrer\">\nFacebook\n<\/a><\/td>\n<td class=\"icon\"><a href=\"https:\/\/www.instagram.com\/greenpeace_be\/\" target=\"_blank\" rel=\"noopener noreferrer\">\n<img decoding=\"async\" title=\"Instagram\" src=\"https:\/\/www.greenpeace.org\/static\/planet4-belgium-stateless\/2019\/09\/89871ad4-insta.png\" alt=\"Instagram\" width=\"100%\">\n<\/a><\/td>\n<td class=\"name\"><a href=\"https:\/\/www.instagram.com\/greenpeace_be\/\" target=\"_blank\" rel=\"noopener noreferrer\">\nInstagram\n<\/a><\/td>\n<td class=\"icon\"><a href=\"https:\/\/twitter.com\/greenpeace_be\" target=\"_blank\" rel=\"noopener noreferrer\">\n<img decoding=\"async\" title=\"Twitter\" src=\"https:\/\/www.greenpeace.org\/static\/planet4-belgium-stateless\/2019\/09\/aebb8c6a-tw.png\" alt=\"Twitter\" width=\"100%\">\n<\/a><\/td>\n<td class=\"name\"><a href=\"https:\/\/twitter.com\/greenpeace_be\" target=\"_blank\" rel=\"noopener noreferrer\">\nTwitter\n<\/a><\/td>\n<td class=\"icon\"><a href=\"https:\/\/www.youtube.com\/user\/GreenpeaceBelgium\" target=\"_blank\" rel=\"noopener noreferrer\">\n<img decoding=\"async\" title=\"YouTube\" src=\"https:\/\/www.greenpeace.org\/static\/planet4-belgium-stateless\/2019\/09\/4fd7759c-yt.png\" alt=\"YouTube\" width=\"100%\">\n<\/a><\/td>\n<td class=\"name\"><a href=\"https:\/\/www.youtube.com\/user\/GreenpeaceBelgium\" target=\"_blank\" rel=\"noopener noreferrer\">\nYouTube\n<\/a><\/td>\n<td class=\"icon\"><a href=\"https:\/\/www.pinterest.com\/greenpeacebe\/\" target=\"_blank\" rel=\"noopener noreferrer\">\n<img decoding=\"async\" title=\"YouTube\" src=\"https:\/\/www.greenpeace.org\/static\/planet4-belgium-stateless\/2020\/05\/4454201c-pinterest.png\" alt=\"Pinterest\" width=\"100%\">\n<\/a><\/td>\n<td class=\"name\"><a href=\"https:\/\/www.pinterest.com\/greenpeacebe\/\" target=\"_blank\" rel=\"noopener noreferrer\">\nPinterest\n<\/a><\/td>\n<\/tr>\n<\/tbody>\n<\/table>\n<div class=\"EmptyMessage\">Block content is empty. Check the block&rsquo;s settings or remove it.<\/div>","protected":false},"excerpt":{"rendered":"<p>Si vous \u00eates pass\u00e9.e \u00e0 l\u2019esplanade de la Tour des Finances \u00e0 Bruxelles dimanche dernier, vous avez certainement aper\u00e7u des portraits g\u00e9ants expos\u00e9s en ces lieux. Des centaines d\u2019internautes se&hellip;<\/p>\n","protected":false},"author":49,"featured_media":16263,"comment_status":"closed","ping_status":"closed","sticky":false,"template":"","format":"standard","meta":{"ep_exclude_from_search":false,"p4_og_title":"Des centaines de photos expos\u00e9es \u00e0 Bruxelles pour demander une soci\u00e9t\u00e9 plus juste","p4_og_description":"Des portraits g\u00e9ants ont \u00e9t\u00e9 expos\u00e9s sur l'esplanade de la Tour des Finances \u00e0 Bruxelles pour r\u00e9clamer une soci\u00e9t\u00e9 plus juste. ","p4_og_image":"","p4_og_image_id":"","p4_seo_canonical_url":"","p4_campaign_name":"not set","p4_local_project":"not set","p4_basket_name":"not set","p4_department":"","footnotes":""},"categories":[107,1],"tags":[86],"p4-page-type":[116],"class_list":["post-16262","post","type-post","status-publish","format-standard","has-post-thumbnail","hentry","category-ensemble-nous-sommes-la-solution","category-non-classifiee","tag-climat","p4-page-type-actualites-blog"],"_links":{"self":[{"href":"https:\/\/www.greenpeace.org\/belgium\/fr\/wp-json\/wp\/v2\/posts\/16262","targetHints":{"allow":["GET"]}}],"collection":[{"href":"https:\/\/www.greenpeace.org\/belgium\/fr\/wp-json\/wp\/v2\/posts"}],"about":[{"href":"https:\/\/www.greenpeace.org\/belgium\/fr\/wp-json\/wp\/v2\/types\/post"}],"author":[{"embeddable":true,"href":"https:\/\/www.greenpeace.org\/belgium\/fr\/wp-json\/wp\/v2\/users\/49"}],"replies":[{"embeddable":true,"href":"https:\/\/www.greenpeace.org\/belgium\/fr\/wp-json\/wp\/v2\/comments?post=16262"}],"version-history":[{"count":6,"href":"https:\/\/www.greenpeace.org\/belgium\/fr\/wp-json\/wp\/v2\/posts\/16262\/revisions"}],"predecessor-version":[{"id":25330,"href":"https:\/\/www.greenpeace.org\/belgium\/fr\/wp-json\/wp\/v2\/posts\/16262\/revisions\/25330"}],"wp:featuredmedia":[{"embeddable":true,"href":"https:\/\/www.greenpeace.org\/belgium\/fr\/wp-json\/wp\/v2\/media\/16263"}],"wp:attachment":[{"href":"https:\/\/www.greenpeace.org\/belgium\/fr\/wp-json\/wp\/v2\/media?parent=16262"}],"wp:term":[{"taxonomy":"category","embeddable":true,"href":"https:\/\/www.greenpeace.org\/belgium\/fr\/wp-json\/wp\/v2\/categories?post=16262"},{"taxonomy":"post_tag","embeddable":true,"href":"https:\/\/www.greenpeace.org\/belgium\/fr\/wp-json\/wp\/v2\/tags?post=16262"},{"taxonomy":"p4-page-type","embeddable":true,"href":"https:\/\/www.greenpeace.org\/belgium\/fr\/wp-json\/wp\/v2\/p4-page-type?post=16262"}],"curies":[{"name":"wp","href":"https:\/\/api.w.org\/{rel}","templated":true}]}}