{"id":16378,"date":"2020-07-04T09:52:12","date_gmt":"2020-07-04T08:52:12","guid":{"rendered":"https:\/\/www.greenpeace.org\/belgium\/?p=16378"},"modified":"2021-12-01T14:09:01","modified_gmt":"2021-12-01T13:09:01","slug":"unitedforanewnormal-ensemble-pour-construire-le-nouveau-monde-de-demain","status":"publish","type":"post","link":"https:\/\/www.greenpeace.org\/belgium\/fr\/actualites-blog\/16378\/unitedforanewnormal-ensemble-pour-construire-le-nouveau-monde-de-demain\/","title":{"rendered":"#UnitedForANewNormal : ensemble, pour construire le nouveau monde de demain !"},"content":{"rendered":"\n<p><strong>Ce 4 juillet, le Mont des Arts a rev\u00eatu une apparence quelque peu color\u00e9e et plus anim\u00e9e que d\u2019habitude. Si les touristes ne sont pas<\/strong> <strong>encore revenus en masse \u00e0 Bruxelles, une centaine de personnes y \u00e9taient toutefois pr\u00e9sentes pour faire passer un message sur <a href=\"https:\/\/www.greenpeace.org\/belgium\/fr\/blog\/9777\/la-reponse-a-la-crise-du-covid-19-peut-rendre-notre-societe-plus-forte-et-plus-juste\/\">le monde de l\u2019apr\u00e8s Coronavirus<\/a>.<\/strong><\/p>\n\n<p>L\u2019initiative venait de<strong> <\/strong>Greenpeace et d\u2019une large coalition d\u2019acteurs de la sant\u00e9, du climat et des syndicats. Bien s\u00fbr, toutes les r\u00e8gles sanitaires et de s\u00e9curit\u00e9 mises en place dans le cadre du Covid ont \u00e9t\u00e9 scrupuleusement respect\u00e9es.&nbsp;<\/p>\n\n<figure class=\"wp-block-image size-large  caption-style-blue-overlay caption-alignment-center\"><img loading=\"lazy\" decoding=\"async\" width=\"1024\" height=\"683\" src=\"https:\/\/www.greenpeace.org\/static\/planet4-belgium-stateless\/2020\/07\/9ead5e91-20200704jdt0498-1024x683.jpg\" alt=\"\" class=\"wp-image-16393\" srcset=\"https:\/\/www.greenpeace.org\/static\/planet4-belgium-stateless\/2020\/07\/9ead5e91-20200704jdt0498-1024x683.jpg 1024w, https:\/\/www.greenpeace.org\/static\/planet4-belgium-stateless\/2020\/07\/9ead5e91-20200704jdt0498-300x200.jpg 300w, https:\/\/www.greenpeace.org\/static\/planet4-belgium-stateless\/2020\/07\/9ead5e91-20200704jdt0498-768x512.jpg 768w, https:\/\/www.greenpeace.org\/static\/planet4-belgium-stateless\/2020\/07\/9ead5e91-20200704jdt0498-1536x1024.jpg 1536w, https:\/\/www.greenpeace.org\/static\/planet4-belgium-stateless\/2020\/07\/9ead5e91-20200704jdt0498-2048x1366.jpg 2048w, https:\/\/www.greenpeace.org\/static\/planet4-belgium-stateless\/2020\/07\/9ead5e91-20200704jdt0498-510x340.jpg 510w\" sizes=\"auto, (max-width: 1024px) 100vw, 1024px\" \/><figcaption>Photo Johanna De Tessieres.<\/figcaption><\/figure>\n\n<span class=\"mid-button-fix\"><a class=\"cta-blog-button-mid\" href=\"https:\/\/act.greenpeace.org\/page\/59535\/petition\/1?locale=fr-BE&#038;_ga=2.197672751.1018064792.1594051438-333913101.1589792405\" target=\"_blank\" rel=\"noopener noreferrer\">Je m\u2019engage pour un futur durable<\/a><\/span>\n\n<h3 class=\"wp-block-heading\">\u201cWe need a New normal\u201d<\/h3>\n\n<p>Si nous avons voulu retourner dans la rue, c\u2019est que la crise sanitaire due au Covid 19 n\u2019a pas fait dispara\u00eetre la crise climatique ni la perte de biodiversit\u00e9. Par ailleurs, cette pand\u00e9mie a exerc\u00e9 une pression suppl\u00e9mentaire sur la pauvret\u00e9 et les in\u00e9galit\u00e9s d\u00e9j\u00e0 pr\u00e9sentes dans notre soci\u00e9t\u00e9. <strong>Concr\u00e8tement, pour le monde d\u2019apr\u00e8s, nous revendiquons un environnement sain, une \u00e9conomie qui donne la priorit\u00e9 aux gens et \u00e0 la plan\u00e8te, et non aux dividendes, des solutions durables et des droits \u00e9gaux pour tous et enfin, une solidarit\u00e9 mondiale.<\/strong> C\u2019est cela que nous voulons rappeler aux dirigeants politiques de notre pays.&nbsp;&nbsp;<\/p>\n\n<p>Les partenaires unis au sein de cette coalition temporaire se sont donc r\u00e9unis sous le slogan \u201cUnited For A New Normal\u201d portant ainsi le message qu\u2019apr\u00e8s cette crise du Covid, un retour \u00e0 la normale n\u2019est pas envisageable. La situation de crise que nous continuons \u00e0 traverser doit \u00eatre le r\u00e9veil pour un monde bas\u00e9 sur plus de solidarit\u00e9 et de possibilit\u00e9s de pouvoir rebondir.&nbsp;<\/p>\n\n<p>Vous aussi vous voulez soutenir ce message ? Soutenez-nous en signant <a href=\"https:\/\/act.greenpeace.org\/page\/59535\/petition\/1?locale=fr-BE&amp;_ga=2.28651701.881182791.1593445673-748183460.1589529102\">notre p\u00e9tition et nos demandes pour le monde de demain!<\/a><\/p>\n\n<figure class=\"wp-block-embed-youtube wp-block-embed is-type-video is-provider-youtube wp-embed-aspect-16-9 wp-has-aspect-ratio\"><div class=\"wp-block-embed__wrapper\">\n<lite-youtube style=\"background-image: url('https:\/\/i.ytimg.com\/vi\/mXrPZRJvhdc\/hqdefault.jpg');\" videoid=\"mXrPZRJvhdc\" params=\"rel=0\"><\/lite-youtube>\n<\/div><\/figure>\n\n<p><em>Partenaires de l\u2019action : 11.11.11., CNCD 11.11.11, Youth For Climate, Oxfam, Amnesty International,Rencontre Des Continents,&nbsp; Agroecology in Action, Groot ouders voor het Klimaat,Students For Climate, Climate Express, Quinoa \/ BAP, R\u00e9seau Wallon de Lutte contre la Pauvret\u00e9, Ineos Will Fall, FIAN, BRAL, LEF, Grands Parents pour le Climat, Extinction Rebellion, Coalition Climat, R\u00e9seau wallon de lutte contre la pauvret\u00e9, Bond Beter Leefmilieu, IEW, ACV-CSC, Make Noise For Climate, RWADE, Grandparents pour Climat, Coalition Climat, Belgian Anti-Poverty Network, ACV-CSC, ABVV, R\u00e9seau wallon pour l&rsquo;acc\u00e8s durable \u00e0 l&rsquo;Energie, Rise for Climate, Do You Hear 2020, SOS Faim, State of the Arts, Vlaamse Jeugdraad, Klimaatzaak, Forum des Jeunes, Natuurpunt, Natuurvrienden, Zomer Zonder Vliegen, Arbeid &amp; Milieu, Beweging.net, BOS+, deMens.Nu, Coalition Kaya, Climaxi, Ecokerk\u2026<\/em><\/p>\n\n<a class=\"cta-blog-button\" href=\"https:\/\/act.greenpeace.org\/page\/59535\/petition\/1?locale=fr-BE&#038;_ga=2.197672751.1018064792.1594051438-333913101.1589792405\" target=\"_blank\" rel=\"noopener noreferrer\">Je m\u2019engage pour un futur durable<\/a>\n\n<span class=\"shareSocialArea\">\n<a class=\"shareFacebook\" href=\"https:\/\/www.facebook.com\/sharer\/sharer.php?u=https:\/\/www.greenpeace.org\/belgium\/fr\/blog\/16378\/unitedforanewnormal-ensemble-pour-construire-le-nouveau-monde-de-demain\/\" target=\"_blank\" rel=\"noopener noreferrer\">Je partage sur Facebook<\/a>\n<a class=\"shareTwitter\" href=\"https:\/\/twitter.com\/share?url=https:\/\/www.greenpeace.org\/belgium\/fr\/blog\/16378\/unitedforanewnormal-ensemble-pour-construire-le-nouveau-monde-de-demain\/&amp;text=#UnitedForANewNormal%20:%20ensemble,%20pour%20construire%20le%20nouveau%20monde%20de%20demain%20!%20-%20Une%20centaine%20de%20personnes%20%C3%A9taient%20pr%C3%A9sentes%20au%20Mont%20des%20Arts%20ce%204%20juillet%20pour%20faire%20passer%20un%20message%20sur%20le%20monde%20de%20l%E2%80%99apr%C3%A8s%20Coronavirus.%20via%20@greenpeace_be&amp;related=greenpeace_be\" target=\"_blank\" rel=\"noopener noreferrer\">Je partage sur Twitter<\/a>\n<a class=\"shareWhatsapp\" href=\"https:\/\/api.whatsapp.com\/send?text=%23UnitedForANewNormal+%3A+ensemble%2C+pour+construire+le+nouveau+monde+de+demain+%21+https%3A%2F%2Fwww.greenpeace.org%2Fbelgium%2Ffr%2Fblog%2F16378%2Funitedforanewnormal-ensemble-pour-construire-le-nouveau-monde-de-demain%2F\" target=\"_blank\" rel=\"noopener noreferrer\">Je partage sur Whatsapp<\/a>\n<\/span>\n\n<table class=\"hideme\" style=\"width: 100%;\" width=\"100%\">\n<tbody>\n<tr style=\"width: 100%;\">\n<td class=\"icon\"><a href=\"https:\/\/www.facebook.com\/greenpeace.belgium\" target=\"_blank\" rel=\"noopener noreferrer\">\n<img decoding=\"async\" title=\"Facebook\" src=\"https:\/\/www.greenpeace.org\/static\/planet4-belgium-stateless\/2019\/09\/09281872-fb.png\" alt=\"Facebook\" width=\"100%\">\n<\/a><\/td>\n<td class=\"name\"><a href=\"https:\/\/www.facebook.com\/greenpeace.belgium\" target=\"_blank\" rel=\"noopener noreferrer\">\nFacebook\n<\/a><\/td>\n<td class=\"icon\"><a href=\"https:\/\/www.instagram.com\/greenpeace_be\/\" target=\"_blank\" rel=\"noopener noreferrer\">\n<img decoding=\"async\" title=\"Instagram\" src=\"https:\/\/www.greenpeace.org\/static\/planet4-belgium-stateless\/2019\/09\/89871ad4-insta.png\" alt=\"Instagram\" width=\"100%\">\n<\/a><\/td>\n<td class=\"name\"><a href=\"https:\/\/www.instagram.com\/greenpeace_be\/\" target=\"_blank\" rel=\"noopener noreferrer\">\nInstagram\n<\/a><\/td>\n<td class=\"icon\"><a href=\"https:\/\/twitter.com\/greenpeace_be\" target=\"_blank\" rel=\"noopener noreferrer\">\n<img decoding=\"async\" title=\"Twitter\" src=\"https:\/\/www.greenpeace.org\/static\/planet4-belgium-stateless\/2019\/09\/aebb8c6a-tw.png\" alt=\"Twitter\" width=\"100%\">\n<\/a><\/td>\n<td class=\"name\"><a href=\"https:\/\/twitter.com\/greenpeace_be\" target=\"_blank\" rel=\"noopener noreferrer\">\nTwitter\n<\/a><\/td>\n<td class=\"icon\"><a href=\"https:\/\/www.youtube.com\/user\/GreenpeaceBelgium\" target=\"_blank\" rel=\"noopener noreferrer\">\n<img decoding=\"async\" title=\"YouTube\" src=\"https:\/\/www.greenpeace.org\/static\/planet4-belgium-stateless\/2019\/09\/4fd7759c-yt.png\" alt=\"YouTube\" width=\"100%\">\n<\/a><\/td>\n<td class=\"name\"><a href=\"https:\/\/www.youtube.com\/user\/GreenpeaceBelgium\" target=\"_blank\" rel=\"noopener noreferrer\">\nYouTube\n<\/a><\/td>\n<td class=\"icon\"><a href=\"https:\/\/www.pinterest.com\/greenpeacebe\/\" target=\"_blank\" rel=\"noopener noreferrer\">\n<img decoding=\"async\" title=\"YouTube\" src=\"https:\/\/www.greenpeace.org\/static\/planet4-belgium-stateless\/2020\/05\/4454201c-pinterest.png\" alt=\"Pinterest\" width=\"100%\">\n<\/a><\/td>\n<td class=\"name\"><a href=\"https:\/\/www.pinterest.com\/greenpeacebe\/\" target=\"_blank\" rel=\"noopener noreferrer\">\nPinterest\n<\/a><\/td>\n<\/tr>\n<\/tbody>\n<\/table>\n\n<p><\/p>\n<div class=\"EmptyMessage\">Block content is empty. Check the block&rsquo;s settings or remove it.<\/div>","protected":false},"excerpt":{"rendered":"<p>Ce 4 juillet, le Mont des Arts a rev\u00eatu une apparence quelque peu color\u00e9e et plus anim\u00e9e que d\u2019habitude. Si les touristes ne sont pas encore revenus en masse \u00e0&hellip;<\/p>\n","protected":false},"author":49,"featured_media":16393,"comment_status":"closed","ping_status":"closed","sticky":false,"template":"","format":"standard","meta":{"ep_exclude_from_search":false,"p4_og_title":"#UnitedForANewNormal : ensemble, pour construire le nouveau monde de demain !","p4_og_description":"<p>Une centaine de personnes \u00e9taient pr\u00e9sentes au Mont des Arts ce 4 juillet pour faire passer un message sur le monde de l\u2019apr\u00e8s Coronavirus.<\/p>","p4_og_image":"","p4_og_image_id":"","p4_seo_canonical_url":"","p4_campaign_name":"not set","p4_local_project":"not set","p4_basket_name":"not set","p4_department":"","footnotes":""},"categories":[107,1],"tags":[86],"p4-page-type":[116],"class_list":["post-16378","post","type-post","status-publish","format-standard","has-post-thumbnail","hentry","category-ensemble-nous-sommes-la-solution","category-non-classifiee","tag-climat","p4-page-type-actualites-blog"],"_links":{"self":[{"href":"https:\/\/www.greenpeace.org\/belgium\/fr\/wp-json\/wp\/v2\/posts\/16378","targetHints":{"allow":["GET"]}}],"collection":[{"href":"https:\/\/www.greenpeace.org\/belgium\/fr\/wp-json\/wp\/v2\/posts"}],"about":[{"href":"https:\/\/www.greenpeace.org\/belgium\/fr\/wp-json\/wp\/v2\/types\/post"}],"author":[{"embeddable":true,"href":"https:\/\/www.greenpeace.org\/belgium\/fr\/wp-json\/wp\/v2\/users\/49"}],"replies":[{"embeddable":true,"href":"https:\/\/www.greenpeace.org\/belgium\/fr\/wp-json\/wp\/v2\/comments?post=16378"}],"version-history":[{"count":15,"href":"https:\/\/www.greenpeace.org\/belgium\/fr\/wp-json\/wp\/v2\/posts\/16378\/revisions"}],"predecessor-version":[{"id":25325,"href":"https:\/\/www.greenpeace.org\/belgium\/fr\/wp-json\/wp\/v2\/posts\/16378\/revisions\/25325"}],"wp:featuredmedia":[{"embeddable":true,"href":"https:\/\/www.greenpeace.org\/belgium\/fr\/wp-json\/wp\/v2\/media\/16393"}],"wp:attachment":[{"href":"https:\/\/www.greenpeace.org\/belgium\/fr\/wp-json\/wp\/v2\/media?parent=16378"}],"wp:term":[{"taxonomy":"category","embeddable":true,"href":"https:\/\/www.greenpeace.org\/belgium\/fr\/wp-json\/wp\/v2\/categories?post=16378"},{"taxonomy":"post_tag","embeddable":true,"href":"https:\/\/www.greenpeace.org\/belgium\/fr\/wp-json\/wp\/v2\/tags?post=16378"},{"taxonomy":"p4-page-type","embeddable":true,"href":"https:\/\/www.greenpeace.org\/belgium\/fr\/wp-json\/wp\/v2\/p4-page-type?post=16378"}],"curies":[{"name":"wp","href":"https:\/\/api.w.org\/{rel}","templated":true}]}}