{"id":16484,"date":"2020-07-16T12:23:53","date_gmt":"2020-07-16T11:23:53","guid":{"rendered":"https:\/\/www.greenpeace.org\/belgium\/?p=16484"},"modified":"2021-12-01T14:08:49","modified_gmt":"2021-12-01T13:08:49","slug":"45-000-signatures-pour-une-reprise-verte-et-sociale-merci","status":"publish","type":"post","link":"https:\/\/www.greenpeace.org\/belgium\/fr\/actualites-blog\/16484\/45-000-signatures-pour-une-reprise-verte-et-sociale-merci\/","title":{"rendered":"45 000 signatures pour une reprise verte et sociale, merci !"},"content":{"rendered":"\n<p>Il y a quelques mois, au d\u00e9but de la crise du Covid19, Greenpeace Belgique a lanc\u00e9 une p\u00e9tition \u00e0 l\u2019attention de la Premi\u00e8re ministre Wilm\u00e8s. Cette p\u00e9tition l\u2019appelait \u00e0 investir dans une soci\u00e9t\u00e9 durable et \u00e9quitable en se basant sur six exigences concr\u00e8tes. 45 000 personnes ont sign\u00e9 cette p\u00e9tition et ce matin, les militants de Greenpeace ont d\u00e9livr\u00e9 ce message au 16 rue de la Loi.<\/p>\n\n<figure class=\"wp-block-image size-large  caption-style-blue-overlay caption-alignment-center\"><img loading=\"lazy\" decoding=\"async\" width=\"1024\" height=\"683\" src=\"https:\/\/www.greenpeace.org\/static\/planet4-belgium-stateless\/2020\/07\/c6db7c51-l1008311-1024x683.jpg\" alt=\"\" class=\"wp-image-16485\" srcset=\"https:\/\/www.greenpeace.org\/static\/planet4-belgium-stateless\/2020\/07\/c6db7c51-l1008311-1024x683.jpg 1024w, https:\/\/www.greenpeace.org\/static\/planet4-belgium-stateless\/2020\/07\/c6db7c51-l1008311-300x200.jpg 300w, https:\/\/www.greenpeace.org\/static\/planet4-belgium-stateless\/2020\/07\/c6db7c51-l1008311-768x512.jpg 768w, https:\/\/www.greenpeace.org\/static\/planet4-belgium-stateless\/2020\/07\/c6db7c51-l1008311-1536x1024.jpg 1536w, https:\/\/www.greenpeace.org\/static\/planet4-belgium-stateless\/2020\/07\/c6db7c51-l1008311-2048x1366.jpg 2048w, https:\/\/www.greenpeace.org\/static\/planet4-belgium-stateless\/2020\/07\/c6db7c51-l1008311-510x340.jpg 510w\" sizes=\"auto, (max-width: 1024px) 100vw, 1024px\" \/><figcaption>GREENPEACE, WE NEED A NEW NORMAL, RUE DE LA LOI &#8211; PHOTO JOHANNA DE TESSIERES<\/figcaption><\/figure>\n\n<span class=\"mid-button-fix\"><a class=\"cta-blog-button-mid\" href=\"https:\/\/www.greenpeace.org\/belgium\/fr\/blog\/9777\/la-reponse-a-la-crise-du-covid-19-peut-rendre-notre-societe-plus-forte-et-plus-juste\/\" target=\"_blank\" rel=\"noopener noreferrer\">En savoir plus sur nos exigences<\/a><\/span>\n\n<h2 class=\"wp-block-heading\">7000 belges se sont exprim\u00e9s\u00a0<\/h2>\n\n<p>Avant de lancer la p\u00e9tition, cette derni\u00e8re avait d\u00e9j\u00e0 parcouru un bon bout de chemin. Nous avons d\u2019abord demand\u00e9 \u00e0 nos abonn\u00e9s \u00e0 quoi ils voulaient que le monde de demain ressemble. Et cet appel a \u00e9t\u00e9 un franc succ\u00e8s!&nbsp; En quelques jours, plus de 7000 personnes dans tout le pays ont donn\u00e9 leur avis.&nbsp;<\/p>\n\n<p>L\u2019enqu\u00eate a montr\u00e9 que 98% (!) des personnes interrog\u00e9es souhaitaient lier l\u2019octroi de plans de sauvetages aux entreprises aux conditions environnementales, climatiques et sociales. Nous avons \u00e9galement re\u00e7u des milliers de suggestions pour une soci\u00e9t\u00e9 plus forte, plus juste et plus durable. Tout cela a ensuite \u00e9t\u00e9 transform\u00e9 en six exigences concr\u00e8tes, adress\u00e9es \u00e0 la Premi\u00e8re ministre Wilm\u00e8s.&nbsp;<\/p>\n\n<h2 class=\"wp-block-heading\">Sur le pas de la porte de la Premi\u00e8re ministre\u00a0<\/h2>\n\n<p>Avan\u00e7ons un peu dans le temps: depuis, plus de 45 000 personnes ont sign\u00e9 la p\u00e9tition et aujourd\u2019hui, nous sommes all\u00e9 frapper \u00e0 la porte de la Premi\u00e8re ministre pour lui faire passer ce message. Pourquoi aujourd\u2019hui? Car demain, un important Conseil europ\u00e9en sur le plan de relance face \u00e0 la crise du Covid19 a lieu, et il est crucial que la Belgique s\u2019engage dans la voie d\u2019une reconstruction \u00e9quitable et durable. Nous pouvons sortir plus forts de cette crise sanitaire uniquement si nous tentons d\u2019am\u00e9liorer l\u2019\u00e9galit\u00e9 dans notre soci\u00e9t\u00e9 et nous attaquons \u00e0 l\u2019urgence climatique.<\/p>\n\n<a class=\"cta-blog-button\" href=\"https:\/\/www.greenpeace.org\/belgium\/fr\/blog\/9777\/la-reponse-a-la-crise-du-covid-19-peut-rendre-notre-societe-plus-forte-et-plus-juste\/\" target=\"_blank\" rel=\"noopener noreferrer\">En savoir plus sur nos exigences<\/a>\n\n<table class=\"hideme\" style=\"width: 100%;\" width=\"100%\">\n<tbody>\n<tr style=\"width: 100%;\">\n<td class=\"icon\"><a href=\"https:\/\/www.facebook.com\/greenpeace.belgium\" target=\"_blank\" rel=\"noopener noreferrer\">\n<img decoding=\"async\" title=\"Facebook\" src=\"https:\/\/www.greenpeace.org\/static\/planet4-belgium-stateless\/2019\/09\/09281872-fb.png\" alt=\"Facebook\" width=\"100%\">\n<\/a><\/td>\n<td class=\"name\"><a href=\"https:\/\/www.facebook.com\/greenpeace.belgium\" target=\"_blank\" rel=\"noopener noreferrer\">\nFacebook\n<\/a><\/td>\n<td class=\"icon\"><a href=\"https:\/\/www.instagram.com\/greenpeace_be\/\" target=\"_blank\" rel=\"noopener noreferrer\">\n<img decoding=\"async\" title=\"Instagram\" src=\"https:\/\/www.greenpeace.org\/static\/planet4-belgium-stateless\/2019\/09\/89871ad4-insta.png\" alt=\"Instagram\" width=\"100%\">\n<\/a><\/td>\n<td class=\"name\"><a href=\"https:\/\/www.instagram.com\/greenpeace_be\/\" target=\"_blank\" rel=\"noopener noreferrer\">\nInstagram\n<\/a><\/td>\n<td class=\"icon\"><a href=\"https:\/\/twitter.com\/greenpeace_be\" target=\"_blank\" rel=\"noopener noreferrer\">\n<img decoding=\"async\" title=\"Twitter\" src=\"https:\/\/www.greenpeace.org\/static\/planet4-belgium-stateless\/2019\/09\/aebb8c6a-tw.png\" alt=\"Twitter\" width=\"100%\">\n<\/a><\/td>\n<td class=\"name\"><a href=\"https:\/\/twitter.com\/greenpeace_be\" target=\"_blank\" rel=\"noopener noreferrer\">\nTwitter\n<\/a><\/td>\n<td class=\"icon\"><a href=\"https:\/\/www.youtube.com\/user\/GreenpeaceBelgium\" target=\"_blank\" rel=\"noopener noreferrer\">\n<img decoding=\"async\" title=\"YouTube\" src=\"https:\/\/www.greenpeace.org\/static\/planet4-belgium-stateless\/2019\/09\/4fd7759c-yt.png\" alt=\"YouTube\" width=\"100%\">\n<\/a><\/td>\n<td class=\"name\"><a href=\"https:\/\/www.youtube.com\/user\/GreenpeaceBelgium\" target=\"_blank\" rel=\"noopener noreferrer\">\nYouTube\n<\/a><\/td>\n<td class=\"icon\"><a href=\"https:\/\/www.pinterest.com\/greenpeacebe\/\" target=\"_blank\" rel=\"noopener noreferrer\">\n<img decoding=\"async\" title=\"YouTube\" src=\"https:\/\/www.greenpeace.org\/static\/planet4-belgium-stateless\/2020\/05\/4454201c-pinterest.png\" alt=\"Pinterest\" width=\"100%\">\n<\/a><\/td>\n<td class=\"name\"><a href=\"https:\/\/www.pinterest.com\/greenpeacebe\/\" target=\"_blank\" rel=\"noopener noreferrer\">\nPinterest\n<\/a><\/td>\n<\/tr>\n<\/tbody>\n<\/table>\n\n\n<p><\/p>\n<div class=\"EmptyMessage\">Block content is empty. Check the block&rsquo;s settings or remove it.<\/div>","protected":false},"excerpt":{"rendered":"<p>Il y a quelques mois, au d\u00e9but de la crise du Covid19, Greenpeace Belgique a lanc\u00e9 une p\u00e9tition \u00e0 l\u2019attention de la Premi\u00e8re ministre Wilm\u00e8s. Cette p\u00e9tition l\u2019appelait \u00e0 investir&hellip;<\/p>\n","protected":false},"author":49,"featured_media":16485,"comment_status":"closed","ping_status":"closed","sticky":false,"template":"","format":"standard","meta":{"ep_exclude_from_search":false,"p4_og_title":"45 000 signatures pour une reprise verte et sociale, merci !","p4_og_description":"<p>Greenpeace Belgique a lanc\u00e9 une p\u00e9tition \u00e0 l\u2019attention de la Premi\u00e8re ministre Wilm\u00e8s. Cette p\u00e9tition l\u2019appelait \u00e0 investir dans une soci\u00e9t\u00e9 durable et \u00e9quitable en se basant sur six exigences concr\u00e8tes. 45 000 personnes ont sign\u00e9 cette p\u00e9tition et ce matin, les militants de Greenpeace ont d\u00e9livr\u00e9 ce message au 16 rue de la Loi.<\/p>","p4_og_image":"","p4_og_image_id":"","p4_seo_canonical_url":"","p4_campaign_name":"not set","p4_local_project":"not set","p4_basket_name":"not set","p4_department":"","footnotes":""},"categories":[106],"tags":[86],"p4-page-type":[116],"class_list":["post-16484","post","type-post","status-publish","format-standard","has-post-thumbnail","hentry","category-il-est-encore-temps","tag-climat","p4-page-type-actualites-blog"],"_links":{"self":[{"href":"https:\/\/www.greenpeace.org\/belgium\/fr\/wp-json\/wp\/v2\/posts\/16484","targetHints":{"allow":["GET"]}}],"collection":[{"href":"https:\/\/www.greenpeace.org\/belgium\/fr\/wp-json\/wp\/v2\/posts"}],"about":[{"href":"https:\/\/www.greenpeace.org\/belgium\/fr\/wp-json\/wp\/v2\/types\/post"}],"author":[{"embeddable":true,"href":"https:\/\/www.greenpeace.org\/belgium\/fr\/wp-json\/wp\/v2\/users\/49"}],"replies":[{"embeddable":true,"href":"https:\/\/www.greenpeace.org\/belgium\/fr\/wp-json\/wp\/v2\/comments?post=16484"}],"version-history":[{"count":3,"href":"https:\/\/www.greenpeace.org\/belgium\/fr\/wp-json\/wp\/v2\/posts\/16484\/revisions"}],"predecessor-version":[{"id":25320,"href":"https:\/\/www.greenpeace.org\/belgium\/fr\/wp-json\/wp\/v2\/posts\/16484\/revisions\/25320"}],"wp:featuredmedia":[{"embeddable":true,"href":"https:\/\/www.greenpeace.org\/belgium\/fr\/wp-json\/wp\/v2\/media\/16485"}],"wp:attachment":[{"href":"https:\/\/www.greenpeace.org\/belgium\/fr\/wp-json\/wp\/v2\/media?parent=16484"}],"wp:term":[{"taxonomy":"category","embeddable":true,"href":"https:\/\/www.greenpeace.org\/belgium\/fr\/wp-json\/wp\/v2\/categories?post=16484"},{"taxonomy":"post_tag","embeddable":true,"href":"https:\/\/www.greenpeace.org\/belgium\/fr\/wp-json\/wp\/v2\/tags?post=16484"},{"taxonomy":"p4-page-type","embeddable":true,"href":"https:\/\/www.greenpeace.org\/belgium\/fr\/wp-json\/wp\/v2\/p4-page-type?post=16484"}],"curies":[{"name":"wp","href":"https:\/\/api.w.org\/{rel}","templated":true}]}}