{"id":16496,"date":"2020-07-17T10:59:17","date_gmt":"2020-07-17T09:59:17","guid":{"rendered":"https:\/\/www.greenpeace.org\/belgium\/?p=16496"},"modified":"2020-07-17T10:59:21","modified_gmt":"2020-07-17T09:59:21","slug":"greenpeace-capture-des-images-dincendies-illegaux-qui-font-rage-en-amazonie","status":"publish","type":"post","link":"https:\/\/www.greenpeace.org\/belgium\/fr\/communique-de-presse\/16496\/greenpeace-capture-des-images-dincendies-illegaux-qui-font-rage-en-amazonie\/","title":{"rendered":"Greenpeace capture des images d\u2019incendies ill\u00e9gaux qui font rage en Amazonie"},"content":{"rendered":"\n<p><strong>Greenpeace Br\u00e9sil a captur\u00e9 des photos des foyers des incendies br\u00fblant dans tout l\u2019\u00e9tat du Mato Grosso, dans la for\u00eat amazonienne. Ces images ont \u00e9t\u00e9 prises dans le cadre de survols effectu\u00e9s entre le 7 et le 10 juillet 2020 dans le but de documenter les incendies en Amazonie. Tous les incendies sont actuellement ill\u00e9gaux en raison de l\u2019interdiction d\u2019incendies par le gouvernement de l\u2019\u00e9tat de Mato Grosso de juillet \u00e0 septembre.\u00a0<\/strong><\/p>\n\n<p>Greenpeace a \u00e9galement document\u00e9 des images dans les zones compl\u00e8tement ravag\u00e9es par les feux et des zones en cours de pr\u00e9paration aux incendies. Comptant plus de 4 437 zones sensibles (1), l\u2019\u00e9tat du Mato Grosso a enregistr\u00e9 le plus grand nombre d\u2019incendies en Amazonie br\u00e9silienne cette ann\u00e9e, repr\u00e9sentant 49,52% de tous les incendies en Amazonie br\u00e9silienne en 2020 (2).\u00a0<\/p>\n\n<figure class=\"wp-block-image size-large  caption-style-blue-overlay caption-alignment-center\"><img loading=\"lazy\" decoding=\"async\" width=\"1024\" height=\"683\" src=\"https:\/\/www.greenpeace.org\/static\/planet4-belgium-stateless\/2020\/07\/d6b35873-pasted-image-0-1024x683.png\" alt=\"\" class=\"wp-image-16497\" srcset=\"https:\/\/www.greenpeace.org\/static\/planet4-belgium-stateless\/2020\/07\/d6b35873-pasted-image-0-1024x683.png 1024w, https:\/\/www.greenpeace.org\/static\/planet4-belgium-stateless\/2020\/07\/d6b35873-pasted-image-0-300x200.png 300w, https:\/\/www.greenpeace.org\/static\/planet4-belgium-stateless\/2020\/07\/d6b35873-pasted-image-0-768x512.png 768w, https:\/\/www.greenpeace.org\/static\/planet4-belgium-stateless\/2020\/07\/d6b35873-pasted-image-0-510x340.png 510w, https:\/\/www.greenpeace.org\/static\/planet4-belgium-stateless\/2020\/07\/d6b35873-pasted-image-0.png 1200w\" sizes=\"auto, (max-width: 1024px) 100vw, 1024px\" \/><figcaption>Plus de photos et vid\u00e9os disponibles<a rel=\"noreferrer noopener\" href=\"https:\/\/media.greenpeace.org\/collection\/27MDHUVZBU0\" target=\"_blank\"> ici<\/a>. L&rsquo;utilisation de ces images est gratuite \u00e0 condition d\u2019utiliser \u00a9 Christian Braga \/ Greenpeace<\/figcaption><\/figure>\n\n<p>\u201c<em>Ces images ainsi que le taux de d\u00e9forestation record de cette ann\u00e9e, sont le r\u00e9sultat escompt\u00e9 de la strat\u00e9gie \u00e0 long terme de Bolsonaro en Amazonie. Depuis son arriv\u00e9e au pouvoir, son gouvernement a d\u00e9mantel\u00e9 les lois de protection de l\u2019Amazonie et r\u00e9duit \u00e0 n\u00e9ant le pouvoir des agences de protection de l\u2019environnement. Allant jusqu\u2019\u00e0 utiliser la pand\u00e9mie du Covid19 comme \u00e9cran de fum\u00e9e pour y continuer la d\u00e9forestation ainsi que l\u2019exploitation foresti\u00e8re et mini\u00e8re. L\u2019administration du pr\u00e9sident br\u00e9silien ne fait que mettre le climat et des vies en danger, en particulier celles des peuples indig\u00e8nes<\/em>\u201d, a d\u00e9clar\u00e9 Romulo Batista, charg\u00e9 de campagne et expert de Greenpeace Br\u00e9sil pour l\u2019Amazonie.&nbsp;<\/p>\n\n<p>C&rsquo;est pourquoi, l&rsquo;interdiction des incendies pour une dur\u00e9e de 120 jours, que le pr\u00e9sident a impos\u00e9e le 16 juillet, n&rsquo;est rien d&rsquo;autre qu&rsquo;un coup de pub qui d\u00e9tourne l&rsquo;attention du vrai probl\u00e8me.&nbsp;<\/p>\n\n<h3 class=\"wp-block-heading\">Allum\u00e9s d\u00e9lib\u00e9r\u00e9ment\u00a0<\/h3>\n\n<p>En juin 2020, 2 248 foyers ont \u00e9t\u00e9 enregistr\u00e9s en Amazonie, soit une augmentation de 19,57% par rapport \u00e0 juin 2019 (1 800), et le plus grand nombre enregistr\u00e9 pour le mois de juin depuis 2007. Les alertes \u00e0 la d\u00e9forestation en Amazonie br\u00e9silienne ont \u00e9galement atteint un record de 13 ans pour le mois de juin. Du 1er au 13 juillet, 1 057 foyers ont d\u00e9j\u00e0 \u00e9t\u00e9 enregistr\u00e9s dans le biome.&nbsp;&nbsp;<\/p>\n\n<p>Les grands incendies dans la for\u00eat amazonienne ne sont pas d&rsquo;origine naturelle. Ils sont d\u00e9lib\u00e9r\u00e9ment allum\u00e9s par des agriculteurs ou des entreprises qui s&rsquo;accaparent les terres pour \u00e9tendre les terres utilis\u00e9es pour l\u2019\u00e9levage de b\u00e9tail et la production agricole industrielle. Ces incendies font partie d\u2019une pratique aggrav\u00e9e par l\u2019agenda anti-environnemental de Bolsonaro (3).&nbsp;<\/p>\n\n<p>Les peuples indig\u00e8nes, d\u00e9j\u00e0 confront\u00e9s aux risques du Covid19, sont encore plus en danger car les incendies s\u2019intensifient et la pollution atmosph\u00e9rique vient s\u2019ajouter \u00e0 la longue liste des menaces sanitaires auxquelles ils doivent faire face.&nbsp;<\/p>\n\n<h3 class=\"wp-block-heading\">Stopper la d\u00e9forestation \u2018import\u00e9e\u2019<\/h3>\n\n<p>Chez nous \u00e9galement, des produits li\u00e9s \u00e0 la d\u00e9forestation et aux feux allum\u00e9s en Amazonie, notamment le soja import\u00e9 pour l&rsquo;alimentation du b\u00e9tail, finissent dans les rayons des magasins.&nbsp; Une l\u00e9gislation ambitieuse est n\u00e9cessaire au niveau europ\u00e9en pour mettre fin \u00e0 cette \u00ab\u00a0d\u00e9forestation import\u00e9e\u00a0\u00bb.&nbsp;<\/p>\n\n<p>\u201c<em>L\u2019exploitation de la nature et de l\u2019homme est une cause majeure des crises sanitaires climatiques et de biodiversit\u00e9<\/em>\u201d, explique An Lambrechts de Greenpeace Belgique. \u201c<em>Greenpeace appelle l\u2019Union europ\u00e9enne \u00e0 mettre en oeuvre d\u2019urgence une nouvelle l\u00e9gislation stricte pour garantir que les biens entrant sur le march\u00e9 europ\u00e9en ne soient plus li\u00e9s \u00e0 la d\u00e9forestation, \u00e0 la destruction des for\u00eats et d\u2019autres \u00e9cosyst\u00e8mes ou \u00e0 des violations des droits de l\u2019homme.<\/em>\u201d<\/p>\n\n<p><strong>Notes:<\/strong><\/p>\n\n<p>(1): Nombre de foyers enregistr\u00e9s du 1er janvier 2020 au 13 juillet 2020<\/p>\n\n<p>(2): Analyse bas\u00e9e sur les donn\u00e9es de l\u2019Institut Br\u00e9silien de Recherche Spatiale<\/p>\n\n<p>(3): <a href=\"https:\/\/insights.trase.earth\/yearbook\/summary\/\" target=\"_blank\" rel=\"noreferrer noopener\">https:\/\/insights.trase.earth\/yearbook\/summary\/<\/a><\/p>\n\n<p>Photos et vid\u00e9os disponibles <a href=\"https:\/\/media.greenpeace.org\/CS.aspx?VP3=SearchResult&amp;ALID=27MDHUVZBU0&amp;RW=1280&amp;RH=557#\/SearchResult&amp;ALID=27MDHUVZBU0&amp;RW=1280&amp;RH=557&amp;VBID=27MDQ5CI9854\" target=\"_blank\" rel=\"noreferrer noopener\">ici<\/a>&nbsp;&nbsp;<\/p>\n\n<p><strong>Contact:<\/strong> Service de presse Greenpeace: 0496 26 31 91 &#8211; <a rel=\"noreferrer noopener\" href=\"mailto:bpress@greenpeace.org\" target=\"_blank\">bpress@greenpeace.org<\/a><\/p>\n","protected":false},"excerpt":{"rendered":"<p>Greenpeace Br\u00e9sil a captur\u00e9 des photos des foyers des incendies br\u00fblant dans tout l\u2019\u00e9tat du Mato Grosso, dans la for\u00eat amazonienne. Ces images ont \u00e9t\u00e9 prises dans le cadre de&hellip;<\/p>\n","protected":false},"author":50,"featured_media":16497,"comment_status":"closed","ping_status":"closed","sticky":false,"template":"","format":"standard","meta":{"ep_exclude_from_search":false,"p4_og_title":"","p4_og_description":"","p4_og_image":"","p4_og_image_id":"","p4_seo_canonical_url":"","p4_campaign_name":"not set","p4_local_project":"not set","p4_basket_name":"not set","p4_department":"","footnotes":""},"categories":[1],"tags":[80],"p4-page-type":[117],"class_list":["post-16496","post","type-post","status-publish","format-standard","has-post-thumbnail","hentry","category-non-classifiee","tag-forets","p4-page-type-communique-de-presse"],"_links":{"self":[{"href":"https:\/\/www.greenpeace.org\/belgium\/fr\/wp-json\/wp\/v2\/posts\/16496","targetHints":{"allow":["GET"]}}],"collection":[{"href":"https:\/\/www.greenpeace.org\/belgium\/fr\/wp-json\/wp\/v2\/posts"}],"about":[{"href":"https:\/\/www.greenpeace.org\/belgium\/fr\/wp-json\/wp\/v2\/types\/post"}],"author":[{"embeddable":true,"href":"https:\/\/www.greenpeace.org\/belgium\/fr\/wp-json\/wp\/v2\/users\/50"}],"replies":[{"embeddable":true,"href":"https:\/\/www.greenpeace.org\/belgium\/fr\/wp-json\/wp\/v2\/comments?post=16496"}],"version-history":[{"count":2,"href":"https:\/\/www.greenpeace.org\/belgium\/fr\/wp-json\/wp\/v2\/posts\/16496\/revisions"}],"predecessor-version":[{"id":16500,"href":"https:\/\/www.greenpeace.org\/belgium\/fr\/wp-json\/wp\/v2\/posts\/16496\/revisions\/16500"}],"wp:featuredmedia":[{"embeddable":true,"href":"https:\/\/www.greenpeace.org\/belgium\/fr\/wp-json\/wp\/v2\/media\/16497"}],"wp:attachment":[{"href":"https:\/\/www.greenpeace.org\/belgium\/fr\/wp-json\/wp\/v2\/media?parent=16496"}],"wp:term":[{"taxonomy":"category","embeddable":true,"href":"https:\/\/www.greenpeace.org\/belgium\/fr\/wp-json\/wp\/v2\/categories?post=16496"},{"taxonomy":"post_tag","embeddable":true,"href":"https:\/\/www.greenpeace.org\/belgium\/fr\/wp-json\/wp\/v2\/tags?post=16496"},{"taxonomy":"p4-page-type","embeddable":true,"href":"https:\/\/www.greenpeace.org\/belgium\/fr\/wp-json\/wp\/v2\/p4-page-type?post=16496"}],"curies":[{"name":"wp","href":"https:\/\/api.w.org\/{rel}","templated":true}]}}