{"id":16623,"date":"2020-07-28T14:45:19","date_gmt":"2020-07-28T13:45:19","guid":{"rendered":"https:\/\/www.greenpeace.org\/belgium\/?p=16623"},"modified":"2021-12-01T14:08:28","modified_gmt":"2021-12-01T13:08:28","slug":"pollution-de-lair-en-flandre-la-justice-donne-une-nouvelle-fois-raison-a-greenpeace","status":"publish","type":"post","link":"https:\/\/www.greenpeace.org\/belgium\/fr\/communique-de-presse\/16623\/pollution-de-lair-en-flandre-la-justice-donne-une-nouvelle-fois-raison-a-greenpeace\/","title":{"rendered":"Pollution de l&rsquo;air en Flandre : la justice donne une nouvelle fois raison \u00e0 Greenpeace"},"content":{"rendered":"\n<p><strong>Apr\u00e8s presque 3 ans de litige, le juge flamand des saisies vient de condamner la Flandre pour sa politique insuffisante en mati\u00e8re de pollution atmosph\u00e9rique suite au proc\u00e8s intent\u00e9 par Greenpeace. Le gouvernement flamand est tenu de pr\u00e9senter prochainement un plan d&rsquo;action contre la pollution de l\u2019air beaucoup plus solide, conforme \u00e0 la l\u00e9gislation europ\u00e9enne, et doit entre-temps payer les amendes impos\u00e9es par le tribunal de premi\u00e8re instance.<\/strong><\/p>\n\n<p>En 2017, Greenpeace entamait une proc\u00e9dure en justice contre le gouvernement flamand en raison de la mauvaise qualit\u00e9 de l\u2019air en Flandre, et plus pr\u00e9cis\u00e9ment \u00e0 cause du d\u00e9passement permanent des normes europ\u00e9ennes en mati\u00e8re de dioxyde d&rsquo;azote (NO2). Le juge a donn\u00e9 raison \u00e0 Greenpeace et a d\u00e9cid\u00e9 que le gouvernement flamand devait \u00e9tablir un plan de qualit\u00e9 de l&rsquo;air dans l&rsquo;ann\u00e9e suivant la signification du&nbsp;<a rel=\"noreferrer noopener\" target=\"_blank\" href=\"https:\/\/www.hovenenrechtbanken.be\/sites\/default\/files\/Nieuwsartikels\/greenpeace_vlaamsgewest101018.pdf\">jugement&nbsp;<\/a>(le 6 novembre 2018);&nbsp; un plan qui devrait montrer comment ces d\u00e9passements ill\u00e9gaux seraient r\u00e9gl\u00e9s le plus rapidement possible [1].<\/p>\n\n<p>Greenpeace a examin\u00e9&nbsp;<a rel=\"noreferrer noopener\" target=\"_blank\" href=\"https:\/\/omgeving.vlaanderen.be\/sites\/default\/files\/atoms\/files\/1%20VR%202019%202510%20MED.0359-2%20Luchtbeleidsplan.pdf\">le plan<\/a>&nbsp;que le gouvernement flamand a pr\u00e9sent\u00e9 l&rsquo;ann\u00e9e derni\u00e8re et a jug\u00e9 qu\u2019il ne r\u00e9pondait pas du tout \u00e0 la demande. \u00ab\u00a0<em>C&rsquo;est un plan \u00e9dent\u00e9. Il ne contient aucune garantie que la qualit\u00e9 de l&rsquo;air s&rsquo;am\u00e9liorera \u00e0 court terme. C&rsquo;est pourquoi nous avons envoy\u00e9 un huissier au cabinet de la ministre Demir \u00e0 la fin de l&rsquo;ann\u00e9e derni\u00e8re pour faire appliquer la d\u00e9cision du tribunal de premi\u00e8re instance<\/em>\u00ab\u00a0, explique Valerie Del Re, directrice de Greenpeace Belgique.<\/p>\n\n<p>La R\u00e9gion flamande s\u2019est oppos\u00e9e cette d\u00e9cision et l&rsquo;affaire a \u00e9t\u00e9 port\u00e9e devant le Tribunal des saisies de Bruxelles. <a href=\"https:\/\/www.greenpeace.org\/belgium\/wp-content\/uploads\/2020\/07\/d9b4e93d-gpvonnis2020.pdf\" target=\"_blank\" rel=\"noreferrer noopener\">Ce dernier a publi\u00e9 son arr\u00eat aujourd&rsquo;hui [2].<\/a> Cet arr\u00eat suit les arguments de Greenpeace et confirme que le plan actuel de qualit\u00e9 de l&rsquo;air n&rsquo;est pas satisfaisant.<\/p>\n\n<p>\u00ab\u00a0<em>A la demande de la ministre Zuhal Demir, aux cours des derniers mois Greenpeace s&rsquo;est entretenu avec la ministre et les experts de l&rsquo;administration. Malheureusement, cela n&rsquo;a pas conduit \u00e0 un plan plus ambitieux. Mais dans un \u00c9tat de droit, un gouvernement doit aussi remplir ses obligations, ce que confirme ce verdict<\/em>\u00ab\u00a0, d\u00e9clare Johan Verstraeten, l&rsquo;avocat de Greenpeace dans cette affaire.\u00a0\u00bb<em>Dans la crise actuelle du Covid ce verdict a encore plus de sens. Les premi\u00e8res \u00e9tudes sugg\u00e8rent que la pollution de l&rsquo;air rend les gens plus vuln\u00e9rables aux effets des maladies infectieuses telles que le covid-19 [3]. En outre, plus de 9 000 personnes meurent encore pr\u00e9matur\u00e9ment chaque ann\u00e9e dans ce pays \u00e0 cause de l&rsquo;air malsain [4]. C&rsquo;est presque autant que les 9.822 d\u00e9c\u00e8s du coronavirus d\u00e9j\u00e0 survenus en Belgique. Avec un plan ambitieux pour une meilleure qualit\u00e9 de l&rsquo;air, le gouvernement flamand peut faire d&rsquo;une pierre trois coups : la sant\u00e9, le climat et la qualit\u00e9 de vie<\/em>\u00ab\u00a0, d\u00e9clare Valerie Del Re.<\/p>\n\n<p>Greenpeace compte utiliser sp\u00e9cifiquement l&rsquo;argent des amendes p\u00e9riodiques [5] dans la lutte pour un air plus sain, par exemple avec la cr\u00e9ation d&rsquo;un fonds ind\u00e9pendant pour soutenir les initiatives locales.<\/p>\n\n<div class=\"wp-block-buttons is-layout-flex wp-block-buttons-is-layout-flex\">\n<div class=\"wp-block-button is-style-donate\"><a class=\"wp-block-button__link\" href=\"https:\/\/www.greenpeace.org\/belgium\/wp-content\/uploads\/2020\/07\/d9b4e93d-gpvonnis2020.pdf\" target=\"_blank\" rel=\"noreferrer noopener\">Greenpeace Vonnis 2020<\/a><\/div>\n<\/div>\n\n<p><strong>Notes:\u00a0<\/strong><br>[1] La Flandre enfreint d\u00e9j\u00e0 les normes europ\u00e9ennes en mati\u00e8re de dioxyde d\u2019azote (NO2) depuis 2010. La R\u00e9gion avait obtenu un d\u00e9lai jusque 2015 pour se mettre en conformit\u00e9. Avec le plan actuel, elle ne r\u00e9pondra aux normes europ\u00e9ennes en mati\u00e8re de NO2 au mieux qu\u2019en 2025, alors que ces normes sont assez laxistes par rapport \u00e0 ce qui est n\u00e9cessaire pour r\u00e9ellement prot\u00e9ger notre sant\u00e9. Fin de l&rsquo;ann\u00e9e derni\u00e8re, notre pays a re\u00e7u une lettre de mise en demeure de la Commission europ\u00e9enne:\u00a0<a rel=\"noreferrer noopener\" target=\"_blank\" href=\"https:\/\/europa.eu\/rapid\/press-release_MEMO-18-6247_NL.htm\">https:\/\/europa.eu\/rapid\/press-release_MEMO-18-6247_NL.htm<\/a>. Dans une affaire similaire concernant la pollution de l&rsquo;air en R\u00e9gion bruxelloise, le tribunal de premi\u00e8re instance a statu\u00e9 qu\u2019une p\u00e9riode de cinq ans pouvait difficilement \u00eatre l\u2019application de la formulation\u00a0 \u201caussi court que possible\u201d:\u00a0<br>[2] <a href=\"https:\/\/www.greenpeace.org\/belgium\/wp-content\/uploads\/2020\/07\/d9b4e93d-gpvonnis2020.pdf\" target=\"_blank\" rel=\"noreferrer noopener\">https:\/\/www.greenpeace.org\/belgium\/wp-content\/uploads\/2020\/07\/d9b4e93d-gpvonnis2020.pdf<\/a><br><a rel=\"noreferrer noopener\" target=\"_blank\" href=\"https:\/\/www.documents.clientearth.org\/wp-content\/uploads\/library\/2017-12-15-tussenvonnis-op-tegenspraak-prejudiciele-vragen-aan-het-hof-van-justitie-van-de-europese-unie-ext-nl.pdf\">https:\/\/www.documents.clientearth.org\/wp-content\/uploads\/library\/2017-12-15-tussenvonnis-op-tegenspraak-prejudiciele-vragen-aan-het-hof-van-justitie-van-de-europese-unie-ext-nl.pdf<\/a><br>[3]\u00a0<a rel=\"noreferrer noopener\" target=\"_blank\" href=\"https:\/\/projects.iq.harvard.edu\/covid-pm\">https:\/\/projects.iq.harvard.edu\/covid-pm<\/a>\u00a0<br>[4]\u00a0<a rel=\"noreferrer noopener\" target=\"_blank\" href=\"https:\/\/www.eea.europa.eu\/publications\/air-quality-in-europe-2019\">https:\/\/www.eea.europa.eu\/publications\/air-quality-in-europe-2019<\/a><br><a rel=\"noreferrer noopener\" target=\"_blank\" href=\"https:\/\/www.thelancet.com\/journals\/lanplh\/article\/PIIS2542-5196(19)30059-2\/fulltext\">https:\/\/www.thelancet.com\/journals\/lanplh\/article\/PIIS2542-5196(19)30059-2\/fulltext<\/a><br>[5]\u00a0 Le Tribunal de premi\u00e8re instance a inclus dans l&rsquo;arr\u00eat initial une astreinte de 1000\u20ac\/jour en cas de non-respect. Dans l&rsquo;intervalle, ce montant est pass\u00e9 \u00e0 265 000 euros.<\/p>\n\n<p><strong>Contact:<\/strong><br>Service presse Greenpeace&nbsp; &#8211;&nbsp;<a rel=\"noreferrer noopener\" target=\"_blank\" href=\"tel:+32496263191\">+32 496 26 31 91<\/a>&nbsp;&#8211;&nbsp;<a rel=\"noreferrer noopener\" target=\"_blank\" href=\"mailto:bpress@greenpeace.org\">bpress@greenpeace.org<\/a><\/p>\n<div class=\"EmptyMessage\">Block content is empty. Check the block&rsquo;s settings or remove it.<\/div>","protected":false},"excerpt":{"rendered":"<p>Apr\u00e8s presque 3 ans de litige, le juge flamand des saisies vient de condamner la Flandre pour sa politique insuffisante en mati\u00e8re de pollution atmosph\u00e9rique suite au proc\u00e8s intent\u00e9 par&hellip;<\/p>\n","protected":false},"author":49,"featured_media":2457,"comment_status":"closed","ping_status":"closed","sticky":false,"template":"","format":"standard","meta":{"ep_exclude_from_search":false,"p4_og_title":"","p4_og_description":"","p4_og_image":"","p4_og_image_id":"","p4_seo_canonical_url":"","p4_campaign_name":"not set","p4_local_project":"not set","p4_basket_name":"not set","p4_department":"","footnotes":""},"categories":[1],"tags":[74,86],"p4-page-type":[117],"class_list":["post-16623","post","type-post","status-publish","format-standard","has-post-thumbnail","hentry","category-non-classifiee","tag-mobilite","tag-climat","p4-page-type-communique-de-presse"],"_links":{"self":[{"href":"https:\/\/www.greenpeace.org\/belgium\/fr\/wp-json\/wp\/v2\/posts\/16623","targetHints":{"allow":["GET"]}}],"collection":[{"href":"https:\/\/www.greenpeace.org\/belgium\/fr\/wp-json\/wp\/v2\/posts"}],"about":[{"href":"https:\/\/www.greenpeace.org\/belgium\/fr\/wp-json\/wp\/v2\/types\/post"}],"author":[{"embeddable":true,"href":"https:\/\/www.greenpeace.org\/belgium\/fr\/wp-json\/wp\/v2\/users\/49"}],"replies":[{"embeddable":true,"href":"https:\/\/www.greenpeace.org\/belgium\/fr\/wp-json\/wp\/v2\/comments?post=16623"}],"version-history":[{"count":3,"href":"https:\/\/www.greenpeace.org\/belgium\/fr\/wp-json\/wp\/v2\/posts\/16623\/revisions"}],"predecessor-version":[{"id":25310,"href":"https:\/\/www.greenpeace.org\/belgium\/fr\/wp-json\/wp\/v2\/posts\/16623\/revisions\/25310"}],"wp:featuredmedia":[{"embeddable":true,"href":"https:\/\/www.greenpeace.org\/belgium\/fr\/wp-json\/wp\/v2\/media\/2457"}],"wp:attachment":[{"href":"https:\/\/www.greenpeace.org\/belgium\/fr\/wp-json\/wp\/v2\/media?parent=16623"}],"wp:term":[{"taxonomy":"category","embeddable":true,"href":"https:\/\/www.greenpeace.org\/belgium\/fr\/wp-json\/wp\/v2\/categories?post=16623"},{"taxonomy":"post_tag","embeddable":true,"href":"https:\/\/www.greenpeace.org\/belgium\/fr\/wp-json\/wp\/v2\/tags?post=16623"},{"taxonomy":"p4-page-type","embeddable":true,"href":"https:\/\/www.greenpeace.org\/belgium\/fr\/wp-json\/wp\/v2\/p4-page-type?post=16623"}],"curies":[{"name":"wp","href":"https:\/\/api.w.org\/{rel}","templated":true}]}}