{"id":16678,"date":"2020-08-05T16:15:53","date_gmt":"2020-08-05T15:15:53","guid":{"rendered":"https:\/\/www.greenpeace.org\/belgium\/?p=16678"},"modified":"2021-12-01T14:08:18","modified_gmt":"2021-12-01T13:08:18","slug":"epidemie-de-corona-chez-westvlees-notre-production-de-viande-est-malade-du-systeme","status":"publish","type":"post","link":"https:\/\/www.greenpeace.org\/belgium\/fr\/communique-de-presse\/16678\/epidemie-de-corona-chez-westvlees-notre-production-de-viande-est-malade-du-systeme\/","title":{"rendered":"Epid\u00e9mie de Corona chez Westvlees : \u201cNotre production de viande est malade du syst\u00e8me\u201d"},"content":{"rendered":"\n<p><strong>Chez Westvlees \u00e0 Staden, 225 employ\u00e9s doivent \u00eatre mis en quarantaine apr\u00e8s qu&rsquo;au moins 18 d&rsquo;entre eux aient d\u00e9j\u00e0 \u00e9t\u00e9 test\u00e9s positifs au coronavirus.&nbsp;&nbsp;<\/strong><\/p>\n\n<p>Au cours des derniers mois, plusieurs foyers de corona ont d\u00e9j\u00e0 fait leur apparition dans des usines de transformation de viande en Allemagne, aux Pays-Bas, au Royaume-Uni et aux \u00c9tats-Unis.<\/p>\n\n<p>\u00ab\u00a0<em>Ce n&rsquo;est pas une co\u00efncidence<\/em>\u00ab\u00a0, r\u00e9agit Matteo De Vos, expert en Agriculture chez Greenpeace Belgique. \u00ab\u00a0<em>Les \u00e9pid\u00e9miologistes estiment que l&rsquo;industrie de la viande est un terrain id\u00e9al pour le coronavirus. Mais aussi, plus g\u00e9n\u00e9ralement, notre production de viande est un syst\u00e8me malade. La viande bon march\u00e9 a un co\u00fbt, g\u00e9n\u00e9ralement invisible : exploitation des travailleurs, souffrance des animaux, fortes \u00e9missions de gaz \u00e0 effet de serre et destruction des for\u00eats pour la culture de plantes fourrag\u00e8res comme le soja<\/em>\u00ab\u00a0.&nbsp;<\/p>\n\n<p>\u00ab\u00a0<em>Au vu de la pand\u00e9mie actuelle et de la gigantesque crise du climat et de la biodiversit\u00e9 \u00e0 laquelle nous sommes confront\u00e9s, il n&rsquo;y a qu&rsquo;une seule solution. Notre mod\u00e8le de production de viande et de produits laitiers doit \u00eatre compl\u00e8tement revu. Cela signifie un \u00e9levage avec beaucoup moins d&rsquo;animaux, une production alimentaire plus locale, un prix \u00e9quitable pour les agriculteurs et de meilleures conditions de travail dans les abattoirs et les usines de transformation de la viande<\/em>\u00a0\u00bb poursuit encore Matteo De Vos<\/p>\n\n<p>En 2019, 295 millions de poulets, 11 millions de porcs et 890 000 bovins ont \u00e9t\u00e9 abattus dans notre pays (source : <a href=\"https:\/\/bestat.statbel.fgov.be\/bestat\/crosstable.xhtml?datasource=3488f928-86af-4067-92db-4fbe45c9a251\">STATBEL<\/a>). La plupart de cette viande \u00e9tait destin\u00e9e \u00e0 l&rsquo;exportation.&nbsp;<\/p>\n\n<p><strong>Contact:<\/strong> Service presse Greenpeace &#8211; +32 496 26 31 91 &#8211; <a href=\"mailto:bpress@greenpeace.org\">bpress@greenpeace.org<\/a><\/p>\n<div class=\"EmptyMessage\">Block content is empty. Check the block&rsquo;s settings or remove it.<\/div>","protected":false},"excerpt":{"rendered":"<p>Chez Westvlees \u00e0 Staden, 225 employ\u00e9s doivent \u00eatre mis en quarantaine apr\u00e8s qu&rsquo;au moins 18 d&rsquo;entre eux aient d\u00e9j\u00e0 \u00e9t\u00e9 test\u00e9s positifs au coronavirus.\u00a0\u00a0<\/p>\n","protected":false},"author":49,"featured_media":16684,"comment_status":"closed","ping_status":"closed","sticky":false,"template":"","format":"standard","meta":{"ep_exclude_from_search":false,"p4_og_title":"","p4_og_description":"","p4_og_image":"https:\/\/www.greenpeace.org\/static\/planet4-belgium-stateless\/2020\/08\/09405aaf-gp0stqpx6_web_size.jpg","p4_og_image_id":"16684","p4_seo_canonical_url":"","p4_campaign_name":"not set","p4_local_project":"not set","p4_basket_name":"not set","p4_department":"","footnotes":""},"categories":[105],"tags":[71],"p4-page-type":[117],"class_list":["post-16678","post","type-post","status-publish","format-standard","has-post-thumbnail","hentry","category-preserver-la-beaute-de-notre-planete","tag-alimentation","p4-page-type-communique-de-presse"],"_links":{"self":[{"href":"https:\/\/www.greenpeace.org\/belgium\/fr\/wp-json\/wp\/v2\/posts\/16678","targetHints":{"allow":["GET"]}}],"collection":[{"href":"https:\/\/www.greenpeace.org\/belgium\/fr\/wp-json\/wp\/v2\/posts"}],"about":[{"href":"https:\/\/www.greenpeace.org\/belgium\/fr\/wp-json\/wp\/v2\/types\/post"}],"author":[{"embeddable":true,"href":"https:\/\/www.greenpeace.org\/belgium\/fr\/wp-json\/wp\/v2\/users\/49"}],"replies":[{"embeddable":true,"href":"https:\/\/www.greenpeace.org\/belgium\/fr\/wp-json\/wp\/v2\/comments?post=16678"}],"version-history":[{"count":4,"href":"https:\/\/www.greenpeace.org\/belgium\/fr\/wp-json\/wp\/v2\/posts\/16678\/revisions"}],"predecessor-version":[{"id":25305,"href":"https:\/\/www.greenpeace.org\/belgium\/fr\/wp-json\/wp\/v2\/posts\/16678\/revisions\/25305"}],"wp:featuredmedia":[{"embeddable":true,"href":"https:\/\/www.greenpeace.org\/belgium\/fr\/wp-json\/wp\/v2\/media\/16684"}],"wp:attachment":[{"href":"https:\/\/www.greenpeace.org\/belgium\/fr\/wp-json\/wp\/v2\/media?parent=16678"}],"wp:term":[{"taxonomy":"category","embeddable":true,"href":"https:\/\/www.greenpeace.org\/belgium\/fr\/wp-json\/wp\/v2\/categories?post=16678"},{"taxonomy":"post_tag","embeddable":true,"href":"https:\/\/www.greenpeace.org\/belgium\/fr\/wp-json\/wp\/v2\/tags?post=16678"},{"taxonomy":"p4-page-type","embeddable":true,"href":"https:\/\/www.greenpeace.org\/belgium\/fr\/wp-json\/wp\/v2\/p4-page-type?post=16678"}],"curies":[{"name":"wp","href":"https:\/\/api.w.org\/{rel}","templated":true}]}}