{"id":16953,"date":"2020-08-18T13:52:40","date_gmt":"2020-08-18T12:52:40","guid":{"rendered":"https:\/\/www.greenpeace.org\/belgium\/?p=16953"},"modified":"2021-12-01T14:07:53","modified_gmt":"2021-12-01T13:07:53","slug":"fuites-de-methane-en-mer-du-nord-lindustrie-petroliere-pointee-du-doigt","status":"publish","type":"post","link":"https:\/\/www.greenpeace.org\/belgium\/fr\/actualites-blog\/16953\/fuites-de-methane-en-mer-du-nord-lindustrie-petroliere-pointee-du-doigt\/","title":{"rendered":"Fuites de m\u00e9thane en mer du Nord : l\u2019industrie p\u00e9troli\u00e8re point\u00e9e du doigt"},"content":{"rendered":"\n<p><strong>Les scientifiques et militants, pr\u00e9sents \u00e0 bord de notre bateau l\u2019Esperanza, ont d\u00e9tect\u00e9 une importante fuite de m\u00e9thane dans la partie britannique de la mer du Nord. A l\u2019aide d\u2019un v\u00e9hicule sous-marin t\u00e9l\u00e9command\u00e9, ils ont film\u00e9 deux crat\u00e8res qui \u00e9mettent du m\u00e9thane \u00e0 une profondeur d\u2019environ 100 m\u00e8tres. Il est plus qu\u2019urgent de tourner le dos aux forages p\u00e9troliers et gaziers qui polluent nos mers et nos oc\u00e9ans !<\/strong><\/p>\n\n<figure class=\"wp-block-image size-large  caption-style-blue-overlay caption-alignment-center\"><img loading=\"lazy\" decoding=\"async\" width=\"999\" height=\"663\" src=\"https:\/\/www.greenpeace.org\/static\/planet4-belgium-stateless\/2020\/08\/d3dfcf24-north_sea_methan3.jpg\" alt=\"Fuites de m\u00e9thane en mer du Nord : l\u2019industrie p\u00e9troli\u00e8re point\u00e9e du doigt\" class=\"wp-image-16954\" srcset=\"https:\/\/www.greenpeace.org\/static\/planet4-belgium-stateless\/2020\/08\/d3dfcf24-north_sea_methan3.jpg 999w, https:\/\/www.greenpeace.org\/static\/planet4-belgium-stateless\/2020\/08\/d3dfcf24-north_sea_methan3-300x199.jpg 300w, https:\/\/www.greenpeace.org\/static\/planet4-belgium-stateless\/2020\/08\/d3dfcf24-north_sea_methan3-768x510.jpg 768w, https:\/\/www.greenpeace.org\/static\/planet4-belgium-stateless\/2020\/08\/d3dfcf24-north_sea_methan3-510x338.jpg 510w\" sizes=\"auto, (max-width: 999px) 100vw, 999px\" \/><\/figure>\n\n<span class=\"mid-button-fix\"><a class=\"cta-blog-button-mid\" href=\"https:\/\/act.greenpeace.org\/page\/41085\/petition\/1?locale=fr-BE&amp;_ga=2.148649911.1693977158.1597647721-1196662472.1597415780\" target=\"_blank\" rel=\"noopener noreferrer\">Je signe pour la protection des oc\u00e9ans <\/a><\/span>\n\n<p>Les crat\u00e8res en question ont un diam\u00e8tre de 15 \u00e0 50 m\u00e8tres et une profondeur de 9 \u00e0 20 m\u00e8tres. C\u2019est \u00e9norme ! Ces crat\u00e8res se sont form\u00e9s en 1990, lorsque Mobil North Sea (aujourd\u2019hui Exxon Mobil) a, lors de forages p\u00e9troliers, accidentellement touch\u00e9 une conduite de gaz d\u2019une plate forme de forage \u00e0 proximit\u00e9. Aujourd\u2019hui, 30 ans plus tard, ces crat\u00e8res continuent \u00e0 rel\u00e2cher du m\u00e9thane en mer du Nord.&nbsp;<\/p>\n\n<h3 class=\"wp-block-heading\">Des tonnes de m\u00e9thane d\u00e9vers\u00e9es en mer tous les ans&nbsp;&nbsp;<\/h3>\n\n<figure class=\"wp-block-image size-large  caption-style-blue-overlay caption-alignment-center\"><img loading=\"lazy\" decoding=\"async\" width=\"999\" height=\"663\" src=\"https:\/\/www.greenpeace.org\/static\/planet4-belgium-stateless\/2020\/08\/5844ab45-north_sea_methan2.jpg\" alt=\"Fuites de m\u00e9thane en mer du Nord : l\u2019industrie p\u00e9troli\u00e8re point\u00e9e du doigt\" class=\"wp-image-16956\" srcset=\"https:\/\/www.greenpeace.org\/static\/planet4-belgium-stateless\/2020\/08\/5844ab45-north_sea_methan2.jpg 999w, https:\/\/www.greenpeace.org\/static\/planet4-belgium-stateless\/2020\/08\/5844ab45-north_sea_methan2-300x199.jpg 300w, https:\/\/www.greenpeace.org\/static\/planet4-belgium-stateless\/2020\/08\/5844ab45-north_sea_methan2-768x510.jpg 768w, https:\/\/www.greenpeace.org\/static\/planet4-belgium-stateless\/2020\/08\/5844ab45-north_sea_methan2-510x338.jpg 510w\" sizes=\"auto, (max-width: 999px) 100vw, 999px\" \/><\/figure>\n\n<p>En 2015 d\u00e9j\u00e0, une \u00e9quipe internationale de scientifiques s\u2019est rendue sur place pour y mener des recherches. Ils ont estim\u00e9 \u00e0 l\u2019\u00e9poque que jusqu\u2019\u00e0 90 litres de m\u00e9thane s\u2019\u00e9chappaient des crat\u00e8res chaque seconde ! Et pourtant, en 2000, l\u2019Etat britannique a jug\u00e9 que cela ne m\u00e9ritait aucune attention particuli\u00e8re, s\u2019appuyant sur l\u2019hypoth\u00e8se que ces r\u00e9serves de gaz seraient bient\u00f4t \u00e9puis\u00e9es. Ce n\u2019est toujours pas le cas aujourd\u2019hui, 20 ans plus tard. Le m\u00e9thane est une substance nocive. C\u2019est un gaz destructeur du climat, 28 fois plus puissant que le dioxyde de carbone.<\/p>\n\n<p>Ces crat\u00e8res ne sont malheureusement pas un cas isol\u00e9 \u2026 Du m\u00e9thane s\u2019\u00e9chappe en de nombreux endroits de la mer du Nord. Mais au lieu de surveiller et de colmater ces fuites, l\u2019industrie p\u00e9troli\u00e8re et gazi\u00e8re s\u2019obstine \u00e0 forer le sol marin. Et pendant ce temps, les d\u00e9cideurs se voilent la face.&nbsp;&nbsp;<\/p>\n\n<p>Selon une \u00e9tude ind\u00e9pendante r\u00e9cente, de 8.000 \u00e0 30.000 tonnes de m\u00e9thane s&rsquo;\u00e9chappent de plus de 15.000 puits de forage en Mer du Nord. Cette pollution s&rsquo;ajoute aux 72.000 tonnes de m\u00e9thane \u00e9mises par les plateformes qui y sont actives.<\/p>\n\n<h3 class=\"wp-block-heading\">Pas de business as usual&nbsp;<\/h3>\n\n<figure class=\"wp-block-image size-large  caption-style-blue-overlay caption-alignment-center\"><img loading=\"lazy\" decoding=\"async\" width=\"999\" height=\"663\" src=\"https:\/\/www.greenpeace.org\/static\/planet4-belgium-stateless\/2020\/08\/0b8b8d12-north_sea_methan.jpg\" alt=\"Fuites de m\u00e9thane en mer du Nord : l\u2019industrie p\u00e9troli\u00e8re point\u00e9e du doigt\" class=\"wp-image-16958\" srcset=\"https:\/\/www.greenpeace.org\/static\/planet4-belgium-stateless\/2020\/08\/0b8b8d12-north_sea_methan.jpg 999w, https:\/\/www.greenpeace.org\/static\/planet4-belgium-stateless\/2020\/08\/0b8b8d12-north_sea_methan-300x199.jpg 300w, https:\/\/www.greenpeace.org\/static\/planet4-belgium-stateless\/2020\/08\/0b8b8d12-north_sea_methan-768x510.jpg 768w, https:\/\/www.greenpeace.org\/static\/planet4-belgium-stateless\/2020\/08\/0b8b8d12-north_sea_methan-510x338.jpg 510w\" sizes=\"auto, (max-width: 999px) 100vw, 999px\" \/><\/figure>\n\n<p>L\u2019industrie p\u00e9troli\u00e8re et gazi\u00e8re alimente la <a href=\"https:\/\/www.greenpeace.org\/belgium\/fr\/tag\/oceans\/\">crise climatique<\/a> et pollue nos <a href=\"https:\/\/www.greenpeace.org\/belgium\/fr\/tag\/oceans\/\">oc\u00e9ans<\/a>. Et ce, depuis des ann\u00e9es. Cette industrie n\u2019a tout simplement pas sa place dans le nouveau monde \u00e0 b\u00e2tir pour l\u2019apr\u00e8s corona. Nous devons op\u00e9rer une transition rapide vers les \u00e9nergies renouvelables et assurer une transition vers les industries du futur.&nbsp;&nbsp;<\/p>\n\n<p>Il n\u2019est pas question de retourner vers un <em>business as usual<\/em> et c\u2019est pourquoi deux de nos navires, l\u2019Esperanza et le Rainbow Warrior, font une tourn\u00e9e d\u2019un mois pour d\u00e9noncer l\u2019impact des forages p\u00e9troliers en mer du Nord. Il est urgent de prot\u00e9ger nos oc\u00e9ans d\u00e8s maintenant !&nbsp;<\/p>\n\n<a class=\"cta-blog-button\" href=\"https:\/\/act.greenpeace.org\/page\/41085\/petition\/1?locale=fr-BE&amp;_ga=2.148649911.1693977158.1597647721-1196662472.1597415780\" target=\"_blank\" rel=\"noopener noreferrer\">Je signe pour la protection des oc\u00e9ans <\/a>\n\n<span class=\"shareSocialArea\">\n<a class=\"shareFacebook\" href=\"https:\/\/www.facebook.com\/sharer\/sharer.php?u=https:\/\/www.greenpeace.org\/belgium\/fr\/blog\/16953\/fuites-de-methane-en-mer-du-nord-lindustrie-petroliere-pointee-du-doigt\/\" target=\"_blank\" rel=\"noopener noreferrer\">Je partage sur Facebook<\/a>\n<a class=\"shareTwitter\" href=\"https:\/\/twitter.com\/share?url=https:\/\/www.greenpeace.org\/belgium\/fr\/blog\/16953\/fuites-de-methane-en-mer-du-nord-lindustrie-petroliere-pointee-du-doigt\/&#038;text=Fuites%20de%20m%C3%A9thane%20en%20mer%20du%20Nord%20:%20l%E2%80%99industrie%20p%C3%A9troli%C3%A8re%20point%C3%A9e%20du%20doigt%20-%20Les%20scientifiques%20et%20militants%20de%20Greenpeace,%20pr%C3%A9sents%20%C3%A0%20bord%20de%20l%E2%80%99Esperanza,%20ont%20d%C3%A9tect%C3%A9%20une%20importante%20fuite%20de%20m%C3%A9thane%20dans%20la%20partie%20britannique%20de%20la%20mer%20du%20Nord.%20%20via%20@greenpeace_be&#038;related=greenpeace_be\" target=\"_blank\" rel=\"noopener noreferrer\">Je partage sur Twitter<\/a>\n<a class=\"shareWhatsapp\" href=\"https:\/\/api.whatsapp.com\/send?text=Fuites+de+m%C3%A9thane+en+mer+du+Nord+%3A+l%E2%80%99industrie+p%C3%A9troli%C3%A8re+point%C3%A9e+du+doigt+https%3A%2F%2Fwww.greenpeace.org%2Fbelgium%2Ffr%2Fblog%2F16953%2Ffuites-de-methane-en-mer-du-nord-lindustrie-petroliere-pointee-du-doigt%2F\" target=\"_blank\" rel=\"noopener noreferrer\">Je partage sur Whatsapp<\/a>\n<\/span>\n\n<table class=\"hideme\" style=\"width: 100%;\" width=\"100%\">\n<tbody>\n<tr style=\"width: 100%;\">\n<td class=\"icon\"><a href=\"https:\/\/www.facebook.com\/greenpeace.belgium\" target=\"_blank\" rel=\"noopener noreferrer\">\n<img decoding=\"async\" title=\"Facebook\" src=\"https:\/\/www.greenpeace.org\/static\/planet4-belgium-stateless\/2019\/09\/09281872-fb.png\" alt=\"Facebook\" width=\"100%\">\n<\/a><\/td>\n<td class=\"name\"><a href=\"https:\/\/www.facebook.com\/greenpeace.belgium\" target=\"_blank\" rel=\"noopener noreferrer\">\nFacebook\n<\/a><\/td>\n<td class=\"icon\"><a href=\"https:\/\/www.instagram.com\/greenpeace_be\/\" target=\"_blank\" rel=\"noopener noreferrer\">\n<img decoding=\"async\" title=\"Instagram\" src=\"https:\/\/www.greenpeace.org\/static\/planet4-belgium-stateless\/2019\/09\/89871ad4-insta.png\" alt=\"Instagram\" width=\"100%\">\n<\/a><\/td>\n<td class=\"name\"><a href=\"https:\/\/www.instagram.com\/greenpeace_be\/\" target=\"_blank\" rel=\"noopener noreferrer\">\nInstagram\n<\/a><\/td>\n<td class=\"icon\"><a href=\"https:\/\/twitter.com\/greenpeace_be\" target=\"_blank\" rel=\"noopener noreferrer\">\n<img decoding=\"async\" title=\"Twitter\" src=\"https:\/\/www.greenpeace.org\/static\/planet4-belgium-stateless\/2019\/09\/aebb8c6a-tw.png\" alt=\"Twitter\" width=\"100%\">\n<\/a><\/td>\n<td class=\"name\"><a href=\"https:\/\/twitter.com\/greenpeace_be\" target=\"_blank\" rel=\"noopener noreferrer\">\nTwitter\n<\/a><\/td>\n<td class=\"icon\"><a href=\"https:\/\/www.youtube.com\/user\/GreenpeaceBelgium\" target=\"_blank\" rel=\"noopener noreferrer\">\n<img decoding=\"async\" title=\"YouTube\" src=\"https:\/\/www.greenpeace.org\/static\/planet4-belgium-stateless\/2019\/09\/4fd7759c-yt.png\" alt=\"YouTube\" width=\"100%\">\n<\/a><\/td>\n<td class=\"name\"><a href=\"https:\/\/www.youtube.com\/user\/GreenpeaceBelgium\" target=\"_blank\" rel=\"noopener noreferrer\">\nYouTube\n<\/a><\/td>\n<td class=\"icon\"><a href=\"https:\/\/www.pinterest.com\/greenpeacebe\/\" target=\"_blank\" rel=\"noopener noreferrer\">\n<img decoding=\"async\" title=\"YouTube\" src=\"https:\/\/www.greenpeace.org\/static\/planet4-belgium-stateless\/2020\/05\/4454201c-pinterest.png\" alt=\"Pinterest\" width=\"100%\">\n<\/a><\/td>\n<td class=\"name\"><a href=\"https:\/\/www.pinterest.com\/greenpeacebe\/\" target=\"_blank\" rel=\"noopener noreferrer\">\nPinterest\n<\/a><\/td>\n<\/tr>\n<\/tbody>\n<\/table>\n<div class=\"EmptyMessage\">Block content is empty. Check the block&rsquo;s settings or remove it.<\/div>","protected":false},"excerpt":{"rendered":"<p>Les scientifiques et militants, pr\u00e9sents \u00e0 bord de notre bateau l\u2019Esperanza, ont d\u00e9tect\u00e9 une importante fuite de m\u00e9thane dans la partie britannique de la mer du Nord. A l\u2019aide d\u2019un&hellip;<\/p>\n","protected":false},"author":49,"featured_media":16954,"comment_status":"closed","ping_status":"closed","sticky":false,"template":"","format":"standard","meta":{"ep_exclude_from_search":false,"p4_og_title":"Fuites de m\u00e9thane en mer du Nord : l\u2019industrie p\u00e9troli\u00e8re point\u00e9e du doigt","p4_og_description":"Les scientifiques et militants de Greenpeace, pr\u00e9sents \u00e0 bord de l\u2019Esperanza, ont d\u00e9tect\u00e9 une importante fuite de m\u00e9thane dans la partie britannique de la mer du Nord. ","p4_og_image":"","p4_og_image_id":"","p4_seo_canonical_url":"","p4_campaign_name":"not set","p4_local_project":"not set","p4_basket_name":"not set","p4_department":"","footnotes":""},"categories":[106],"tags":[82,86],"p4-page-type":[116],"class_list":["post-16953","post","type-post","status-publish","format-standard","has-post-thumbnail","hentry","category-il-est-encore-temps","tag-oceans","tag-climat","p4-page-type-actualites-blog"],"_links":{"self":[{"href":"https:\/\/www.greenpeace.org\/belgium\/fr\/wp-json\/wp\/v2\/posts\/16953","targetHints":{"allow":["GET"]}}],"collection":[{"href":"https:\/\/www.greenpeace.org\/belgium\/fr\/wp-json\/wp\/v2\/posts"}],"about":[{"href":"https:\/\/www.greenpeace.org\/belgium\/fr\/wp-json\/wp\/v2\/types\/post"}],"author":[{"embeddable":true,"href":"https:\/\/www.greenpeace.org\/belgium\/fr\/wp-json\/wp\/v2\/users\/49"}],"replies":[{"embeddable":true,"href":"https:\/\/www.greenpeace.org\/belgium\/fr\/wp-json\/wp\/v2\/comments?post=16953"}],"version-history":[{"count":7,"href":"https:\/\/www.greenpeace.org\/belgium\/fr\/wp-json\/wp\/v2\/posts\/16953\/revisions"}],"predecessor-version":[{"id":25295,"href":"https:\/\/www.greenpeace.org\/belgium\/fr\/wp-json\/wp\/v2\/posts\/16953\/revisions\/25295"}],"wp:featuredmedia":[{"embeddable":true,"href":"https:\/\/www.greenpeace.org\/belgium\/fr\/wp-json\/wp\/v2\/media\/16954"}],"wp:attachment":[{"href":"https:\/\/www.greenpeace.org\/belgium\/fr\/wp-json\/wp\/v2\/media?parent=16953"}],"wp:term":[{"taxonomy":"category","embeddable":true,"href":"https:\/\/www.greenpeace.org\/belgium\/fr\/wp-json\/wp\/v2\/categories?post=16953"},{"taxonomy":"post_tag","embeddable":true,"href":"https:\/\/www.greenpeace.org\/belgium\/fr\/wp-json\/wp\/v2\/tags?post=16953"},{"taxonomy":"p4-page-type","embeddable":true,"href":"https:\/\/www.greenpeace.org\/belgium\/fr\/wp-json\/wp\/v2\/p4-page-type?post=16953"}],"curies":[{"name":"wp","href":"https:\/\/api.w.org\/{rel}","templated":true}]}}