{"id":17321,"date":"2020-09-14T04:00:00","date_gmt":"2020-09-14T02:00:00","guid":{"rendered":"https:\/\/www.greenpeace.org\/belgium\/?p=17321"},"modified":"2020-09-15T14:17:59","modified_gmt":"2020-09-15T12:17:59","slug":"lheure-dun-changement-radical-a-sonne","status":"publish","type":"post","link":"https:\/\/www.greenpeace.org\/belgium\/fr\/rapport\/17321\/lheure-dun-changement-radical-a-sonne\/","title":{"rendered":"L\u2019heure d\u2019un changement radical a sonn\u00e9"},"content":{"rendered":"\n<p>Feuille de route pour d\u00e9carboner le secteur europ\u00e9en des transports d\u2019ici 2040 : ce travail vise \u00e0 offrir aux d\u00e9cideurs une feuille de route pour aborder une transition d\u2019une ampleur et d\u2019une rapidit\u00e9 conforme aux recommandations de la communaut\u00e9 scientifique, et pour contribuer de mani\u00e8re \u00e9quitable \u00e0 la limitation du r\u00e9chauffement climatique \u00e0 1,5 \u00b0C.<\/p>\n\n<div class=\"wp-block-buttons is-layout-flex wp-block-buttons-is-layout-flex\">\n<div class=\"wp-block-button is-style-cta\"><a class=\"wp-block-button__link\" href=\"https:\/\/www.greenpeace.org\/static\/planet4-belgium-stateless\/2020\/09\/25c3a2f2-radical-movement-summary-briefing-fr-final.pdf\" target=\"_blank\" rel=\"noreferrer noopener\">T\u00e9l\u00e9charger le r\u00e9sum\u00e9 iCi<\/a><\/div>\n<\/div>\n\n<p><a href=\"https:\/\/www.greenpeace.org\/static\/planet4-belgium-stateless\/2020\/09\/6a3a7fc4-transportroadmap_report_september2020_2.pdf\">Rapport complet  (en anglais)<\/a><\/p>\n\n<p><a href=\"https:\/\/www.greenpeace.org\/static\/planet4-belgium-stateless\/2020\/09\/fa44a24a-transport-roadmap-media-briefing_fr.pdf\">Media briefing (en fran\u00e7ais)<\/a><\/p>\n","protected":false},"excerpt":{"rendered":"<p>Feuille de route pour d\u00e9carboner le secteur europ\u00e9en des transports d\u2019ici 2040.<\/p>\n","protected":false},"author":49,"featured_media":16465,"comment_status":"closed","ping_status":"closed","sticky":false,"template":"","format":"standard","meta":{"ep_exclude_from_search":false,"p4_og_title":"","p4_og_description":"","p4_og_image":"","p4_og_image_id":"","p4_seo_canonical_url":"","p4_campaign_name":"not set","p4_local_project":"not set","p4_basket_name":"not set","p4_department":"","footnotes":""},"categories":[1],"tags":[74,86],"p4-page-type":[119],"class_list":["post-17321","post","type-post","status-publish","format-standard","has-post-thumbnail","hentry","category-non-classifiee","tag-mobilite","tag-climat","p4-page-type-rapport"],"_links":{"self":[{"href":"https:\/\/www.greenpeace.org\/belgium\/fr\/wp-json\/wp\/v2\/posts\/17321","targetHints":{"allow":["GET"]}}],"collection":[{"href":"https:\/\/www.greenpeace.org\/belgium\/fr\/wp-json\/wp\/v2\/posts"}],"about":[{"href":"https:\/\/www.greenpeace.org\/belgium\/fr\/wp-json\/wp\/v2\/types\/post"}],"author":[{"embeddable":true,"href":"https:\/\/www.greenpeace.org\/belgium\/fr\/wp-json\/wp\/v2\/users\/49"}],"replies":[{"embeddable":true,"href":"https:\/\/www.greenpeace.org\/belgium\/fr\/wp-json\/wp\/v2\/comments?post=17321"}],"version-history":[{"count":8,"href":"https:\/\/www.greenpeace.org\/belgium\/fr\/wp-json\/wp\/v2\/posts\/17321\/revisions"}],"predecessor-version":[{"id":17523,"href":"https:\/\/www.greenpeace.org\/belgium\/fr\/wp-json\/wp\/v2\/posts\/17321\/revisions\/17523"}],"wp:featuredmedia":[{"embeddable":true,"href":"https:\/\/www.greenpeace.org\/belgium\/fr\/wp-json\/wp\/v2\/media\/16465"}],"wp:attachment":[{"href":"https:\/\/www.greenpeace.org\/belgium\/fr\/wp-json\/wp\/v2\/media?parent=17321"}],"wp:term":[{"taxonomy":"category","embeddable":true,"href":"https:\/\/www.greenpeace.org\/belgium\/fr\/wp-json\/wp\/v2\/categories?post=17321"},{"taxonomy":"post_tag","embeddable":true,"href":"https:\/\/www.greenpeace.org\/belgium\/fr\/wp-json\/wp\/v2\/tags?post=17321"},{"taxonomy":"p4-page-type","embeddable":true,"href":"https:\/\/www.greenpeace.org\/belgium\/fr\/wp-json\/wp\/v2\/p4-page-type?post=17321"}],"curies":[{"name":"wp","href":"https:\/\/api.w.org\/{rel}","templated":true}]}}