{"id":17563,"date":"2020-09-18T10:32:01","date_gmt":"2020-09-18T08:32:01","guid":{"rendered":"https:\/\/www.greenpeace.org\/belgium\/?p=17563"},"modified":"2021-12-01T14:07:05","modified_gmt":"2021-12-01T13:07:05","slug":"agir-aux-cotes-des-defenseurs-de-la-foret-amazonienne","status":"publish","type":"post","link":"https:\/\/www.greenpeace.org\/belgium\/fr\/actualites-blog\/17563\/agir-aux-cotes-des-defenseurs-de-la-foret-amazonienne\/","title":{"rendered":"Agir aux c\u00f4t\u00e9s des d\u00e9fenseurs de la for\u00eat amazonienne"},"content":{"rendered":"\n<p><strong>La for\u00eat amazonienne br\u00fble toujours. C&rsquo;est un d\u00e9sastre pour la biodiversit\u00e9 et le climat sur terre. Mais les feux, allum\u00e9s souvent volontairement, pour faire place aux p\u00e2turages et aux plantations de soja sont aussi une attaque directe contre les groupes indig\u00e8nes qui vivent dans la for\u00eat amazonienne. Heureusement, ils ne restent pas les bras crois\u00e9s.&nbsp;<\/strong><\/p>\n\n<figure class=\"wp-block-image size-large  caption-style-blue-overlay caption-alignment-center\"><img loading=\"lazy\" decoding=\"async\" width=\"999\" height=\"663\" src=\"https:\/\/www.greenpeace.org\/static\/planet4-belgium-stateless\/2020\/09\/b919fd91-amazon_indigeneous_people2.jpg\" alt=\"Agir aux c\u00f4t\u00e9s des d\u00e9fenseurs de la for\u00eat amazonienne\" class=\"wp-image-17569\" srcset=\"https:\/\/www.greenpeace.org\/static\/planet4-belgium-stateless\/2020\/09\/b919fd91-amazon_indigeneous_people2.jpg 999w, https:\/\/www.greenpeace.org\/static\/planet4-belgium-stateless\/2020\/09\/b919fd91-amazon_indigeneous_people2-300x199.jpg 300w, https:\/\/www.greenpeace.org\/static\/planet4-belgium-stateless\/2020\/09\/b919fd91-amazon_indigeneous_people2-768x510.jpg 768w, https:\/\/www.greenpeace.org\/static\/planet4-belgium-stateless\/2020\/09\/b919fd91-amazon_indigeneous_people2-510x338.jpg 510w\" sizes=\"auto, (max-width: 999px) 100vw, 999px\" \/><figcaption> <a href=\"https:\/\/media.greenpeace.org\/C.aspx?VP3=DirectSearch&amp;AID=KWF6MYGBAR0\">\u00a9 Denisa \u0160terbov\u00e1 \/ Greenpeace<\/a><\/figcaption><\/figure>\n\n<span class=\"mid-button-fix\"><a class=\"cta-blog-button-mid\" href=\"https:\/\/www.greenpeace.org\/belgium\/fr\/agir\/demandez-a-la-commission-europeenne-une-loi-forte-contre-la-deforestation\/\" target=\"_blank\" rel=\"noopener noreferrer\">Et vous ? Participez \u00e0 la consultation publique<\/a><\/span>\n\n<h3 class=\"wp-block-heading\">Patrouilles<\/h3>\n\n<p>Il y a quelques mois \u00e0 peine, une<a href=\"https:\/\/amazonwatch.org\/news\/2020\/0717-indigenous-resistance-expels-oil-company-geopark-from-peruvian-amazon\"> communaut\u00e9 indig\u00e8ne est parvenue \u00e0 chasser la compagnie p\u00e9troli\u00e8re p\u00e9ruvienne GeoPark de l&rsquo;Amazonie<\/a> et ce, en multipliant leurs actions \u00e0 l\u2019encontre des d\u00e9cideurs politiques et des investisseurs internationaux. Certains groupes indig\u00e8nes organisent m\u00eame des <a href=\"https:\/\/www.greenmatters.com\/p\/amazon-rainforest-fires-indigenous-tribes\">patrouilles<\/a> sur leur territoire pour affronter les intrus, les b\u00fbcherons et les mineurs ill\u00e9gaux et pour tenter de les expulser. De cette fa\u00e7on, les communaut\u00e9s indig\u00e8nes prot\u00e8gent \u00e0 la fois leurs habitations et la biodiversit\u00e9 de la for\u00eat amazonienne.<\/p>\n\n<figure class=\"wp-block-image size-large  caption-style-blue-overlay caption-alignment-center\"><img loading=\"lazy\" decoding=\"async\" width=\"999\" height=\"663\" src=\"https:\/\/www.greenpeace.org\/static\/planet4-belgium-stateless\/2020\/09\/0fd911d7-amazon_indigeneous_people.jpg\" alt=\"Agir aux c\u00f4t\u00e9s des d\u00e9fenseurs de la for\u00eat amazonienne\" class=\"wp-image-17565\" srcset=\"https:\/\/www.greenpeace.org\/static\/planet4-belgium-stateless\/2020\/09\/0fd911d7-amazon_indigeneous_people.jpg 999w, https:\/\/www.greenpeace.org\/static\/planet4-belgium-stateless\/2020\/09\/0fd911d7-amazon_indigeneous_people-300x199.jpg 300w, https:\/\/www.greenpeace.org\/static\/planet4-belgium-stateless\/2020\/09\/0fd911d7-amazon_indigeneous_people-768x510.jpg 768w, https:\/\/www.greenpeace.org\/static\/planet4-belgium-stateless\/2020\/09\/0fd911d7-amazon_indigeneous_people-510x338.jpg 510w\" sizes=\"auto, (max-width: 999px) 100vw, 999px\" \/><\/figure>\n\n<h3 class=\"wp-block-heading\">En \u00e9quilibre avec la nature<\/h3>\n\n<p>Les populations indig\u00e8nes jouent m\u00eame un r\u00f4le cl\u00e9 pour combattre la crise climatique mondiale. Avec leur <a href=\"https:\/\/www.theguardian.com\/environment\/2020\/aug\/10\/the-amazon-is-the-vagina-of-the-world-why-women-are-key-to-saving-brazils-forests-aoe\">campagne #CuraDaTerra (prenez soin de la plan\u00e8te)<\/a>, par exemple, les peuples indig\u00e8nes montrent comment leur mode de vie peut offrir une solution. Un mode de vie qui s&rsquo;oppose \u00e0 un mod\u00e8le de croissance \u00e9tabli, qui donne l&rsquo;exemple d&rsquo;une bonne symbiose avec la nature et qui est bas\u00e9 sur les connaissances traditionnelles de l&rsquo;environnement. La richesse naturelle des \u00e9cosyst\u00e8mes de la for\u00eat amazonienne prouve \u00e0 quel point leur culture r\u00e9ussit \u00e0 vivre en \u00e9quilibre avec la nature.<\/p>\n\n<figure class=\"wp-block-image size-large  caption-style-blue-overlay caption-alignment-center\"><img loading=\"lazy\" decoding=\"async\" width=\"999\" height=\"663\" src=\"https:\/\/www.greenpeace.org\/static\/planet4-belgium-stateless\/2020\/09\/d06280c4-amazon_rainbow_biodiversity.jpg\" alt=\"Agir aux c\u00f4t\u00e9s des d\u00e9fenseurs de la for\u00eat amazonienne\" class=\"wp-image-17217\" srcset=\"https:\/\/www.greenpeace.org\/static\/planet4-belgium-stateless\/2020\/09\/d06280c4-amazon_rainbow_biodiversity.jpg 999w, https:\/\/www.greenpeace.org\/static\/planet4-belgium-stateless\/2020\/09\/d06280c4-amazon_rainbow_biodiversity-300x199.jpg 300w, https:\/\/www.greenpeace.org\/static\/planet4-belgium-stateless\/2020\/09\/d06280c4-amazon_rainbow_biodiversity-768x510.jpg 768w, https:\/\/www.greenpeace.org\/static\/planet4-belgium-stateless\/2020\/09\/d06280c4-amazon_rainbow_biodiversity-510x338.jpg 510w\" sizes=\"auto, (max-width: 999px) 100vw, 999px\" \/><\/figure>\n\n<h3 class=\"wp-block-heading\">Se battre pour ses propres enfants<\/h3>\n\n<p>Pourtant, c&rsquo;est pr\u00e9cis\u00e9ment leur culture et leur mode de vie qui sont aujourd&rsquo;hui menac\u00e9s. Dans une <a href=\"https:\/\/www.theguardian.com\/environment\/2020\/aug\/10\/the-amazon-is-the-vagina-of-the-world-why-women-are-key-to-saving-brazils-forests-aoe\">interview<\/a>, on a demand\u00e9 \u00e0 C\u00e9lia Xakriab\u00e1, leader indig\u00e8ne, ce que les Occidentaux pouvaient faire pour les aider dans ce combat. Voici sa r\u00e9ponse : \u00ab\u00a0Les gens peuvent se battre avec les peuples indig\u00e8nes comme s&rsquo;ils se battaient pour leurs propres enfants. Parce que quand on se bat avec les indig\u00e8nes, ce n&rsquo;est pas seulement une question de solidarit\u00e9. C&rsquo;est comme se battre pour sa propre famille, ses propres enfants, ses propres petits-enfants, car les peuples indig\u00e8nes prot\u00e8gent environ 82% de la biodiversit\u00e9 mondiale\u00a0\u00bb.<\/p>\n\n<figure class=\"wp-block-image size-large  caption-style-blue-overlay caption-alignment-center\"><img loading=\"lazy\" decoding=\"async\" width=\"999\" height=\"663\" src=\"https:\/\/www.greenpeace.org\/static\/planet4-belgium-stateless\/2020\/09\/1f463102-amazon_indigeneous_people3.jpg\" alt=\"Agir aux c\u00f4t\u00e9s des d\u00e9fenseurs de la for\u00eat amazonienne\" class=\"wp-image-17567\" srcset=\"https:\/\/www.greenpeace.org\/static\/planet4-belgium-stateless\/2020\/09\/1f463102-amazon_indigeneous_people3.jpg 999w, https:\/\/www.greenpeace.org\/static\/planet4-belgium-stateless\/2020\/09\/1f463102-amazon_indigeneous_people3-300x199.jpg 300w, https:\/\/www.greenpeace.org\/static\/planet4-belgium-stateless\/2020\/09\/1f463102-amazon_indigeneous_people3-768x510.jpg 768w, https:\/\/www.greenpeace.org\/static\/planet4-belgium-stateless\/2020\/09\/1f463102-amazon_indigeneous_people3-510x338.jpg 510w\" sizes=\"auto, (max-width: 999px) 100vw, 999px\" \/><figcaption>\u00a9 Midia NINJA organisation<\/figcaption><\/figure>\n\n<h3 class=\"wp-block-heading\">A votre tour<\/h3>\n\n<p>De chez vous, vous pouvez contribuer \u00e0 prot\u00e9ger l\u2019Amazonie. Il y a quelques jours, la Commission europ\u00e9enne a ouvert une consultation publique sur la d\u00e9forestation. C\u2019est une chance que nous devons saisir pour appeler \u00e0 une loi europ\u00e9enne pour emp\u00eacher les produits li\u00e9s \u00e0 la d\u00e9forestation d\u2019entrer sur le march\u00e9 europ\u00e9en.&nbsp;<\/p>\n\n<figure class=\"wp-block-image size-large  caption-style-blue-overlay caption-alignment-center\"><img loading=\"lazy\" decoding=\"async\" width=\"999\" height=\"663\" src=\"https:\/\/www.greenpeace.org\/static\/planet4-belgium-stateless\/2020\/09\/2b24a8e6-amazon_11september.jpg\" alt=\"\" class=\"wp-image-17366\" srcset=\"https:\/\/www.greenpeace.org\/static\/planet4-belgium-stateless\/2020\/09\/2b24a8e6-amazon_11september.jpg 999w, https:\/\/www.greenpeace.org\/static\/planet4-belgium-stateless\/2020\/09\/2b24a8e6-amazon_11september-300x199.jpg 300w, https:\/\/www.greenpeace.org\/static\/planet4-belgium-stateless\/2020\/09\/2b24a8e6-amazon_11september-768x510.jpg 768w, https:\/\/www.greenpeace.org\/static\/planet4-belgium-stateless\/2020\/09\/2b24a8e6-amazon_11september-510x338.jpg 510w\" sizes=\"auto, (max-width: 999px) 100vw, 999px\" \/><\/figure>\n\n<p>La consultation publique sera ouverte jusqu\u2019au 10 d\u00e9cembre. C\u2019est une occasion unique de ralentir consid\u00e9rablement la destruction des for\u00eats. En participant \u00e0 cette consultation publique, vous contribuez \u00e0 sauver les for\u00eats tropicales humides, les prairies et les zones humides et \u00e0 lutter contre le changement climatique. Vous pouvez donner votre avis en remplissant vos coordonn\u00e9es dans<a href=\"https:\/\/www.greenpeace.org\/belgium\/fr\/agir\/demandez-a-la-commission-europeenne-une-loi-forte-contre-la-deforestation\/\"> ce formulaire<\/a>.<\/p>\n\n<a class=\"cta-blog-button\" href=\"https:\/\/www.greenpeace.org\/belgium\/fr\/agir\/demandez-a-la-commission-europeenne-une-loi-forte-contre-la-deforestation\/\" target=\"_blank\" rel=\"noopener noreferrer\">Je participe \u00e0 la consultation publique<\/a>\n\n<span class=\"shareSocialArea\">\n<a class=\"shareFacebook\" href=\"https:\/\/www.facebook.com\/sharer\/sharer.php?u=https:\/\/www.greenpeace.org\/belgium\/fr\/blog\/17563\/agir-aux-cotes-des-defenseurs-de-la-foret-amazonienne\/\" target=\"_blank\" rel=\"noopener noreferrer\">Je partage sur Facebook<\/a>\n<a class=\"shareTwitter\" href=\"https:\/\/twitter.com\/share?url=https:\/\/www.greenpeace.org\/belgium\/fr\/blog\/17563\/agir-aux-cotes-des-defenseurs-de-la-foret-amazonienne\/&#038;text=Agir%20aux%20c%C3%B4t%C3%A9s%20des%20d%C3%A9fenseurs%20de%20la%20for%C3%AAt%20amazonienne%20-%20La%20destruction%20de%20l%27Amazonie%20est%20une%20attaque%20directe%20contre%20les%20groupes%20indig%C3%A8nes%20qui%20vivent%20dans%20la%20for%C3%AAt.%20Heureusement,%20ils%20ne%20restent%20pas%20les%20bras%20crois%C3%A9s.%20%20via%20@greenpeace_be&#038;related=greenpeace_be\" target=\"_blank\" rel=\"noopener noreferrer\">Je partage sur Twitter<\/a>\n<a class=\"shareWhatsapp\" href=\"https:\/\/api.whatsapp.com\/send?text=Agir+aux+c%C3%B4t%C3%A9s+des+d%C3%A9fenseurs+de+la+for%C3%AAt+amazonienne+https%3A%2F%2Fwww.greenpeace.org%2Fbelgium%2Ffr%2Fblog%2F17563%2Fagir-aux-cotes-des-defenseurs-de-la-foret-amazonienne%2F\" target=\"_blank\" rel=\"noopener noreferrer\">Je partage sur Whatsapp<\/a>\n<\/span>\n\n<table class=\"hideme\" style=\"width: 100%;\" width=\"100%\">\n<tbody>\n<tr style=\"width: 100%;\">\n<td class=\"icon\"><a href=\"https:\/\/www.facebook.com\/greenpeace.belgium\" target=\"_blank\" rel=\"noopener noreferrer\">\n<img decoding=\"async\" title=\"Facebook\" src=\"https:\/\/www.greenpeace.org\/static\/planet4-belgium-stateless\/2019\/09\/09281872-fb.png\" alt=\"Facebook\" width=\"100%\">\n<\/a><\/td>\n<td class=\"name\"><a href=\"https:\/\/www.facebook.com\/greenpeace.belgium\" target=\"_blank\" rel=\"noopener noreferrer\">\nFacebook\n<\/a><\/td>\n<td class=\"icon\"><a href=\"https:\/\/www.instagram.com\/greenpeace_be\/\" target=\"_blank\" rel=\"noopener noreferrer\">\n<img decoding=\"async\" title=\"Instagram\" src=\"https:\/\/www.greenpeace.org\/static\/planet4-belgium-stateless\/2019\/09\/89871ad4-insta.png\" alt=\"Instagram\" width=\"100%\">\n<\/a><\/td>\n<td class=\"name\"><a href=\"https:\/\/www.instagram.com\/greenpeace_be\/\" target=\"_blank\" rel=\"noopener noreferrer\">\nInstagram\n<\/a><\/td>\n<td class=\"icon\"><a href=\"https:\/\/twitter.com\/greenpeace_be\" target=\"_blank\" rel=\"noopener noreferrer\">\n<img decoding=\"async\" title=\"Twitter\" src=\"https:\/\/www.greenpeace.org\/static\/planet4-belgium-stateless\/2019\/09\/aebb8c6a-tw.png\" alt=\"Twitter\" width=\"100%\">\n<\/a><\/td>\n<td class=\"name\"><a href=\"https:\/\/twitter.com\/greenpeace_be\" target=\"_blank\" rel=\"noopener noreferrer\">\nTwitter\n<\/a><\/td>\n<td class=\"icon\"><a href=\"https:\/\/www.youtube.com\/user\/GreenpeaceBelgium\" target=\"_blank\" rel=\"noopener noreferrer\">\n<img decoding=\"async\" title=\"YouTube\" src=\"https:\/\/www.greenpeace.org\/static\/planet4-belgium-stateless\/2019\/09\/4fd7759c-yt.png\" alt=\"YouTube\" width=\"100%\">\n<\/a><\/td>\n<td class=\"name\"><a href=\"https:\/\/www.youtube.com\/user\/GreenpeaceBelgium\" target=\"_blank\" rel=\"noopener noreferrer\">\nYouTube\n<\/a><\/td>\n<td class=\"icon\"><a href=\"https:\/\/www.pinterest.com\/greenpeacebe\/\" target=\"_blank\" rel=\"noopener noreferrer\">\n<img decoding=\"async\" title=\"YouTube\" src=\"https:\/\/www.greenpeace.org\/static\/planet4-belgium-stateless\/2020\/05\/4454201c-pinterest.png\" alt=\"Pinterest\" width=\"100%\">\n<\/a><\/td>\n<td class=\"name\"><a href=\"https:\/\/www.pinterest.com\/greenpeacebe\/\" target=\"_blank\" rel=\"noopener noreferrer\">\nPinterest\n<\/a><\/td>\n<\/tr>\n<\/tbody>\n<\/table>\n<div class=\"EmptyMessage\">Block content is empty. Check the block&rsquo;s settings or remove it.<\/div>","protected":false},"excerpt":{"rendered":"<p>La for\u00eat amazonienne br\u00fble toujours. C&rsquo;est un d\u00e9sastre pour la biodiversit\u00e9 et le climat sur terre. Mais les feux, allum\u00e9s souvent volontairement, pour faire place aux p\u00e2turages et aux plantations&hellip;<\/p>\n","protected":false},"author":49,"featured_media":17565,"comment_status":"closed","ping_status":"closed","sticky":false,"template":"","format":"standard","meta":{"ep_exclude_from_search":false,"p4_og_title":"Agir aux c\u00f4t\u00e9s des d\u00e9fenseurs de la for\u00eat amazonienne","p4_og_description":"La destruction de l'Amazonie est une attaque directe contre les groupes indig\u00e8nes qui vivent dans la for\u00eat. Heureusement, ils ne restent pas les bras crois\u00e9s. ","p4_og_image":"","p4_og_image_id":"","p4_seo_canonical_url":"","p4_campaign_name":"not set","p4_local_project":"not set","p4_basket_name":"not set","p4_department":"","footnotes":""},"categories":[107,1],"tags":[80],"p4-page-type":[116],"class_list":["post-17563","post","type-post","status-publish","format-standard","has-post-thumbnail","hentry","category-ensemble-nous-sommes-la-solution","category-non-classifiee","tag-forets","p4-page-type-actualites-blog"],"_links":{"self":[{"href":"https:\/\/www.greenpeace.org\/belgium\/fr\/wp-json\/wp\/v2\/posts\/17563","targetHints":{"allow":["GET"]}}],"collection":[{"href":"https:\/\/www.greenpeace.org\/belgium\/fr\/wp-json\/wp\/v2\/posts"}],"about":[{"href":"https:\/\/www.greenpeace.org\/belgium\/fr\/wp-json\/wp\/v2\/types\/post"}],"author":[{"embeddable":true,"href":"https:\/\/www.greenpeace.org\/belgium\/fr\/wp-json\/wp\/v2\/users\/49"}],"replies":[{"embeddable":true,"href":"https:\/\/www.greenpeace.org\/belgium\/fr\/wp-json\/wp\/v2\/comments?post=17563"}],"version-history":[{"count":6,"href":"https:\/\/www.greenpeace.org\/belgium\/fr\/wp-json\/wp\/v2\/posts\/17563\/revisions"}],"predecessor-version":[{"id":25275,"href":"https:\/\/www.greenpeace.org\/belgium\/fr\/wp-json\/wp\/v2\/posts\/17563\/revisions\/25275"}],"wp:featuredmedia":[{"embeddable":true,"href":"https:\/\/www.greenpeace.org\/belgium\/fr\/wp-json\/wp\/v2\/media\/17565"}],"wp:attachment":[{"href":"https:\/\/www.greenpeace.org\/belgium\/fr\/wp-json\/wp\/v2\/media?parent=17563"}],"wp:term":[{"taxonomy":"category","embeddable":true,"href":"https:\/\/www.greenpeace.org\/belgium\/fr\/wp-json\/wp\/v2\/categories?post=17563"},{"taxonomy":"post_tag","embeddable":true,"href":"https:\/\/www.greenpeace.org\/belgium\/fr\/wp-json\/wp\/v2\/tags?post=17563"},{"taxonomy":"p4-page-type","embeddable":true,"href":"https:\/\/www.greenpeace.org\/belgium\/fr\/wp-json\/wp\/v2\/p4-page-type?post=17563"}],"curies":[{"name":"wp","href":"https:\/\/api.w.org\/{rel}","templated":true}]}}