{"id":17590,"date":"2020-09-12T16:30:00","date_gmt":"2020-09-12T14:30:00","guid":{"rendered":"https:\/\/www.greenpeace.org\/belgium\/?p=17590"},"modified":"2020-09-18T16:39:23","modified_gmt":"2020-09-18T14:39:23","slug":"semaine-europeenne-de-la-mobilite-place-au-parking-day","status":"publish","type":"post","link":"https:\/\/www.greenpeace.org\/belgium\/fr\/communique-de-presse\/17590\/semaine-europeenne-de-la-mobilite-place-au-parking-day\/","title":{"rendered":"Semaine europ\u00e9enne de la mobilit\u00e9: place au PARK(ing) DAY !"},"content":{"rendered":"\n<p><strong>Dans le cadre de la Semaine europ\u00e9enne de la Mobilit\u00e9 (du 16 au 22 septembre), plusieurs antennes locales de&nbsp; Greenpeace participeront au PARK(ing) DAY, un \u00e9v\u00e9nement qui a pour but de r\u00e9fl\u00e9chir \u00e0 l\u2019utilisation de l\u2019espace en ville. Au total, Greenpeace organisera des activit\u00e9s autour de la mobilit\u00e9 et du PARK(ing) DAY dans six villes belges.<\/strong><\/p>\n\n<p>N\u00e9 \u00e0 San Francisco en 2005, le PARK(ing) DAY est un \u00e9v\u00e9nement mondial qui a lieu chaque ann\u00e9e le troisi\u00e8me week-end de septembre. C\u2019est l\u2019occasion pour les citoyens de transformer des places de parking en espaces de rencontre, de d\u00e9tente ou d\u2019y cr\u00e9er un espace vert. Cette ann\u00e9e, les groupes locaux de Greenpeace rejoignent l\u2019initiative.&nbsp;<\/p>\n\n<figure class=\"wp-block-image size-large  caption-style-blue-overlay caption-alignment-center\"><img loading=\"lazy\" decoding=\"async\" width=\"999\" height=\"663\" src=\"https:\/\/www.greenpeace.org\/static\/planet4-belgium-stateless\/2020\/09\/9bfbff46-parking_day.jpg\" alt=\"Semaine europ\u00e9enne de la mobilit\u00e9: place au PARK(ing) DAY !\" class=\"wp-image-17596\" srcset=\"https:\/\/www.greenpeace.org\/static\/planet4-belgium-stateless\/2020\/09\/9bfbff46-parking_day.jpg 999w, https:\/\/www.greenpeace.org\/static\/planet4-belgium-stateless\/2020\/09\/9bfbff46-parking_day-300x199.jpg 300w, https:\/\/www.greenpeace.org\/static\/planet4-belgium-stateless\/2020\/09\/9bfbff46-parking_day-768x510.jpg 768w, https:\/\/www.greenpeace.org\/static\/planet4-belgium-stateless\/2020\/09\/9bfbff46-parking_day-510x338.jpg 510w\" sizes=\"auto, (max-width: 999px) 100vw, 999px\" \/><\/figure>\n\n<p>Pendant une journ\u00e9e, les espaces b\u00e9tonn\u00e9s deviennent des lieux d\u2019initiatives engag\u00e9es, originales, cr\u00e9atives et \u00e9cologiques et surtout l&rsquo;occasion de r\u00e9fl\u00e9chir au partage de l&rsquo;espace public, d&rsquo;imaginer de nouveaux usages urbains et de formuler ensemble des propositions pour la ville de demain !<\/p>\n\n<p>C\u2019est ainsi que, par exemple, \u00e0 Namur&nbsp; vous pourrez assister \u00e0 une course d\u2019escargots. Le but \u00e9tant de reprendre conscience du temps et de la lenteur, c\u2019est&nbsp; l\u2019escargot le plus lent qui recevra le 1er prix. Vous pourrez prendre des cours de guitare gratuits \u00e0 Hasselt, suivre un atelier de s\u00e9rigraphie \u00e0 Louvain, des ateliers d&rsquo;art \u00e0 Gand ou encore jouer au casino avec des mati\u00e8res premi\u00e8res \u00e0 Bruxelles &#8230; pas assez ?<\/p>\n\n<p>Jonas, volontaire chez Greenpeace Gand : \u201c<em>Cette r\u00e9appropriation de l\u2019espace public questionne bien s\u00fbr la place de la voiture et l\u2019espace qu\u2019elle occupe en ville. Mais c\u2019est aussi plus que cela. Ce type d\u2019activit\u00e9 est bas\u00e9 sur la convivialit\u00e9, la rencontre avec les gens et l\u2019aspect ludique. \u00c0 travers ces activit\u00e9s, nous soulignons l\u2019importance de la qualit\u00e9 de vie dans nos quartiers, un \u00e9l\u00e9ment qui a souvent \u00e9t\u00e9 oubli\u00e9 au profit des v\u00e9hicules<\/em>\u201d.&nbsp;<\/p>\n\n<p>La crise du coronavirus nous a rappel\u00e9 l\u2019importance de pouvoir disposer <a href=\"https:\/\/www.greenpeace.org\/belgium\/fr\/blog\/9837\/davantage-de-nature-et-despace-dans-nos-quartiers\/\">d\u2019espaces ext\u00e9rieurs agr\u00e9ables<\/a>, verts, apais\u00e9s, pour se promener ou pour jouer. Surtout en ville o\u00f9 il s\u2019agit d\u2019une denr\u00e9e rare alors que beaucoup de gens habitent dans des logements parfois exigus et souvent sans jardin. Avec ses contraintes et ses restrictions, le coronavirus nous a toutefois permis de d\u00e9couvrir des villes moins bruyantes, avec un air plus sain. Ensuite, la canicule et la <a href=\"https:\/\/fr.wikipedia.org\/wiki\/%C3%8Elot_de_chaleur_urbain\">chaleur urbaine<\/a> ont retap\u00e9 sur le clou alors que les citadins cherchaient de l\u2019ombre et de la fra\u00eecheur.&nbsp;<\/p>\n\n<p><em>\u201cAujourd\u2019hui, les citadins r\u00e9clament ces pr\u00e9cieux m<\/em><em><sup>2<\/sup><\/em><em> dans l\u2019espace public pour montrer que l\u2019on peut y installer autre chose que des v\u00e9hicules priv\u00e9s immobilis\u00e9s pr\u00e8s de 95% du temps.&nbsp;<\/em><\/p>\n\n<p><em>La gestion du parking est un \u00e9l\u00e9ment incontournable d\u2019une politique de mobilit\u00e9 ambitieuse, en ligne avec le d\u00e9fi climatique et la pr\u00e9servation de la biodiversit\u00e9 : moins de voitures, plus d\u2019espace verts et d\u2019eau, des infrastructures pour la marche, le v\u00e9lo, les transports en commun et les v\u00e9hicules partag\u00e9s z\u00e9ro \u00e9mission<\/em>\u201d d\u00e9clare Elodie Mertz, experte en Mobilit\u00e9 chez Greenpeace Belgique.<\/p>\n\n<p><strong>Notes et contacts :<\/strong><\/p>\n\n<p>12\/9 Anvers &#8211; Patricia Schellekens 0477\/51.00.61<\/p>\n\n<p>12\/9 Bruxelles Greenpeace Youth &#8211; Bram Michielsen 0477\/73.06.48<\/p>\n\n<p>12\/9 Bruxelles &#8211; C\u00e9sar Sansone 0033\/67.23.96.820<\/p>\n\n<p>12\/9 Gand &#8211; Jonas Busseniers 0494\/62.58.24<\/p>\n\n<p>13\/9 Limbourg &#8211; Bo 0498\/81.07.59<\/p>\n\n<p>13\/9 Namur &#8211; Audrey Theunis 0496\/20.02.97<\/p>\n\n<p>16\/9 Louvain &#8211; Tobias Pans 0499\/13.28.65&nbsp;<\/p>\n\n<p>Service presse de Greenpeace Belgique 0496\/26.31.91 &#8211; bpress@greenpeace.org<\/p>\n","protected":false},"excerpt":{"rendered":"<p>Dans le cadre de la Semaine europ\u00e9enne de la Mobilit\u00e9 (du 16 au 22 septembre), plusieurs antennes locales de&nbsp; Greenpeace participeront au PARK(ing) DAY, un \u00e9v\u00e9nement qui a pour but&hellip;<\/p>\n","protected":false},"author":49,"featured_media":17596,"comment_status":"closed","ping_status":"closed","sticky":false,"template":"","format":"standard","meta":{"ep_exclude_from_search":false,"p4_og_title":"","p4_og_description":"","p4_og_image":"","p4_og_image_id":"","p4_seo_canonical_url":"","p4_campaign_name":"not set","p4_local_project":"not set","p4_basket_name":"not set","p4_department":"","footnotes":""},"categories":[1],"tags":[74,113],"p4-page-type":[117],"class_list":["post-17590","post","type-post","status-publish","format-standard","has-post-thumbnail","hentry","category-non-classifiee","tag-mobilite","tag-volontaires","p4-page-type-communique-de-presse"],"_links":{"self":[{"href":"https:\/\/www.greenpeace.org\/belgium\/fr\/wp-json\/wp\/v2\/posts\/17590","targetHints":{"allow":["GET"]}}],"collection":[{"href":"https:\/\/www.greenpeace.org\/belgium\/fr\/wp-json\/wp\/v2\/posts"}],"about":[{"href":"https:\/\/www.greenpeace.org\/belgium\/fr\/wp-json\/wp\/v2\/types\/post"}],"author":[{"embeddable":true,"href":"https:\/\/www.greenpeace.org\/belgium\/fr\/wp-json\/wp\/v2\/users\/49"}],"replies":[{"embeddable":true,"href":"https:\/\/www.greenpeace.org\/belgium\/fr\/wp-json\/wp\/v2\/comments?post=17590"}],"version-history":[{"count":3,"href":"https:\/\/www.greenpeace.org\/belgium\/fr\/wp-json\/wp\/v2\/posts\/17590\/revisions"}],"predecessor-version":[{"id":17598,"href":"https:\/\/www.greenpeace.org\/belgium\/fr\/wp-json\/wp\/v2\/posts\/17590\/revisions\/17598"}],"wp:featuredmedia":[{"embeddable":true,"href":"https:\/\/www.greenpeace.org\/belgium\/fr\/wp-json\/wp\/v2\/media\/17596"}],"wp:attachment":[{"href":"https:\/\/www.greenpeace.org\/belgium\/fr\/wp-json\/wp\/v2\/media?parent=17590"}],"wp:term":[{"taxonomy":"category","embeddable":true,"href":"https:\/\/www.greenpeace.org\/belgium\/fr\/wp-json\/wp\/v2\/categories?post=17590"},{"taxonomy":"post_tag","embeddable":true,"href":"https:\/\/www.greenpeace.org\/belgium\/fr\/wp-json\/wp\/v2\/tags?post=17590"},{"taxonomy":"p4-page-type","embeddable":true,"href":"https:\/\/www.greenpeace.org\/belgium\/fr\/wp-json\/wp\/v2\/p4-page-type?post=17590"}],"curies":[{"name":"wp","href":"https:\/\/api.w.org\/{rel}","templated":true}]}}