{"id":17623,"date":"2020-09-21T18:39:28","date_gmt":"2020-09-21T16:39:28","guid":{"rendered":"https:\/\/www.greenpeace.org\/belgium\/?p=17623"},"modified":"2020-09-21T18:39:29","modified_gmt":"2020-09-21T16:39:29","slug":"notre-climat-votre-mandat-les-activistes-de-youth-for-climate-et-de-greenpeace-exigent-des-negociateurs-quils-fassent-preuve-de-determination-et-dambition-en-matiere-de-climat","status":"publish","type":"post","link":"https:\/\/www.greenpeace.org\/belgium\/fr\/communique-de-presse\/17623\/notre-climat-votre-mandat-les-activistes-de-youth-for-climate-et-de-greenpeace-exigent-des-negociateurs-quils-fassent-preuve-de-determination-et-dambition-en-matiere-de-climat\/","title":{"rendered":"\u00ab\u00a0Notre climat, votre mandat\u201d &#8211; Les activistes de Youth For Climate et de Greenpeace exigent des n\u00e9gociateurs qu&rsquo;ils fassent preuve de d\u00e9termination et d&rsquo;ambition en mati\u00e8re de climat"},"content":{"rendered":"\n<p><strong>Des militants de Youth For Climate et de Greenpeace attendaient les pr\u00e9formateurs au Palais. Maintenant que la formation du gouvernement est une nouvelle fois en difficult\u00e9s, les militants veulent rappeler aux n\u00e9gociateurs que ce ne sont pas les jeux politiques, mais la crise climatique et sociale qui devrait \u00eatre leur priorit\u00e9 absolue. Les militants exigent que le prochain gouvernement f\u00e9d\u00e9ral reconnaisse la gravit\u00e9 de cette crise dans son accord de coalition et propose les solutions n\u00e9cessaires pour respecter les limites de la plan\u00e8te.&nbsp;<\/strong><\/p>\n\n<p>Alors que, informateurs, pr\u00e9formateurs et missionnaires se sont succ\u00e9d\u00e9s au cours des derniers mois, le monde \u00e9tait litt\u00e9ralement en feu. Des feux de for\u00eat destructeurs font rage en Amazonie, aux \u00c9tats-Unis, en Russie, en Indon\u00e9sie, mais aussi plus pr\u00e8s de chez nous en Europe. Nous battons les records de chaleur et de s\u00e9cheresse les uns apr\u00e8s les autres, avec des cons\u00e9quences pour la sant\u00e9, la nature, l&rsquo;agriculture et l&rsquo;\u00e9conomie.. La biodiversit\u00e9 dispara\u00eet dans le monde entier \u00e0 un rythme sans pr\u00e9c\u00e9dent. En outre, les groupes les plus vuln\u00e9rables de la soci\u00e9t\u00e9 sont une fois de plus les plus touch\u00e9s par ces cons\u00e9quences du changement climatique et de l&rsquo;ing\u00e9rence humaine sur la nature.&nbsp;<\/p>\n\n<figure class=\"wp-block-image size-articles-medium-large is-resized  caption-style-blue-overlay caption-alignment-center\"><img loading=\"lazy\" decoding=\"async\" src=\"https:\/\/www.greenpeace.org\/static\/planet4-belgium-stateless\/2020\/09\/b71c3a7b-climat_mandat-510x287.jpg\" alt=\"&quot;Notre climat, votre mandat\u201d\" class=\"wp-image-17624\" width=\"999\" height=\"663\"\/><\/figure>\n\n<p>Il semble maintenant que la formation du gouvernement f\u00e9d\u00e9ral soit menac\u00e9e, Greenpeace et Youth For Climate demandent que cette crise \u00e9cologique et sociale soit trait\u00e9e en priorit\u00e9 lors de la prochaine l\u00e9gislature. Avec les messages \u00ab\u00a0<em>Notre climat, votre mandat<\/em>\u00a0\u00bb et \u00ab\u00a0<em>Un gouvernement juste et ambitieux sur le climat<\/em>\u00ab\u00a0, les militants attendaient aujourd\u2019hui le nouveau formateur au Palais. Ils ont \u00e9galement apport\u00e9 un portrait de lui vieilli dans le temps comme cadeau de bienvenue, avec le message \u00ab\u00a0<em>Serez-vous capable de regarder fi\u00e8rement derri\u00e8re vous en 2040 ? Prenez maintenant la d\u00e9cision la plus importante de votre vie\u00a0\u00bb<\/em>.&nbsp;<\/p>\n\n<p>\u00a0\u00bb <em>Ces deux derni\u00e8res ann\u00e9es, des centaines de milliers de personnes sont descendues dans la rue pour d\u00e9fendre le climat et une soci\u00e9t\u00e9 plus juste. Ils ne peuvent pas \u00eatre \u00e9cart\u00e9s par une simple allusion dans l&rsquo;accord de coalition. Nous attendons des ambitions et des actions concr\u00e8tes : au moins 65% de r\u00e9duction de CO2 d&rsquo;ici 2030, un plan d&rsquo;action solide et participatif dans les 100 premiers jours du nouveau gouvernement pour nous mettre sur cette voie\u00a0\u00bb<\/em>, d\u00e9clare Joeri Thijs chez Greenpeace Belgique.&nbsp;<\/p>\n\n<p>\u00ab\u00a0<em>Apr\u00e8s presque un an et demi de discussions, nos politiciens ne sont toujours pas parvenus \u00e0 former un gouvernement et \u00e0 \u00e9laborer une politique climatique \u00e9quitable. C&rsquo;est incompr\u00e9hensible. Le plan d&rsquo;action sur le climat que nous avons \u00e9labor\u00e9 avec un groupe de 120 experts est pr\u00eat \u00e0 \u00eatre utilis\u00e9 depuis un an et demi. Aujourd&rsquo;hui, nous remettons une fois de plus notre plan avec 27 propositions politiques concr\u00e8tes aux n\u00e9gociateurs. Nous attendons maintenant bient\u00f4t un gouvernement f\u00e9d\u00e9ral capable de mettre en \u0153uvre ces mesures\u201d<\/em>, d\u00e9clare Anuna De Wever de Youth For Climate.&nbsp;<\/p>\n\n<p><strong>Contact:<\/strong><\/p>\n\n<p>Service presse de Greenpeace 0496\/26 36 91 &#8211; <a href=\"mailto:bpress@greenpeace.org\">bpress@greenpeace.org<\/a><\/p>\n","protected":false},"excerpt":{"rendered":"<p>Des militants de Youth For Climate et de Greenpeace attendaient les pr\u00e9formateurs au Palais. Maintenant que la formation du gouvernement est une nouvelle fois en difficult\u00e9s, les militants veulent rappeler&hellip;<\/p>\n","protected":false},"author":49,"featured_media":17624,"comment_status":"closed","ping_status":"closed","sticky":false,"template":"","format":"standard","meta":{"ep_exclude_from_search":false,"p4_og_title":"","p4_og_description":"","p4_og_image":"","p4_og_image_id":"","p4_seo_canonical_url":"","p4_campaign_name":"not set","p4_local_project":"not set","p4_basket_name":"not set","p4_department":"","footnotes":""},"categories":[1],"tags":[86],"p4-page-type":[117],"class_list":["post-17623","post","type-post","status-publish","format-standard","has-post-thumbnail","hentry","category-non-classifiee","tag-climat","p4-page-type-communique-de-presse"],"_links":{"self":[{"href":"https:\/\/www.greenpeace.org\/belgium\/fr\/wp-json\/wp\/v2\/posts\/17623","targetHints":{"allow":["GET"]}}],"collection":[{"href":"https:\/\/www.greenpeace.org\/belgium\/fr\/wp-json\/wp\/v2\/posts"}],"about":[{"href":"https:\/\/www.greenpeace.org\/belgium\/fr\/wp-json\/wp\/v2\/types\/post"}],"author":[{"embeddable":true,"href":"https:\/\/www.greenpeace.org\/belgium\/fr\/wp-json\/wp\/v2\/users\/49"}],"replies":[{"embeddable":true,"href":"https:\/\/www.greenpeace.org\/belgium\/fr\/wp-json\/wp\/v2\/comments?post=17623"}],"version-history":[{"count":1,"href":"https:\/\/www.greenpeace.org\/belgium\/fr\/wp-json\/wp\/v2\/posts\/17623\/revisions"}],"predecessor-version":[{"id":17626,"href":"https:\/\/www.greenpeace.org\/belgium\/fr\/wp-json\/wp\/v2\/posts\/17623\/revisions\/17626"}],"wp:featuredmedia":[{"embeddable":true,"href":"https:\/\/www.greenpeace.org\/belgium\/fr\/wp-json\/wp\/v2\/media\/17624"}],"wp:attachment":[{"href":"https:\/\/www.greenpeace.org\/belgium\/fr\/wp-json\/wp\/v2\/media?parent=17623"}],"wp:term":[{"taxonomy":"category","embeddable":true,"href":"https:\/\/www.greenpeace.org\/belgium\/fr\/wp-json\/wp\/v2\/categories?post=17623"},{"taxonomy":"post_tag","embeddable":true,"href":"https:\/\/www.greenpeace.org\/belgium\/fr\/wp-json\/wp\/v2\/tags?post=17623"},{"taxonomy":"p4-page-type","embeddable":true,"href":"https:\/\/www.greenpeace.org\/belgium\/fr\/wp-json\/wp\/v2\/p4-page-type?post=17623"}],"curies":[{"name":"wp","href":"https:\/\/api.w.org\/{rel}","templated":true}]}}