{"id":18439,"date":"2020-11-05T16:49:09","date_gmt":"2020-11-05T15:49:09","guid":{"rendered":"https:\/\/www.greenpeace.org\/belgium\/?p=18439"},"modified":"2021-12-01T14:05:46","modified_gmt":"2021-12-01T13:05:46","slug":"soutenez-la-creation-dun-parlement-citoyen","status":"publish","type":"post","link":"https:\/\/www.greenpeace.org\/belgium\/fr\/actualites-blog\/18439\/soutenez-la-creation-dun-parlement-citoyen\/","title":{"rendered":"Soutenez la cr\u00e9ation d\u2019un Parlement Citoyen"},"content":{"rendered":"\n<figure class=\"wp-block-image size-large  caption-style-medium caption-alignment-center\"><img loading=\"lazy\" decoding=\"async\" width=\"1024\" height=\"576\" src=\"https:\/\/www.greenpeace.org\/static\/planet4-belgium-stateless\/2020\/11\/5d1ad2b8-parlement-fr--1024x576.jpg\" alt=\"\" class=\"wp-image-18444\" srcset=\"https:\/\/www.greenpeace.org\/static\/planet4-belgium-stateless\/2020\/11\/5d1ad2b8-parlement-fr--1024x576.jpg 1024w, https:\/\/www.greenpeace.org\/static\/planet4-belgium-stateless\/2020\/11\/5d1ad2b8-parlement-fr--300x169.jpg 300w, https:\/\/www.greenpeace.org\/static\/planet4-belgium-stateless\/2020\/11\/5d1ad2b8-parlement-fr--768x432.jpg 768w, https:\/\/www.greenpeace.org\/static\/planet4-belgium-stateless\/2020\/11\/5d1ad2b8-parlement-fr--1536x864.jpg 1536w, https:\/\/www.greenpeace.org\/static\/planet4-belgium-stateless\/2020\/11\/5d1ad2b8-parlement-fr--510x287.jpg 510w, https:\/\/www.greenpeace.org\/static\/planet4-belgium-stateless\/2020\/11\/5d1ad2b8-parlement-fr-.jpg 1920w\" sizes=\"auto, (max-width: 1024px) 100vw, 1024px\" \/><\/figure>\n\n<p><strong>Il y a peu, un petit groupe de citoyens inquiets a lanc\u00e9 un vibrant appel pour la cr\u00e9ation d\u2019un Parlement Citoyen autour de l\u2019urgence \u00e9cologique. Depuis, <a href=\"https:\/\/www.hetburgerparlement.be\/over\">une trentaine d\u2019organisations et d\u2019associations<\/a>, dont Greenpeace, ont marqu\u00e9 leur soutien \u00e0 cet appel. Vous aussi, vous pouvez les aider.<\/strong><\/p>\n\n<span class=\"mid-button-fix\"><a class=\"cta-blog-button-mid\" href=\"https:\/\/www.leparlementcitoyen.be\/#mail\" target=\"_blank\" rel=\"noopener noreferrer\">J\u2019envoie un e-mail aux politiciens<\/a><\/span>\n\n<h2 class=\"wp-block-heading\">Un parlement de plus\u2009?&nbsp;<\/h2>\n\n<p>Leur <a href=\"https:\/\/www.leparlementcitoyen.be\/proposition\">proposition<\/a> est la suivante&nbsp;: 101 citoyens repr\u00e9sentatifs de la population belge se r\u00e9unissent avec des experts pour \u00e9laborer des mesures environnementales ambitieuses qui sont ensuite soumises aux parlements comp\u00e9tents. Le Parlement citoyen sert donc \u00e0 renforcer (et non \u00e0 remplacer) les parlements existants, et vise \u00e0 apporter une r\u00e9ponse forte \u00e0 l\u2019urgence \u00e9cologique par une participation accrue des citoyens.&nbsp;<\/p>\n\n<p>Est-ce bien utile\u2009? Les politiciens sont aussi des citoyens, nous direz-vous\u2026 Toutefois, il y a une grande diff\u00e9rence entre un parlement compos\u00e9 de politiciens (professionnels) et un autre compos\u00e9 de citoyens tir\u00e9s au sort. Ce dernier refl\u00e8te beaucoup mieux la diversit\u00e9 de la population. Ces citoyens peuvent \u00e9galement r\u00e9fl\u00e9chir \u00e0 des d\u00e9fis majeurs sans \u00eatre li\u00e9s \u00e0 un parti politique, et sans rivalit\u00e9s entre eux. Greenpeace souhaite soutenir cette coop\u00e9ration inclusive et d\u00e9mocratique entre citoyens.&nbsp;&nbsp;&nbsp;<\/p>\n\n<h2 class=\"wp-block-heading\">Nous avons besoin de votre aide\u2009!<\/h2>\n\n<p>Comme le montre le grand succ\u00e8s des parlements citoyens dans d\u2019autres pays, cette approche rafra\u00eechissante fonctionne. En Irlande, les citoyens se sont empar\u00e9s de la question de l\u2019avortement, en Australie du Sud, des d\u00e9chets nucl\u00e9aires, et en France, le pr\u00e9sident Macron a organis\u00e9 l\u2019ann\u00e9e derni\u00e8re une convention citoyenne sur le climat.<\/p>\n\n<p>Mais comment instaurer un Parlement Citoyen\u2009? Cela ne peut se faire que par l\u2019interm\u00e9diaire des politiciens qui doivent int\u00e9grer la proposition dans leurs programmes politiques. Les nouveaux ministres f\u00e9d\u00e9raux pr\u00e9senteront ces programmes au Parlement la semaine prochaine. Il faut donc que le plus grand nombre de personnes possible s\u2019adresse \u00e0 eux sans plus tarder pour leur montrer que la proposition de Parlement Citoyen fait l\u2019objet d\u2019un tr\u00e8s large soutien populaire.&nbsp;<\/p>\n\n<p>Pour ce faire, vous pouvez leur envoyer un e-mail <a href=\"https:\/\/www.leparlementcitoyen.be\/#mail\">via ce lien<\/a>. Nous vous sugg\u00e9rons d\u2019adresser vos messages \u00e0 Annelies Verlinden (ministre du Renouveau d\u00e9mocratique) et Zakia Khattabi (ministre du Climat et de l\u2019Environnement). Vous \u00eates partant\u2009?<\/p>\n\n<a class=\"cta-blog-button\" href=\"https:\/\/www.leparlementcitoyen.be\/#mail\" target=\"_blank\" rel=\"noopener noreferrer\">J\u2019envoie un e-mail \u00e0 Annelies Verlinden et \u00e0 Zakia Khattabi<\/a>\n\n<span class=\"shareSocialArea\">\n<a class=\"shareFacebook\" href=\"https:\/\/www.facebook.com\/sharer\/sharer.php?u=https:\/\/www.greenpeace.org\/belgium\/fr\/blog\/18439\/soutenez-la-creation-dun-parlement-citoyen\/\" target=\"_blank\" rel=\"noopener noreferrer\">Je partage sur Facebook<\/a>\n<a class=\"shareTwitter\" href=\"https:\/\/twitter.com\/share?url=https:\/\/www.greenpeace.org\/belgium\/fr\/blog\/18439\/soutenez-la-creation-dun-parlement-citoyen\/&amp;text=Soutenez%20la%20cr%C3%A9ation%20d%E2%80%99un%20Parlement%20Citoyen%20via%20@greenpeace_be&amp;related=greenpeace_be\" target=\"_blank\" rel=\"noopener noreferrer\">Je partage sur Twitter<\/a>\n<a class=\"shareWhatsapp\" href=\"https:\/\/api.whatsapp.com\/send?text=Il+y+a+peu%2C+un+petit+groupe+de+citoyens+inquiets+a+lanc%C3%A9+un+vibrant+appel+pour+la+cr%C3%A9ation+d%E2%80%99un+Parlement+Citoyen+autour+de+l%E2%80%99urgence+%C3%A9cologique.+https%3A%2F%2Fwww.greenpeace.org%2Fbelgium%2Ffr%2Fblog%2F18439%2Fsoutenez-la-creation-dun-parlement-citoyen%2F\" target=\"_blank\" rel=\"noopener noreferrer\">Je partage sur Whatsapp<\/a>\n<\/span>\n\n<table class=\"hideme\" style=\"width: 100%;\" width=\"100%\">\n<tbody>\n<tr style=\"width: 100%;\">\n<td class=\"icon\"><a href=\"https:\/\/www.facebook.com\/greenpeace.belgium\" target=\"_blank\" rel=\"noopener noreferrer\">\n<img decoding=\"async\" title=\"Facebook\" src=\"https:\/\/www.greenpeace.org\/static\/planet4-belgium-stateless\/2019\/09\/09281872-fb.png\" alt=\"Facebook\" width=\"100%\">\n<\/a><\/td>\n<td class=\"name\"><a href=\"https:\/\/www.facebook.com\/greenpeace.belgium\" target=\"_blank\" rel=\"noopener noreferrer\">\nFacebook\n<\/a><\/td>\n<td class=\"icon\"><a href=\"https:\/\/www.instagram.com\/greenpeace_be\/\" target=\"_blank\" rel=\"noopener noreferrer\">\n<img decoding=\"async\" title=\"Instagram\" src=\"https:\/\/www.greenpeace.org\/static\/planet4-belgium-stateless\/2019\/09\/89871ad4-insta.png\" alt=\"Instagram\" width=\"100%\">\n<\/a><\/td>\n<td class=\"name\"><a href=\"https:\/\/www.instagram.com\/greenpeace_be\/\" target=\"_blank\" rel=\"noopener noreferrer\">\nInstagram\n<\/a><\/td>\n<td class=\"icon\"><a href=\"https:\/\/twitter.com\/greenpeace_be\" target=\"_blank\" rel=\"noopener noreferrer\">\n<img decoding=\"async\" title=\"Twitter\" src=\"https:\/\/www.greenpeace.org\/static\/planet4-belgium-stateless\/2019\/09\/aebb8c6a-tw.png\" alt=\"Twitter\" width=\"100%\">\n<\/a><\/td>\n<td class=\"name\"><a href=\"https:\/\/twitter.com\/greenpeace_be\" target=\"_blank\" rel=\"noopener noreferrer\">\nTwitter\n<\/a><\/td>\n<td class=\"icon\"><a href=\"https:\/\/www.youtube.com\/user\/GreenpeaceBelgium\" target=\"_blank\" rel=\"noopener noreferrer\">\n<img decoding=\"async\" title=\"YouTube\" src=\"https:\/\/www.greenpeace.org\/static\/planet4-belgium-stateless\/2019\/09\/4fd7759c-yt.png\" alt=\"YouTube\" width=\"100%\">\n<\/a><\/td>\n<td class=\"name\"><a href=\"https:\/\/www.youtube.com\/user\/GreenpeaceBelgium\" target=\"_blank\" rel=\"noopener noreferrer\">\nYouTube\n<\/a><\/td>\n<td class=\"icon\"><a href=\"https:\/\/www.pinterest.com\/greenpeacebe\/\" target=\"_blank\" rel=\"noopener noreferrer\">\n<img decoding=\"async\" title=\"YouTube\" src=\"https:\/\/www.greenpeace.org\/static\/planet4-belgium-stateless\/2020\/05\/4454201c-pinterest.png\" alt=\"Pinterest\" width=\"100%\">\n<\/a><\/td>\n<td class=\"name\"><a href=\"https:\/\/www.pinterest.com\/greenpeacebe\/\" target=\"_blank\" rel=\"noopener noreferrer\">\nPinterest\n<\/a><\/td>\n<\/tr>\n<\/tbody>\n<\/table>\n<div class=\"EmptyMessage\">Block content is empty. Check the block&rsquo;s settings or remove it.<\/div>","protected":false},"excerpt":{"rendered":"<p>Il y a peu, un petit groupe de citoyens inquiets a lanc\u00e9 un vibrant appel pour la cr\u00e9ation d\u2019un Parlement Citoyen autour de l\u2019urgence \u00e9cologique. <\/p>\n","protected":false},"author":49,"featured_media":18444,"comment_status":"closed","ping_status":"closed","sticky":false,"template":"","format":"standard","meta":{"ep_exclude_from_search":false,"p4_og_title":"Soutenez la creation d\u2019un Parlement Citoyen","p4_og_description":"<p>Il y a peu, un petit groupe de citoyens inquiets a lanc\u00e9 un vibrant appel pour la cr\u00e9ation d\u2019un Parlement Citoyen autour de l\u2019urgence \u00e9cologique.<\/p>","p4_og_image":"","p4_og_image_id":"","p4_seo_canonical_url":"","p4_campaign_name":"not set","p4_local_project":"not set","p4_basket_name":"not set","p4_department":"","footnotes":""},"categories":[107],"tags":[83,86],"p4-page-type":[116],"class_list":["post-18439","post","type-post","status-publish","format-standard","has-post-thumbnail","hentry","category-ensemble-nous-sommes-la-solution","tag-politique","tag-climat","p4-page-type-actualites-blog"],"_links":{"self":[{"href":"https:\/\/www.greenpeace.org\/belgium\/fr\/wp-json\/wp\/v2\/posts\/18439","targetHints":{"allow":["GET"]}}],"collection":[{"href":"https:\/\/www.greenpeace.org\/belgium\/fr\/wp-json\/wp\/v2\/posts"}],"about":[{"href":"https:\/\/www.greenpeace.org\/belgium\/fr\/wp-json\/wp\/v2\/types\/post"}],"author":[{"embeddable":true,"href":"https:\/\/www.greenpeace.org\/belgium\/fr\/wp-json\/wp\/v2\/users\/49"}],"replies":[{"embeddable":true,"href":"https:\/\/www.greenpeace.org\/belgium\/fr\/wp-json\/wp\/v2\/comments?post=18439"}],"version-history":[{"count":5,"href":"https:\/\/www.greenpeace.org\/belgium\/fr\/wp-json\/wp\/v2\/posts\/18439\/revisions"}],"predecessor-version":[{"id":25240,"href":"https:\/\/www.greenpeace.org\/belgium\/fr\/wp-json\/wp\/v2\/posts\/18439\/revisions\/25240"}],"wp:featuredmedia":[{"embeddable":true,"href":"https:\/\/www.greenpeace.org\/belgium\/fr\/wp-json\/wp\/v2\/media\/18444"}],"wp:attachment":[{"href":"https:\/\/www.greenpeace.org\/belgium\/fr\/wp-json\/wp\/v2\/media?parent=18439"}],"wp:term":[{"taxonomy":"category","embeddable":true,"href":"https:\/\/www.greenpeace.org\/belgium\/fr\/wp-json\/wp\/v2\/categories?post=18439"},{"taxonomy":"post_tag","embeddable":true,"href":"https:\/\/www.greenpeace.org\/belgium\/fr\/wp-json\/wp\/v2\/tags?post=18439"},{"taxonomy":"p4-page-type","embeddable":true,"href":"https:\/\/www.greenpeace.org\/belgium\/fr\/wp-json\/wp\/v2\/p4-page-type?post=18439"}],"curies":[{"name":"wp","href":"https:\/\/api.w.org\/{rel}","templated":true}]}}