{"id":18481,"date":"2020-11-09T15:28:41","date_gmt":"2020-11-09T14:28:41","guid":{"rendered":"https:\/\/www.greenpeace.org\/belgium\/?p=18481"},"modified":"2021-12-01T14:05:38","modified_gmt":"2021-12-01T13:05:38","slug":"voici-pourquoi-la-belgique-doit-rejeter-laccord-ue-mercosur","status":"publish","type":"post","link":"https:\/\/www.greenpeace.org\/belgium\/fr\/actualiteit\/18481\/voici-pourquoi-la-belgique-doit-rejeter-laccord-ue-mercosur\/","title":{"rendered":"Voici pourquoi la Belgique doit rejeter l\u2019accord UE-Mercosur"},"content":{"rendered":"\n<p><strong>Les solutions pour emp\u00eacher le d\u00e9raillement du climat et le naufrage de la nature sont connues. Pourtant, l\u2019accord de libre-\u00e9change UE-Mercosur nous entra\u00eene dans la direction diam\u00e9tralement oppos\u00e9e : davantage de viande et de produits laitiers, de monoculture, de pesticides et de voitures\u2009! Voici 6 raisons de rejeter l\u2019accord commercial entre l\u2019UE et quatre pays du Mercosur (Br\u00e9sil, Argentine, Uruguay et Paraguay).<\/strong><\/p>\n\n<h3 class=\"wp-block-heading\">#1 Qui veut encore \u00e9changer des voitures contre des vaches\u2009?<\/h3>\n\n<p>Des voitures allemandes<strong> <\/strong>en \u00e9change de vaches sud-am\u00e9ricaines, voil\u00e0 comment on pr\u00e9sente parfois l\u2019accord commercial UE-Mercosur. Mais l\u2019accord pr\u00e9voit aussi d\u2019exporter des machines, des produits chimiques et des m\u00e9dicaments europ\u00e9ens (souvent ill\u00e9gaux \u00e0 l\u2019int\u00e9rieur de nos fronti\u00e8res), et d\u2019importer de la volaille, du sucre et de l\u2019\u00e9thanol.<\/p>\n\n<p>Il est impossible de concilier le \u00ab Green Deal \u00bb de l\u2019UE, la strat\u00e9gie \u00ab de la fourche \u00e0 la fourchette \u00bb et la strat\u00e9gie europ\u00e9enne en mati\u00e8re de biodiversit\u00e9 avec ce nouvel accord commercial qui donnera un nouvel \u00e9lan \u00e0 l\u2019agriculture industrielle et aux industries automobile et chimique europ\u00e9ennes.<\/p>\n\n<span class=\"mid-button-fix\"><a class=\"cta-blog-button-mid\" href=\"https:\/\/www.greenpeace.org\/international\/campaign\/together-for-forests\/\" target=\"_blank\" rel=\"noopener noreferrer\">En action contre la d\u00e9forestation<\/a><\/span>\n\n<h3 class=\"wp-block-heading\">#2 De l\u2019huile sur les feux d\u2019Amazonie<\/h3>\n\n<figure class=\"wp-block-image size-large  caption-style-medium caption-alignment-center\"><img loading=\"lazy\" decoding=\"async\" width=\"999\" height=\"663\" src=\"https:\/\/www.greenpeace.org\/static\/planet4-belgium-stateless\/2020\/09\/065dc49e-amazon_serra_ricardo_franco3.jpg\" alt=\"Voici pourquoi la Belgique doit rejeter l\u2019accord UE-Mercosur\" class=\"wp-image-17512\" srcset=\"https:\/\/www.greenpeace.org\/static\/planet4-belgium-stateless\/2020\/09\/065dc49e-amazon_serra_ricardo_franco3.jpg 999w, https:\/\/www.greenpeace.org\/static\/planet4-belgium-stateless\/2020\/09\/065dc49e-amazon_serra_ricardo_franco3-300x199.jpg 300w, https:\/\/www.greenpeace.org\/static\/planet4-belgium-stateless\/2020\/09\/065dc49e-amazon_serra_ricardo_franco3-768x510.jpg 768w, https:\/\/www.greenpeace.org\/static\/planet4-belgium-stateless\/2020\/09\/065dc49e-amazon_serra_ricardo_franco3-510x338.jpg 510w\" sizes=\"auto, (max-width: 999px) 100vw, 999px\" \/><\/figure>\n\n<p>En important davantage de b\u0153uf, de soja, de sucre et d\u2019\u00e9thanol, l\u2019UE augmente la pression sur les communaut\u00e9s indig\u00e8nes et la nature en Amazonie, dans le Gran Chaco et le Cerrado.<\/p>\n\n<p>L\u2019\u00e9levage (y compris la culture du soja pour l\u2019alimentation animale) est \u00e0 l\u2019origine de<a href=\"https:\/\/www.worldwildlife.org\/magazine\/issues\/summer-2018\/articles\/what-are-the-biggest-drivers-of-tropical-deforestation\"> plus de deux tiers<\/a> de la destruction de la nature en Amazonie br\u00e9silienne et dans le Cerrado, ainsi que dans la r\u00e9gion du Gran Chaco en Argentine et au Paraguay. L\u2019ann\u00e9e derni\u00e8re, plus d\u2019un million d\u2019hectares de for\u00eat tropicale amazonienne y ont pris feu. Les incendies sont<a href=\"https:\/\/www.greenpeace.org\/international\/story\/45383\/brazil-fire-amazon-pantanal-bolsonaro\/\"> encore pires cette ann\u00e9e<\/a> : sur ces dix derni\u00e8res ann\u00e9es, c\u2019est la plus mauvaise que le Br\u00e9sil ait connue.<\/p>\n\n<figure class=\"wp-block-image size-large  caption-style-medium caption-alignment-center\"><img loading=\"lazy\" decoding=\"async\" width=\"999\" height=\"663\" src=\"https:\/\/www.greenpeace.org\/static\/planet4-belgium-stateless\/2020\/09\/0ddb5680-forest_fire_brazil.jpg\" alt=\"Voici pourquoi la Belgique doit rejeter l\u2019accord UE-Mercosur\" class=\"wp-image-17129\" srcset=\"https:\/\/www.greenpeace.org\/static\/planet4-belgium-stateless\/2020\/09\/0ddb5680-forest_fire_brazil.jpg 999w, https:\/\/www.greenpeace.org\/static\/planet4-belgium-stateless\/2020\/09\/0ddb5680-forest_fire_brazil-300x199.jpg 300w, https:\/\/www.greenpeace.org\/static\/planet4-belgium-stateless\/2020\/09\/0ddb5680-forest_fire_brazil-768x510.jpg 768w, https:\/\/www.greenpeace.org\/static\/planet4-belgium-stateless\/2020\/09\/0ddb5680-forest_fire_brazil-510x338.jpg 510w\" sizes=\"auto, (max-width: 999px) 100vw, 999px\" \/><\/figure>\n\n<p>L\u2019accord UE-Mercosur encourage la politique destructrice du pr\u00e9sident br\u00e9silien Jair Bolsonaro. Contrairement \u00e0 ce que<a href=\"https:\/\/francais.n-va.be\/actualite\/bourgeois-la-wallonie-joue-avec-la-prosperite-de-la-flandre-lue-doit-scinder-le-traite\"> certains avancent<\/a>, comme le d\u00e9put\u00e9 europ\u00e9en Geert Bourgeois (N-VA), l\u2019accord ne sert pas du tout de \u00ab levier pour les droits de l\u2019homme, les droits des travailleurs, les crit\u00e8res de durabilit\u00e9 et les normes produits \u00bb. Nous ne voyons aucune preuve que la politique commerciale europ\u00e9enne contribue au d\u00e9veloppement durable,<a href=\"https:\/\/eu.boell.org\/sites\/default\/files\/2020-02\/Trade%20and%20environment_FINAL%20%28Jan%202020%29.pdf\"> bien au contraire<\/a>.<\/p>\n\n<p>En effet, m\u00eame sans cet accord, l\u2019Europe est d\u00e9j\u00e0 un partenaire commercial strat\u00e9gique et irrempla\u00e7able du Br\u00e9sil. L\u2019UE est<a href=\"https:\/\/ec.europa.eu\/trade\/policy\/countries-and-regions\/countries\/brazil\/\"> le deuxi\u00e8me partenaire commercial du Br\u00e9sil<\/a>, le<a href=\"https:\/\/www.statista.com\/topics\/6401\/soybean-in-brazil\/\"> deuxi\u00e8me importateur de soja br\u00e9silien<\/a> et un<a href=\"https:\/\/www.statista.com\/statistics\/617492\/beef-and-veal-export-value-brazil-by-country-of-destination\/\"> grand importateur de b\u0153uf br\u00e9silien<\/a>. Malgr\u00e9 cette relation \u00e9conomique \u00e9troite, l\u2019Union n\u2019a jamais \u00e9t\u00e9 pr\u00eate pour influencer la d\u00e9sastreuse politique environnementale de Bolsonaro.<\/p>\n\n<p>L\u2019accord ne contient qu\u2019un engagement de pure forme en faveur de la protection du climat et de la biodiversit\u00e9.<a href=\"https:\/\/trade-leaks.org\/mercosur-eu-association-agreement-leaks-8-october-2020\/\"> L\u2019accord d\u2019association<\/a> donne \u00e0 la protection du climat et de l\u2019environnement un statut juridique faible. Le chapitre sur le d\u00e9veloppement durable de l\u2019accord de libre \u00e9change (ALE) ne permet pas non plus de compenser son impact sur le climat, car il ne fait pas partie de la partie contraignante de l\u2019ALE.<\/p>\n\n<h3 class=\"wp-block-heading\">#3 Un accord du si\u00e8cle dernier<\/h3>\n\n<p>Les n\u00e9gociations UE-Mercosur se d\u00e9roulent en coulisses depuis plus de 20 ans. Le mois dernier, Greenpeace<a href=\"https:\/\/www.greenpeace.org\/belgium\/fr\/communique-de-presse\/17881\/accord-commercial-ue-mercosur-la-preuve-dune-faille-en-matiere-de-protection-de-lenvironnement-et-du-climat\/\"> a divulgu\u00e9 l\u2019accord d\u2019association<\/a> entre l\u2019Union europ\u00e9enne et les pays du Mercosur, duquel il ressort clairement que l\u2019accord met en place des structures qui \u00e9chappent aux processus d\u00e9cisionnels d\u00e9mocratiques, et dont les d\u00e9cisions peuvent entrer en conflit avec celles du Parlement europ\u00e9en et des parlements nationaux.<\/p>\n\n<p>Les ALE sont con\u00e7us pour d\u00e9tourner l\u2019attention du public de la prise de d\u00e9cision sur des questions cl\u00e9s telles que l\u2019agriculture, les ressources \u00e9nerg\u00e9tiques, les droits du travail et les produits chimiques. L\u2019accord final de 2019 a \u00e9t\u00e9 mandat\u00e9, n\u00e9goci\u00e9 et approuv\u00e9 en secret, sans apport de la soci\u00e9t\u00e9 civile (alors que le lobby des entreprises \u00e9tait activement impliqu\u00e9 dans certaines parties des n\u00e9gociations) ni consultation des PME. L\u2019\u00e9tude d\u2019impact sur la durabilit\u00e9 (Sustainability Impact Assessment-SIA) a \u00e9t\u00e9 publi\u00e9e apr\u00e8s la fin des n\u00e9gociations officielles, et n\u2019a donc pas pu \u00eatre prise en compte pendant celles-ci.<\/p>\n\n<p>Les textes publi\u00e9s ayant fait l\u2019objet de la fuite restent incomplets, et certaines n\u00e9gociations se poursuivent encore en coulisses, sans qu\u2019on en sache quoi que ce soit.<a href=\"https:\/\/www.greenpeace.fr\/10-principes-commerce-plus\/\"> Greenpeace estime que les accords sur le commerce et les investissements doivent \u00eatre mandat\u00e9s, n\u00e9goci\u00e9s, conclus et r\u00e9vis\u00e9s de mani\u00e8re transparente et d\u00e9mocratique<\/a>.<\/p>\n\n<h3 class=\"wp-block-heading\">#4 Une concurrence d\u00e9loyale pour les (nos) agriculteurs<\/h3>\n\n<p>Les petits agriculteurs (tant en Europe que dans les pays du Mercosur) ont du mal \u00e0 concurrencer la production agricole industrielle qui sera la principale b\u00e9n\u00e9ficiaire de la baisse des droits de douane \u00e0 l\u2019importation pr\u00e9vue par l\u2019accord de libre-\u00e9change. L\u2019agriculture industrielle des pays du Mercosur ne r\u00e9pond pas non plus aux normes plus strictes impos\u00e9es aux agriculteurs europ\u00e9ens (\u00e0 propos des OGM, des engrais, des antibiotiques et des pesticides, y compris ceux qui sont interdits dans l\u2019UE).<\/p>\n\n<h3 class=\"wp-block-heading\">#5 Moins de protection pour les consommateurs<\/h3>\n\n<p>L\u2019UE attache une grande importance \u00e0 la qualit\u00e9 et \u00e0 la s\u00e9curit\u00e9 des aliments, ce qui se refl\u00e8te dans sa nouvelle strat\u00e9gie \u00ab de la fourche \u00e0 la fourchette \u00bb. Mais l\u2019accord commercial UE-Mercosur mettra sur le march\u00e9 des produits qui ne correspondront pas \u00e0 nos normes. En cons\u00e9quence, la qualit\u00e9 de la nourriture dans nos assiettes risque de se d\u00e9t\u00e9riorer. Ce n\u2019est pas une surprise \u00e0 partir du moment o\u00f9 des accords commerciaux donnent clairement la priorit\u00e9 aux int\u00e9r\u00eats \u00e9conomiques plut\u00f4t qu\u2019\u00e0 la pr\u00e9servation de la plan\u00e8te et au bien-\u00eatre des populations.<\/p>\n\n<h3 class=\"wp-block-heading\">#6 Seules les grandes entreprises seront gagnantes<\/h3>\n\n<p>Le libre-\u00e9change<a href=\"https:\/\/drodrik.scholar.harvard.edu\/files\/dani-rodrik\/files\/what_do_trade_agreements_really_do.pdf\"> s\u2019est av\u00e9r\u00e9 \u00e0 maintes reprises<\/a> ne profiter qu\u2019aux grandes entreprises, au d\u00e9triment du travailleur moyen et de la plan\u00e8te.<\/p>\n\n<p><strong>Les gagnants :<\/strong> les plus grands producteurs de pesticides bas\u00e9s en Europe, tels que BASF ou Bayer-Monsanto. Entre 2016 et 2019, leurs ventes de pesticides (interdits en Europe) au Br\u00e9sil ont augment\u00e9 respectivement de 44 % et 50 %.<\/p>\n\n<p>L\u2019accord UE-Mercosur pr\u00e9voit des tarifs douaniers pr\u00e9f\u00e9rentiels pour l\u2019exportation de produits chimiques europ\u00e9ens vers les pays du Mercosur, qui sont de grands consommateurs de pesticides. Le Br\u00e9sil, l\u2019Argentine et le Paraguay, par exemple, figurent tous parmi les dix premiers utilisateurs des pesticides extr\u00eamement dangereux de Syngenta, et repr\u00e9sentent 39 % du chiffre d\u2019affaires de la soci\u00e9t\u00e9 (\u00e0 lui seul, le Br\u00e9sil en repr\u00e9sente 32 %).<\/p>\n\n<p><strong>Les perdants : <\/strong>le chapitre qui traite des PME ne fait que quatre pages, et ses dispositions ne sont pas contraignantes. Les PME ne sont clairement pas une priorit\u00e9 pour ceux qui ont n\u00e9goci\u00e9 cet accord.<\/p>\n\n<p>Celui-ci est taill\u00e9 sur mesure pour les grandes entreprises. Il est difficile pour<a href=\"https:\/\/politico.us8.list-manage.com\/track\/click?u=e26c1a1c392386a968d02fdbc&amp;id=01d5105576&amp;e=672ee29166\"> les petites entreprises<\/a> de partager les b\u00e9n\u00e9fices que les accords commerciaux peuvent apporter.<\/p>\n\n<p>Enfin, nous renvoyons encore \u00e0 l\u2019<a href=\"https:\/\/trade.ec.europa.eu\/doclib\/docs\/2020\/july\/tradoc_158889.pdf\">\u00c9valuation de l\u2019impact sur le d\u00e9veloppement durable<\/a> de la Commission europ\u00e9enne pour d\u00e9monter le mythe des jobs, jobs, jobs. \u00c0 la page 394, des tableaux indiquent par secteur le nombre estim\u00e9 d\u2019emplois qui seraient cr\u00e9\u00e9s ou perdus dans le cadre de l\u2019accord UE-Mercosur. Les quelques chiffres indiquant des cr\u00e9ations d\u2019emplois sont n\u00e9gligeables. Qui est pr\u00eat \u00e0 sacrifier la for\u00eat amazonienne pour si peu\u2009?<\/p>\n\n<p>Lisez aussi : <a href=\"https:\/\/www.greenpeace.org\/belgium\/fr\/blog\/17895\/les-mythes-de-laccord-ue-mercosur\/\">Les mythes de l\u2019accord UE-Mercosur<\/a><\/p>\n\n<a class=\"cta-blog-button\" href=\"https:\/\/www.greenpeace.org\/international\/campaign\/together-for-forests\/\" target=\"_blank\" rel=\"noopener noreferrer\">En action contre la d\u00e9forestation<\/a>\n\n<span class=\"shareSocialArea\">\n<a class=\"shareFacebook\" href=\"https:\/\/www.facebook.com\/sharer\/sharer.php?u=https:\/\/www.greenpeace.org\/belgium\/fr\/blog\/18481\/voici-pourquoi-la-belgique-doit-rejeter-laccord-ue-mercosur\/\" target=\"_blank\" rel=\"noopener noreferrer\">Je partage sur Facebook<\/a>\n<a class=\"shareTwitter\" href=\"https:\/\/twitter.com\/share?url=https:\/\/www.greenpeace.org\/belgium\/fr\/blog\/18481\/voici-pourquoi-la-belgique-doit-rejeter-laccord-ue-mercosur\/&amp;text=Voici%20pourquoi%20la%20Belgique%20doit%20rejeter%20l%E2%80%99accord%20UE-Mercosur%20-%20Voici%206%20raisons%20de%20rejeter%20l%E2%80%99accord%20commercial%20entre%20l%E2%80%99UE%20et%20quatre%20pays%20du%20Mercosur%20(Br%C3%A9sil,%20Argentine,%20Uruguay%20et%20Paraguay).%20via%20@greenpeace_be&amp;related=greenpeace_be\" target=\"_blank\" rel=\"noopener noreferrer\">Je partage sur Twitter<\/a>\n<a class=\"shareWhatsapp\" href=\"https:\/\/api.whatsapp.com\/send?text=Voici+pourquoi+la+Belgique+doit+rejeter+l%E2%80%99accord+UE-Mercosur+https%3A%2F%2Fwww.greenpeace.org%2Fbelgium%2Ffr%2Fblog%2F18481%2Fvoici-pourquoi-la-belgique-doit-rejeter-laccord-ue-mercosur%2F\" target=\"_blank\" rel=\"noopener noreferrer\">Je partage sur Whatsapp<\/a>\n<\/span>\n\n<a class=\"ctaDonateContainer\" target=\"_blank\" href=\"https:\/\/act.greenpeace.org\/page\/35703\/donate\/1?locale=fr-BE&#038;_ga=2.192557353.2055212094.1603091135-347892486.1598958044\" rel=\"noopener noreferrer\">\n<div id=\"cta-donate\">\n<div id=\"cta-donate-text\">\n<h2 style=\"text-shadow: 0 2px 5px rgba(0,0,0,.25); color: #fff;\">Je soutiens Greenpeace<\/h2>\n<\/div>\n<div id=\"cta-donate-button\">\n<a class=\"ctaDonateBtn\" target=\"_blank\" href=\"https:\/\/act.greenpeace.org\/page\/35703\/donate\/1?locale=fr-BE&amp;_ga=2.192557353.2055212094.1603091135-347892486.1598958044\" rel=\"noopener noreferrer\">Je fais un don<\/a>\n<\/div>\n<\/div>\n<\/a>\n\n<table class=\"hideme\" style=\"width: 100%;\" width=\"100%\">\n<tbody>\n<tr style=\"width: 100%;\">\n<td class=\"icon\"><a href=\"https:\/\/www.facebook.com\/greenpeace.belgium\" target=\"_blank\" rel=\"noopener noreferrer\">\n<img decoding=\"async\" title=\"Facebook\" src=\"https:\/\/www.greenpeace.org\/static\/planet4-belgium-stateless\/2019\/09\/09281872-fb.png\" alt=\"Facebook\" width=\"100%\">\n<\/a><\/td>\n<td class=\"name\"><a href=\"https:\/\/www.facebook.com\/greenpeace.belgium\" target=\"_blank\" rel=\"noopener noreferrer\">\nFacebook\n<\/a><\/td>\n<td class=\"icon\"><a href=\"https:\/\/www.instagram.com\/greenpeace_be\/\" target=\"_blank\" rel=\"noopener noreferrer\">\n<img decoding=\"async\" title=\"Instagram\" src=\"https:\/\/www.greenpeace.org\/static\/planet4-belgium-stateless\/2019\/09\/89871ad4-insta.png\" alt=\"Instagram\" width=\"100%\">\n<\/a><\/td>\n<td class=\"name\"><a href=\"https:\/\/www.instagram.com\/greenpeace_be\/\" target=\"_blank\" rel=\"noopener noreferrer\">\nInstagram\n<\/a><\/td>\n<td class=\"icon\"><a href=\"https:\/\/twitter.com\/greenpeace_be\" target=\"_blank\" rel=\"noopener noreferrer\">\n<img decoding=\"async\" title=\"Twitter\" src=\"https:\/\/www.greenpeace.org\/static\/planet4-belgium-stateless\/2019\/09\/aebb8c6a-tw.png\" alt=\"Twitter\" width=\"100%\">\n<\/a><\/td>\n<td class=\"name\"><a href=\"https:\/\/twitter.com\/greenpeace_be\" target=\"_blank\" rel=\"noopener noreferrer\">\nTwitter\n<\/a><\/td>\n<td class=\"icon\"><a href=\"https:\/\/www.youtube.com\/user\/GreenpeaceBelgium\" target=\"_blank\" rel=\"noopener noreferrer\">\n<img decoding=\"async\" title=\"YouTube\" src=\"https:\/\/www.greenpeace.org\/static\/planet4-belgium-stateless\/2019\/09\/4fd7759c-yt.png\" alt=\"YouTube\" width=\"100%\">\n<\/a><\/td>\n<td class=\"name\"><a href=\"https:\/\/www.youtube.com\/user\/GreenpeaceBelgium\" target=\"_blank\" rel=\"noopener noreferrer\">\nYouTube\n<\/a><\/td>\n<td class=\"icon\"><a href=\"https:\/\/www.pinterest.com\/greenpeacebe\/\" target=\"_blank\" rel=\"noopener noreferrer\">\n<img decoding=\"async\" title=\"YouTube\" src=\"https:\/\/www.greenpeace.org\/static\/planet4-belgium-stateless\/2020\/05\/4454201c-pinterest.png\" alt=\"Pinterest\" width=\"100%\">\n<\/a><\/td>\n<td class=\"name\"><a href=\"https:\/\/www.pinterest.com\/greenpeacebe\/\" target=\"_blank\" rel=\"noopener noreferrer\">\nPinterest\n<\/a><\/td>\n<\/tr>\n<\/tbody>\n<\/table>\n<div class=\"EmptyMessage\">Block content is empty. Check the block&rsquo;s settings or remove it.<\/div>","protected":false},"excerpt":{"rendered":"<p>Voici 6 raisons de rejeter l\u2019accord commercial entre l\u2019UE et quatre pays du Mercosur (Br\u00e9sil, Argentine, Uruguay et Paraguay).<\/p>\n","protected":false},"author":49,"featured_media":18501,"comment_status":"closed","ping_status":"closed","sticky":false,"template":"","format":"standard","meta":{"ep_exclude_from_search":false,"p4_og_title":"Voici pourquoi la Belgique doit rejeter l\u2019accord UE-Mercosur","p4_og_description":"Voici 6 raisons de rejeter l\u2019accord commercial entre l\u2019UE et quatre pays du Mercosur (Br\u00e9sil, Argentine, Uruguay et Paraguay).","p4_og_image":"","p4_og_image_id":"","p4_seo_canonical_url":"","p4_campaign_name":"not set","p4_local_project":"not set","p4_basket_name":"not set","p4_department":"","footnotes":""},"categories":[105],"tags":[],"p4-page-type":[],"class_list":["post-18481","post","type-post","status-publish","format-standard","has-post-thumbnail","hentry","category-preserver-la-beaute-de-notre-planete"],"_links":{"self":[{"href":"https:\/\/www.greenpeace.org\/belgium\/fr\/wp-json\/wp\/v2\/posts\/18481","targetHints":{"allow":["GET"]}}],"collection":[{"href":"https:\/\/www.greenpeace.org\/belgium\/fr\/wp-json\/wp\/v2\/posts"}],"about":[{"href":"https:\/\/www.greenpeace.org\/belgium\/fr\/wp-json\/wp\/v2\/types\/post"}],"author":[{"embeddable":true,"href":"https:\/\/www.greenpeace.org\/belgium\/fr\/wp-json\/wp\/v2\/users\/49"}],"replies":[{"embeddable":true,"href":"https:\/\/www.greenpeace.org\/belgium\/fr\/wp-json\/wp\/v2\/comments?post=18481"}],"version-history":[{"count":12,"href":"https:\/\/www.greenpeace.org\/belgium\/fr\/wp-json\/wp\/v2\/posts\/18481\/revisions"}],"predecessor-version":[{"id":25237,"href":"https:\/\/www.greenpeace.org\/belgium\/fr\/wp-json\/wp\/v2\/posts\/18481\/revisions\/25237"}],"wp:featuredmedia":[{"embeddable":true,"href":"https:\/\/www.greenpeace.org\/belgium\/fr\/wp-json\/wp\/v2\/media\/18501"}],"wp:attachment":[{"href":"https:\/\/www.greenpeace.org\/belgium\/fr\/wp-json\/wp\/v2\/media?parent=18481"}],"wp:term":[{"taxonomy":"category","embeddable":true,"href":"https:\/\/www.greenpeace.org\/belgium\/fr\/wp-json\/wp\/v2\/categories?post=18481"},{"taxonomy":"post_tag","embeddable":true,"href":"https:\/\/www.greenpeace.org\/belgium\/fr\/wp-json\/wp\/v2\/tags?post=18481"},{"taxonomy":"p4-page-type","embeddable":true,"href":"https:\/\/www.greenpeace.org\/belgium\/fr\/wp-json\/wp\/v2\/p4-page-type?post=18481"}],"curies":[{"name":"wp","href":"https:\/\/api.w.org\/{rel}","templated":true}]}}