{"id":18536,"date":"2020-11-16T08:34:59","date_gmt":"2020-11-16T07:34:59","guid":{"rendered":"https:\/\/www.greenpeace.org\/belgium\/?p=18536"},"modified":"2021-12-01T14:05:30","modified_gmt":"2021-12-01T13:05:30","slug":"optez-pour-lenergie-verte-grace-a-notre-nouveau-classement","status":"publish","type":"post","link":"https:\/\/www.greenpeace.org\/belgium\/fr\/actualites-blog\/18536\/optez-pour-lenergie-verte-grace-a-notre-nouveau-classement\/","title":{"rendered":"Optez pour l\u2019\u00e9nergie verte gr\u00e2ce \u00e0 notre nouveau classement"},"content":{"rendered":"\n<div style=\"height:100px\" aria-hidden=\"true\" class=\"wp-block-spacer\"><\/div>\n\n<p><em>!! &#8211; Attention. Cet article date du 16 novembre 2020. Pour un aper\u00e7u plus r\u00e9cent de notre classement, cliquez <a href=\"https:\/\/www.greenpeace.org\/belgium\/fr\/blog\/24841\/notre-nouveau-classement\/\">i\u00e7i<\/a>.<\/em><\/p>\n\n<hr class=\"wp-block-separator\"\/>\n\n<div style=\"height:100px\" aria-hidden=\"true\" class=\"wp-block-spacer\"><\/div>\n\n<p><strong>Vous avez vu\u2009? Nous avons MIS \u00c0 JOUR notre c\u00e9l\u00e8bre classement des fournisseurs d\u2019\u00e9nergie\u2009! Depuis plusieurs ann\u00e9es, c\u2019est l\u2019outil id\u00e9al pour v\u00e9rifier si votre fournisseur vous livre r\u00e9ellement de l\u2019\u00e9lectricit\u00e9 verte.\u00a0<\/strong><\/p>\n\n<p>Il n\u2019y a pas de grande surprise dans le haut du classement. Les coop\u00e9ratives obtiennent toutes un excellent score et restent donc le meilleur choix. Un peu plus bas dans le classement, on trouve toutefois quelques nouveaut\u00e9s int\u00e9ressantes. Voici pour vous un r\u00e9sum\u00e9 de nos principales conclusions.&nbsp;<\/p>\n\n<figure class=\"wp-block-image size-large caption-style-medium caption-alignment-center\"><a href=\"https:\/\/monelectriciteverte.be\/\"><img loading=\"lazy\" decoding=\"async\" width=\"1024\" height=\"614\" src=\"https:\/\/www.greenpeace.org\/static\/planet4-belgium-stateless\/2020\/11\/90f527c5-pasted-image-0-1024x614.png\" alt=\"Optez pour l\u2019\u00e9nergie verte gr\u00e2ce \u00e0 notre nouveau classement\" class=\"wp-image-18540\" srcset=\"https:\/\/www.greenpeace.org\/static\/planet4-belgium-stateless\/2020\/11\/90f527c5-pasted-image-0-1024x614.png 1024w, https:\/\/www.greenpeace.org\/static\/planet4-belgium-stateless\/2020\/11\/90f527c5-pasted-image-0-300x180.png 300w, https:\/\/www.greenpeace.org\/static\/planet4-belgium-stateless\/2020\/11\/90f527c5-pasted-image-0-768x461.png 768w, https:\/\/www.greenpeace.org\/static\/planet4-belgium-stateless\/2020\/11\/90f527c5-pasted-image-0-1536x922.png 1536w, https:\/\/www.greenpeace.org\/static\/planet4-belgium-stateless\/2020\/11\/90f527c5-pasted-image-0-510x306.png 510w, https:\/\/www.greenpeace.org\/static\/planet4-belgium-stateless\/2020\/11\/90f527c5-pasted-image-0.png 1600w\" sizes=\"auto, (max-width: 1024px) 100vw, 1024px\" \/><\/a><\/figure>\n\n<span class=\"mid-button-fix\"><a class=\"cta-blog-button-mid\" href=\"https:\/\/monelectriciteverte.be\/\" target=\"_blank\" rel=\"noopener noreferrer\">D\u00e9couvrez le score de votre fournisseur et optez pour une v\u00e9ritable \u00e9nergie verte<\/a><\/span>\n\n<p>Commen\u00e7ons par une bonne nouvelle : la transition \u00e9nerg\u00e9tique a commenc\u00e9 et progresse plus rapidement que jamais. Les principaux acteurs font le m\u00eame constat et orientent de plus en plus leurs investissements vers les \u00e9nergies renouvelables. C\u2019est une bonne nouvelle, car des acteurs comme Engie Electrabel et Total Gas &amp; Power sont de v\u00e9ritables \u00ab gros calibres \u00bb qui peuvent faire passer la transition \u00e9nerg\u00e9tique \u00e0 la vitesse sup\u00e9rieure gr\u00e2ce \u00e0 leurs investissements.&nbsp;<\/p>\n\n<h3 class=\"wp-block-heading\">100 % d\u2019\u00e9nergie renouvelable, la voie \u00e0 suivre\u2009!<\/h3>\n\n<p>Pourtant, ces entreprises n\u2019ont pas encore opt\u00e9 pour un syst\u00e8me int\u00e9gralement bas\u00e9 sur l\u2019\u00e9nergie renouvelable. Bien qu\u2019Engie ait stopp\u00e9 tous ses investissements dans de nouvelles centrales nucl\u00e9aires, elle s\u2019accroche toujours \u00e0 la prolongation de la dur\u00e9e de vie des anciens r\u00e9acteurs belges. Un autre g\u00e9ant, le fran\u00e7ais Total, recourt \u00e9norm\u00e9ment aux centrales au gaz en plus des \u00e9nergies renouvelables. Cette approche pourrait nous enfermer dans l\u2019\u00e9nergie fossile pendant de longues ann\u00e9es. 100 % d\u2019\u00e9nergie renouvelable, voil\u00e0 la voie \u00e0 suivre\u2009!<\/p>\n\n<p>C\u2019est aussi ce que pense Bolt, un nouvel acteur du march\u00e9 de l\u2019\u00e9nergie. L\u2019entreprise veut jeter un pont entre les producteurs locaux d\u2019\u00e9nergie renouvelable et les consommateurs. Les deux autres nouveaux fournisseurs d\u2019\u00e9nergie, Antargaz et Vlaamse Energielancier, ne partagent malheureusement pas cette optique et n\u2019obtiennent qu\u2019un faible score dans notre classement.&nbsp;<\/p>\n\n<p><a href=\"https:\/\/monelectriciteverte.be\/\">Montrez \u00e0 votre fournisseur d\u2019\u00e9nergie pollu\u00e9e que les \u00e9nergies renouvelables \u00e0 100 % sont l\u2019avenir, et optez d\u00e8s aujourd\u2019hui pour un fournisseur d\u2019\u00e9nergie r\u00e9ellement verte<\/a><\/p>\n\n<h3 class=\"wp-block-heading\">De l\u2019\u00e9lectricit\u00e9 verte, aussi pour les entreprises&nbsp;<\/h3>\n\n<p>Ce qui frappe cette ann\u00e9e, c\u2019est l\u2019impact important de l\u2019\u00e9lectricit\u00e9 fournie aux entreprises, magasins ou bureaux sur le score des fournisseurs. Ces clients professionnels consomment beaucoup plus d\u2019\u00e9nergie que les m\u00e9nages et jouent donc un r\u00f4le important dans la transition \u00e9nerg\u00e9tique. Ainsi, Eneco, l\u2019un des principaux acteurs sur le march\u00e9 n\u00e9erlandais des entreprises, a conclu ces derni\u00e8res ann\u00e9es des contrats \u00e0 long terme avec un certain nombre de tr\u00e8s gros consommateurs comme Microsoft ou la soci\u00e9t\u00e9 de transports publics de Rotterdam.<\/p>\n\n<p>Ces contrats lui offrent une s\u00e9curit\u00e9 financi\u00e8re bienvenue pour investir dans des parcs \u00e9oliens et solaires suppl\u00e9mentaires, mais \u00e0 court terme, Eneco devra acheter de grandes quantit\u00e9s d\u2019\u00e9lectricit\u00e9 sur le march\u00e9 afin de pouvoir approvisionner ces entreprises en \u00e9lectricit\u00e9. Ce sont des projets positifs, mais les investissements d\u2019Eneco dans le renouvelable ne sont pas suffisants cette ann\u00e9e, et le groupe perd quelques places dans notre classement (10\/20). En Belgique, Eneco fournit principalement les m\u00e9nages, ce qui augmente l\u00e9g\u00e8rement le score de sa division belge (16\/20).<\/p>\n\n<h3 class=\"wp-block-heading\">Ne vendez pas les centrales \u00e0 charbon, fermez-les\u2009!<\/h3>\n\n<p>Malheureusement, malgr\u00e9 toutes les bonnes intentions, nous constatons encore trop souvent que les int\u00e9r\u00eats financiers passent avant l\u2019environnement. En 2018, Engie a d\u00e9cid\u00e9 de\u2026 vendre quatre centrales \u00e0 charbon\u2009! L\u2019entreprise am\u00e9ricaine Riverstone a pay\u00e9 200 millions d\u2019euros pour acqu\u00e9rir ces centrales \u00e9lectriques polluantes. Engie est peut-\u00eatre en train de rendre sa propre production plus \u00e9cologique, mais ce n\u2019est pas en vendant ses centrales \u00e0 charbon \u00e0 d\u2019autres que le climat va s\u2019am\u00e9liorer d\u2019un iota.<\/p>\n\n<p>Chez Total Gas &amp; Power, c\u2019est un peu le contraire qui se passe. Le g\u00e9ant p\u00e9trolier fran\u00e7ais veut diversifier ses activit\u00e9s et se concentrer davantage sur les \u00e9nergies renouvelables, mais il le fait principalement en rachetant des petits acteurs \u00e9cologiques. Ainsi, Total peut vendre davantage d\u2019\u00e9lectricit\u00e9 verte, mais la transition \u00e9nerg\u00e9tique ne b\u00e9n\u00e9ficie pas vraiment de cette approche. Il serait pr\u00e9f\u00e9rable qu\u2019ils investissent eux-m\u00eames davantage dans de nouvelles capacit\u00e9s de production d\u2019\u00e9lectricit\u00e9 renouvelable.&nbsp;<\/p>\n\n<p>En bref : si vous voulez vraiment de l\u2019\u00e9lectricit\u00e9 verte, optez pour un fournisseur dont le score est d\u2019au moins 15\/20 dans notre classement.<strong> <\/strong>Les diff\u00e9rentes coop\u00e9ratives continuent \u00e0 en occuper la t\u00eate. Elles sont un choix id\u00e9al si vous aussi, vous voulez contribuer \u00e0 la transition \u00e9nerg\u00e9tique.<\/p>\n\n<a class=\"cta-blog-button\" href=\"https:\/\/monelectriciteverte.be\/\" target=\"_blank\" rel=\"noopener noreferrer\">Oui, j\u2019opte d\u00e8s maintenant pour une v\u00e9ritable \u00e9lectricit\u00e9 verte\u2009!<\/a>\n\n<span class=\"shareSocialArea\">\n<a class=\"shareFacebook\" href=\"https:\/\/www.facebook.com\/sharer\/sharer.php?u=https:\/\/www.greenpeace.org\/belgium\/fr\/blog\/18536\/optez-pour-lenergie-verte-grace-a-notre-nouveau-classement\/\" target=\"_blank\" rel=\"noopener noreferrer\">Je partage sur Facebook<\/a>\n<a class=\"shareTwitter\" href=\"https:\/\/twitter.com\/share?url=https:\/\/www.greenpeace.org\/belgium\/fr\/blog\/18536\/optez-pour-lenergie-verte-grace-a-notre-nouveau-classement\/&amp;text=Optez%20pour%20l%E2%80%99%C3%A9nergie%20verte%20gr%C3%A2ce%20%C3%A0%20notre%20nouveau%20classement%20-%20Nous%20avons%20MIS%20%C3%80%20JOUR%20notre%20c%C3%A9l%C3%A8bre%20classement%20des%20fournisseurs%20d%E2%80%99%C3%A9nergie%E2%80%89!%20Depuis%20plusieurs%20ann%C3%A9es,%20c%E2%80%99est%20l%E2%80%99outil%20id%C3%A9al%20pour%20v%C3%A9rifier%20si%20votre%20fournisseur%20vous%20livre%20r%C3%A9ellement%20de%20l%E2%80%99%C3%A9lectricit%C3%A9%20verte.%20%20via%20@greenpeace_be&amp;related=greenpeace_be\" target=\"_blank\" rel=\"noopener noreferrer\">Je partage sur Twitter<\/a>\n<a class=\"shareWhatsapp\" href=\"https:\/\/api.whatsapp.com\/send?text=Optez+pour+l%E2%80%99%C3%A9nergie+verte+gr%C3%A2ce+%C3%A0+notre+nouveau+classement+https%3A%2F%2Fwww.greenpeace.org%2Fbelgium%2Ffr%2Fblog%2F18536%2Foptez-pour-lenergie-verte-grace-a-notre-nouveau-classement%2F\" target=\"_blank\" rel=\"noopener noreferrer\">Je partage sur Whatsapp<\/a>\n<\/span>\n\n<a class=\"ctaDonateContainer\" target=\"_blank\" href=\"https:\/\/act.greenpeace.org\/page\/35703\/donate\/1?locale=fr-BE&#038;_ga=2.192557353.2055212094.1603091135-347892486.1598958044\" rel=\"noopener noreferrer\">\n<div id=\"cta-donate\">\n<div id=\"cta-donate-text\">\n<h2 style=\"text-shadow: 0 2px 5px rgba(0,0,0,.25); color: #fff;\">Je soutiens Greenpeace<\/h2>\n<\/div>\n<div id=\"cta-donate-button\">\n<a class=\"ctaDonateBtn\" target=\"_blank\" href=\"https:\/\/act.greenpeace.org\/page\/35703\/donate\/1?locale=fr-BE&amp;_ga=2.192557353.2055212094.1603091135-347892486.1598958044\" rel=\"noopener noreferrer\">Je fais un don<\/a>\n<\/div>\n<\/div>\n<\/a>\n\n<table class=\"hideme\" style=\"width: 100%;\" width=\"100%\">\n<tbody>\n<tr style=\"width: 100%;\">\n<td class=\"icon\"><a href=\"https:\/\/www.facebook.com\/greenpeace.belgium\" target=\"_blank\" rel=\"noopener noreferrer\">\n<img decoding=\"async\" title=\"Facebook\" src=\"https:\/\/www.greenpeace.org\/static\/planet4-belgium-stateless\/2019\/09\/09281872-fb.png\" alt=\"Facebook\" width=\"100%\">\n<\/a><\/td>\n<td class=\"name\"><a href=\"https:\/\/www.facebook.com\/greenpeace.belgium\" target=\"_blank\" rel=\"noopener noreferrer\">\nFacebook\n<\/a><\/td>\n<td class=\"icon\"><a href=\"https:\/\/www.instagram.com\/greenpeace_be\/\" target=\"_blank\" rel=\"noopener noreferrer\">\n<img decoding=\"async\" title=\"Instagram\" src=\"https:\/\/www.greenpeace.org\/static\/planet4-belgium-stateless\/2019\/09\/89871ad4-insta.png\" alt=\"Instagram\" width=\"100%\">\n<\/a><\/td>\n<td class=\"name\"><a href=\"https:\/\/www.instagram.com\/greenpeace_be\/\" target=\"_blank\" rel=\"noopener noreferrer\">\nInstagram\n<\/a><\/td>\n<td class=\"icon\"><a href=\"https:\/\/twitter.com\/greenpeace_be\" target=\"_blank\" rel=\"noopener noreferrer\">\n<img decoding=\"async\" title=\"Twitter\" src=\"https:\/\/www.greenpeace.org\/static\/planet4-belgium-stateless\/2019\/09\/aebb8c6a-tw.png\" alt=\"Twitter\" width=\"100%\">\n<\/a><\/td>\n<td class=\"name\"><a href=\"https:\/\/twitter.com\/greenpeace_be\" target=\"_blank\" rel=\"noopener noreferrer\">\nTwitter\n<\/a><\/td>\n<td class=\"icon\"><a href=\"https:\/\/www.youtube.com\/user\/GreenpeaceBelgium\" target=\"_blank\" rel=\"noopener noreferrer\">\n<img decoding=\"async\" title=\"YouTube\" src=\"https:\/\/www.greenpeace.org\/static\/planet4-belgium-stateless\/2019\/09\/4fd7759c-yt.png\" alt=\"YouTube\" width=\"100%\">\n<\/a><\/td>\n<td class=\"name\"><a href=\"https:\/\/www.youtube.com\/user\/GreenpeaceBelgium\" target=\"_blank\" rel=\"noopener noreferrer\">\nYouTube\n<\/a><\/td>\n<td class=\"icon\"><a href=\"https:\/\/www.pinterest.com\/greenpeacebe\/\" target=\"_blank\" rel=\"noopener noreferrer\">\n<img decoding=\"async\" title=\"YouTube\" src=\"https:\/\/www.greenpeace.org\/static\/planet4-belgium-stateless\/2020\/05\/4454201c-pinterest.png\" alt=\"Pinterest\" width=\"100%\">\n<\/a><\/td>\n<td class=\"name\"><a href=\"https:\/\/www.pinterest.com\/greenpeacebe\/\" target=\"_blank\" rel=\"noopener noreferrer\">\nPinterest\n<\/a><\/td>\n<\/tr>\n<\/tbody>\n<\/table>\n<div class=\"EmptyMessage\">Block content is empty. Check the block&rsquo;s settings or remove it.<\/div>","protected":false},"excerpt":{"rendered":"<p>Nous avons MIS \u00c0 JOUR notre c\u00e9l\u00e8bre classement des fournisseurs d\u2019\u00e9nergie\u2009! Depuis plusieurs ann\u00e9es, c\u2019est l\u2019outil id\u00e9al pour v\u00e9rifier si votre fournisseur vous livre r\u00e9ellement de l\u2019\u00e9lectricit\u00e9 verte. <\/p>\n","protected":false},"author":49,"featured_media":18528,"comment_status":"closed","ping_status":"closed","sticky":false,"template":"","format":"standard","meta":{"ep_exclude_from_search":false,"p4_og_title":"Optez pour l\u2019\u00e9nergie verte gr\u00e2ce \u00e0 notre nouveau classement","p4_og_description":"<p>Nous avons MIS \u00c0 JOUR notre c\u00e9l\u00e8bre classement des fournisseurs d\u2019\u00e9nergie\u2009! Depuis plusieurs ann\u00e9es, c\u2019est l\u2019outil id\u00e9al pour v\u00e9rifier si votre fournisseur vous livre r\u00e9ellement de l\u2019\u00e9lectricit\u00e9 verte.<\/p>","p4_og_image":"","p4_og_image_id":"","p4_seo_canonical_url":"","p4_campaign_name":"not set","p4_local_project":"not set","p4_basket_name":"not set","p4_department":"","footnotes":""},"categories":[107,1],"tags":[70],"p4-page-type":[116],"class_list":["post-18536","post","type-post","status-publish","format-standard","has-post-thumbnail","hentry","category-ensemble-nous-sommes-la-solution","category-non-classifiee","tag-energie","p4-page-type-actualites-blog"],"_links":{"self":[{"href":"https:\/\/www.greenpeace.org\/belgium\/fr\/wp-json\/wp\/v2\/posts\/18536","targetHints":{"allow":["GET"]}}],"collection":[{"href":"https:\/\/www.greenpeace.org\/belgium\/fr\/wp-json\/wp\/v2\/posts"}],"about":[{"href":"https:\/\/www.greenpeace.org\/belgium\/fr\/wp-json\/wp\/v2\/types\/post"}],"author":[{"embeddable":true,"href":"https:\/\/www.greenpeace.org\/belgium\/fr\/wp-json\/wp\/v2\/users\/49"}],"replies":[{"embeddable":true,"href":"https:\/\/www.greenpeace.org\/belgium\/fr\/wp-json\/wp\/v2\/comments?post=18536"}],"version-history":[{"count":9,"href":"https:\/\/www.greenpeace.org\/belgium\/fr\/wp-json\/wp\/v2\/posts\/18536\/revisions"}],"predecessor-version":[{"id":25234,"href":"https:\/\/www.greenpeace.org\/belgium\/fr\/wp-json\/wp\/v2\/posts\/18536\/revisions\/25234"}],"wp:featuredmedia":[{"embeddable":true,"href":"https:\/\/www.greenpeace.org\/belgium\/fr\/wp-json\/wp\/v2\/media\/18528"}],"wp:attachment":[{"href":"https:\/\/www.greenpeace.org\/belgium\/fr\/wp-json\/wp\/v2\/media?parent=18536"}],"wp:term":[{"taxonomy":"category","embeddable":true,"href":"https:\/\/www.greenpeace.org\/belgium\/fr\/wp-json\/wp\/v2\/categories?post=18536"},{"taxonomy":"post_tag","embeddable":true,"href":"https:\/\/www.greenpeace.org\/belgium\/fr\/wp-json\/wp\/v2\/tags?post=18536"},{"taxonomy":"p4-page-type","embeddable":true,"href":"https:\/\/www.greenpeace.org\/belgium\/fr\/wp-json\/wp\/v2\/p4-page-type?post=18536"}],"curies":[{"name":"wp","href":"https:\/\/api.w.org\/{rel}","templated":true}]}}