{"id":18743,"date":"2021-01-06T16:21:00","date_gmt":"2021-01-06T15:21:00","guid":{"rendered":"https:\/\/www.greenpeace.org\/belgium\/?p=18743"},"modified":"2021-12-01T14:04:03","modified_gmt":"2021-12-01T13:04:03","slug":"fini-les-cheques-en-blanc-pour-les-compagnies-aeriennes","status":"publish","type":"post","link":"https:\/\/www.greenpeace.org\/belgium\/fr\/actualites-blog\/18743\/fini-les-cheques-en-blanc-pour-les-compagnies-aeriennes\/","title":{"rendered":"Fini les ch\u00e8ques en blanc pour les compagnies a\u00e9riennes"},"content":{"rendered":"\n<p><strong>Dans un monde qui subit les cons\u00e9quences des catastrophes climatiques, de la Covid-19 et de l&rsquo;injustice sociale syst\u00e9mique, les gouvernements n&rsquo;ont pas \u00e0 soutenir les industries polluantes avec de l&rsquo;argent public.&nbsp;<\/strong><\/p>\n\n<p>Pourquoi les dirigeants politiques sauveraient-ils l&rsquo;industrie a\u00e9rienne alors qu&rsquo;ils pourraient plut\u00f4t investir dans des emplois verts et un avenir durable ? Cela n&rsquo;a aucun sens, d&rsquo;autant plus que <a href=\"https:\/\/www.euronews.com\/2020\/04\/09\/coronavirus-in-europe-see-how-flights-have-plummeted-over-the-continent-amid-covid-19-lock\">dans certains pays, les vols ont chut\u00e9 de 90 %<\/a> lors de la pand\u00e9mie. Nous devons construire un monde meilleur pour nous tous, y compris pour les dizaines de milliers de travailleurs du secteur de l&rsquo;aviation qui ont perdu leur emploi rien qu&rsquo;en Europe. Nous devons transformer nos transports.<\/p>\n\n<h3 class=\"wp-block-heading\">Un vol direct pour la crise climatique<\/h3>\n\n<p>Il ne fait aucun doute que l&rsquo;aviation est un facteur majeur de la crise climatique. Par exemple,&nbsp; en Autriche (le chiffre exact d\u00e9pend du mix \u00e9lectrique du pays) prendre l&rsquo;avion g\u00e9n\u00e8re jusqu&rsquo;\u00e0 30 fois plus de CO<sub>2<\/sub> par passager et par kilom\u00e8tre que prendre le train, et si l&rsquo;on tient compte de tous les effets n\u00e9fastes de l&rsquo;avion sur le climat, <a href=\"https:\/\/www.umweltbundesamt.at\/fileadmin\/site\/themen\/mobilitaet\/daten\/ekz_pkm_tkm_verkehrsmittel.pdf\">c&rsquo;est jusqu&rsquo;\u00e0 77 fois pire<\/a>. Il s&rsquo;agit \u00e9galement de l&rsquo;une des rares sources majeures d&rsquo;\u00e9missions de CO<sub>2<\/sub> qui continuent de <a href=\"https:\/\/www.transportenvironment.org\/news\/airlines-are-biggest-carbon-emitters-four-european-countries\">cro\u00eetre<\/a> dans l&rsquo;Union europ\u00e9enne, avec une hausse de 26 % en 2018 par rapport \u00e0 2013. Avant l&rsquo;arriv\u00e9e de la Covid, le nombre de passagers en Europe \u00e9tait \u00e9galement en augmentation, <a href=\"https:\/\/www.lesoir.be\/279607\/article\/2020-02-13\/plus-de-24-milliards-de-passagers-ont-transite-dans-les-aeroports-europeens-en\">plus de 30 % au cours des cinq derni\u00e8res ann\u00e9es<\/a>.<\/p>\n\n<span class=\"mid-button-fix\"><a class=\"cta-blog-button-mid\" href=\"https:\/\/act.greenpeace.org\/page\/73794\/petition\/1?locale=fr-BE\" target=\"_blank\" rel=\"noopener noreferrer\">L&rsquo;aviation doit prendre ses responsabilit\u00e9s !<\/a><\/span>\n\n<figure class=\"wp-block-image is-resized  caption-style-medium caption-alignment-center\"><img loading=\"lazy\" decoding=\"async\" src=\"https:\/\/lh5.googleusercontent.com\/cmNK_zmubRcA8XT5p1UQolSXFsa_10vAHGG6yDpH8lMzIN-ZYWN6bcg0cS0omMDBujkV-i7CKMFK3_3ZkUZCfIQqsCQ9nhnCp3H3_ERtNp2kkDN21fGeS8wgpdvLxMesS4Ns1nfC\" alt=\"Fini les ch\u00e8ques en blanc pour les compagnies a\u00e9riennes\" width=\"999\" height=\"663\"\/><\/figure>\n\n<p>Un<a href=\"https:\/\/ec.europa.eu\/clima\/policies\/transport\/aviation_en\"> vol aller-retour Lisbonne-New York<\/a> g\u00e9n\u00e8re \u00e0 peu pr\u00e8s autant de CO<sub>2<\/sub> que le chauffage d&rsquo;un logement dans l&rsquo;Union europ\u00e9enne pendant une ann\u00e9e enti\u00e8re. Le CO2 ne repr\u00e9sentant qu\u2019un tiers de l\u2019ensemble des \u00e9missions li\u00e9es aux avions, leur impact climatique est bien plus important encore.&nbsp;<\/p>\n\n<p>Cet impact peut \u00e9galement \u00eatre attribu\u00e9 \u00e0 un groupe relativement limit\u00e9 de personnes qui prennent souvent l&rsquo;avion. Par exemple, <a href=\"https:\/\/www.theguardian.com\/business\/2020\/nov\/17\/people-cause-global-aviation-emissions-study-covid-19\">\u00e0 peine 1 % de la population mondiale est responsable de pas moins de 50 % des \u00e9missions totales<\/a> de l&rsquo;aviation.<\/p>\n\n<h3 class=\"wp-block-heading\">Les gouvernements favorisent l\u2019aviation, au d\u00e9triment du rail&nbsp;<\/h3>\n\n<p>Tout en pr\u00f4nant publiquement le mantra capitaliste du march\u00e9 libre, les gouvernements de l&rsquo;Union europ\u00e9enne ont mis en place des mesures qui profitent \u00e0 ceux qui d\u00e9traquent le climat et qui d\u00e9savantagent les solutions plus \u00e9cologiques. Les compagnies a\u00e9riennes continuent de b\u00e9n\u00e9ficier de privil\u00e8ges importants qui faussent le march\u00e9, comme l&rsquo;exemption de taxes sur le k\u00e9ros\u00e8ne et de la taxe sur la consommation (TVA) sur les billets internationaux. Avec des offres \u00e0 9,99 euros pour voler de Londres \u00e0 Majorque, le co\u00fbt de la catastrophe climatique dans laquelle les dirigeants des compagnies a\u00e9riennes nous entra\u00eenent est totalement absent du prix du billet. Les compagnies de chemin de fer paient quant \u00e0 elles des taxes \u00e9lev\u00e9es sur l&rsquo;\u00e9nergie et des p\u00e9ages ferroviaires. Des faits difficiles \u00e0 comprendre apr\u00e8s trente ans de discussions mondiales sur le climat.<\/p>\n\n<figure class=\"wp-block-image is-resized  caption-style-medium caption-alignment-center\"><img loading=\"lazy\" decoding=\"async\" src=\"https:\/\/lh5.googleusercontent.com\/_u9-QWXnvB69gYR77w7KYRbLSnnxDhKaqP6Jkaha_PmV3ROovSUkAxWBqJzHpV7aRIuxjKkH2s83Ro4LlIlCzwH_Ukc4XxtfR3pbSxCteCifaqMUC9n7HWtdW7D3upIb9I7FqFQc\" alt=\"Fini les ch\u00e8ques en blanc pour les compagnies a\u00e9riennes\" width=\"999\" height=\"663\"\/><\/figure>\n\n<p>Pour faire face \u00e0 la crise climatique, l&rsquo;Europe doit r\u00e9duire consid\u00e9rablement ses vols. Certains esp\u00e8rent que la baisse des vols cette ann\u00e9e pourrait \u00eatre une tendance durable, en pr\u00e9voyant que le nombre de vols ne reviendra pas aux niveaux d&rsquo;avant le coronavirus puisque les r\u00e9unions virtuelles se sont impos\u00e9es comme une alternative aux voyages d&rsquo;affaires. Mais la fa\u00e7on dont les choses se passent politiquement en Europe ne confirme pas cette hypoth\u00e8se, bien au contraire.<\/p>\n\n<p><a href=\"https:\/\/www.greenpeace.org\/eu-unit\/issues\/climate-energy\/2725\/airline-bailout-tracker\/\">Trente milliards d&rsquo;euros<\/a> d&rsquo;argent public ont d\u00e9j\u00e0 \u00e9t\u00e9 accord\u00e9s aux compagnies a\u00e9riennes europ\u00e9ennes pour les maintenir \u00e0 flot, que ce soit sous forme de soutien direct ou de garanties de pr\u00eats. Bien que les mouvements \u00e9cologiques aient exig\u00e9 que les sauvetages soient conditionn\u00e9s au respect de crit\u00e8res climatiques et sociaux stricts, presque aucune condition n&rsquo;a \u00e9t\u00e9 incluse dans les ch\u00e8ques que les dirigeants europ\u00e9ens ont remis aux compagnies a\u00e9riennes. L&rsquo;<a href=\"https:\/\/www.euractiv.com\/section\/aviation\/news\/the-green-compromise-in-the-austrian-airines-bailout\/1476266\/\">Autriche<\/a> a n\u00e9goci\u00e9 un accord avec les compagnies a\u00e9riennes pour \u00e9liminer progressivement les vols int\u00e9rieurs ultra-courts et la <a href=\"https:\/\/www.greenpeace.fr\/air-france-a-du-plomb-dans-laile\/\">France<\/a> a annonc\u00e9 qu&rsquo;elle suivrait, mais il reste \u00e0 voir ce que la l\u00e9gislation dictera r\u00e9ellement. Il s&rsquo;agit peut-\u00eatre d&rsquo;un petit pas dans la bonne direction, mais <a href=\"https:\/\/www.greenpeace.org\/belgium\/fr\/blog\/17453\/suggestions-audacieuses-pour-une-mobilite-plus-durable\/\">les changements dans le domaine des transports doivent aller plus loin et plus vite<\/a> pour r\u00e9pondre \u00e0 l&rsquo;urgence climatique cr\u00e9\u00e9e par les grands pollueurs.<\/p>\n\n<h3 class=\"wp-block-heading\">Prot\u00e9geons les gens et la plan\u00e8te, pas l\u2019aviation<\/h3>\n\n<p>Esp\u00e9rons que ces changements arrivent rapidement. La deuxi\u00e8me vague de la Covid-19 en Europe a de nouveau clou\u00e9 au sol la plupart des avions. Comme les revenus s&rsquo;amenuisent, les compagnies a\u00e9riennes et les a\u00e9roports vont de nouveau demander aux gouvernements une autre s\u00e9rie de renflouements financiers massifs.<\/p>\n\n<figure class=\"wp-block-image is-resized  caption-style-medium caption-alignment-center\"><img loading=\"lazy\" decoding=\"async\" src=\"https:\/\/lh3.googleusercontent.com\/c331yVeyIaYkm5TveCbmaQIzHH6HdOFp3WgESpxGtMH77KOH7hR7e__s3CmufBdQDaNVsa2eNzh6VbGO4Kmt2z3vyFoVsrAzpUIB_5vL2n0ONyXw0Tbrdk1aEfgjlUqHjXkJa5VK\" alt=\"Fini les ch\u00e8ques en blanc pour les compagnies a\u00e9riennes\" width=\"999\" height=\"663\"\/><\/figure>\n\n<p>Saisissons ensemble cette occasion. Comment ? En mettant la pression sur nos gouvernements, nous voulons \u00e9viter qu\u2019ils signent d&rsquo;autres ch\u00e8ques en blanc pour le secteur de l&rsquo;aviation. Nos gouvernements doivent plut\u00f4t veiller \u00e0 ce que les compagnies a\u00e9riennes r\u00e9duisent consid\u00e9rablement leurs \u00e9missions de CO<sub>2<\/sub>, par exemple en supprimant progressivement les vols court-courriers. <a href=\"https:\/\/www.cnbc.com\/2020\/03\/27\/coronavirus-relief-bill-how-airline-workers-won-a-lifeline.html#close\">Avec les syndicats<\/a>, exigeons qu&rsquo;ils prennent des mesures pour prot\u00e9ger les travailleurs et assurent une transition juste. Par exemple en mettant fin \u00e0 la pratique du \u00ab\u00a0dumping salarial\u00a0\u00bb dans le secteur et en proposant des programmes de requalification de haut niveau pour le personnel qui pourrait perdre son emploi.<\/p>\n\n<p>Concr\u00e8tement, nous voulons que l\u2019argent soit investi l\u00e0 o\u00f9 il fera le plus de bien pour les gens et la plan\u00e8te, aujourd&rsquo;hui et demain. Pour cela, nous demandons que les investissements n\u2019aillent plus \u00e0 l\u2019extension d\u2019a\u00e9roports (ou d\u2019autoroutes), mais qu\u2019ils soient r\u00e9orient\u00e9s vers le soutien du trafic ferroviaire local, r\u00e9gional et continental et vers le soutien \u00e0 des alternatives dans les zones urbaines, comme le v\u00e9lo, la marche et les transports publics.<\/p>\n\n<p>L&rsquo;aviation ne peut pas revenir \u00e0 la normale. La normalit\u00e9 \u00e9tait d\u00e9j\u00e0 une crise.<\/p>\n\n<p><em>Elodie Mertz, Responsable de la campagne Qualit\u00e9 de l\u2019air et Mobilit\u00e9, Greenpeace Belgique<\/em><\/p>\n\n<a class=\"cta-blog-button\" href=\"https:\/\/act.greenpeace.org\/page\/73794\/petition\/1?locale=fr-BE\" target=\"_blank\" rel=\"noopener noreferrer\">L&rsquo;aviation doit prendre ses responsabilit\u00e9s !<\/a>\n\n<span class=\"shareSocialArea\">\n<a class=\"shareFacebook\" href=\"https:\/\/www.facebook.com\/sharer\/sharer.php?u=https:\/\/www.greenpeace.org\/belgium\/fr\/blog\/18743\/fini-les-cheques-en-blanc-pour-les-compagnies-aeriennes\/\" target=\"_blank\" rel=\"noopener noreferrer\">Je partage sur Facebook<\/a>\n<a class=\"shareTwitter\" href=\"https:\/\/twitter.com\/share?url=https:\/\/www.greenpeace.org\/belgium\/fr\/blog\/18743\/fini-les-cheques-en-blanc-pour-les-compagnies-aeriennes\/&amp;text=Fini%20les%20ch%C3%A8ques%20en%20blanc%20pour%20les%20compagnies%20a%C3%A9riennes%20-%20Pourquoi%20les%20dirigeants%20politiques%20sauveraient-ils%20l%27industrie%20a%C3%A9rienne%20alors%20qu%27ils%20pourraient%20plut%C3%B4t%20investir%20dans%20des%20emplois%20verts%20et%20un%20avenir%20durable%20?%20Cela%20n%27a%20aucun%20sens.%20via%20@greenpeace_be&amp;related=greenpeace_be\" target=\"_blank\" rel=\"noopener noreferrer\">Je partage sur Twitter<\/a>\n<a class=\"shareWhatsapp\" href=\"https:\/\/api.whatsapp.com\/send?text=Fini+les+ch%C3%A8ques+en+blanc+pour+les+compagnies+a%C3%A9riennes+https%3A%2F%2Fwww.greenpeace.org%2Fbelgium%2Ffr%2Fblog%2F18743%2Ffini-les-cheques-en-blanc-pour-les-compagnies-aeriennes%2F\" target=\"_blank\" rel=\"noopener noreferrer\">Je partage sur Whatsapp<\/a>\n<\/span>\n\n<table class=\"hideme\" style=\"width: 100%;\" width=\"100%\">\n<tbody>\n<tr style=\"width: 100%;\">\n<td class=\"icon\"><a href=\"https:\/\/www.facebook.com\/greenpeace.belgium\" target=\"_blank\" rel=\"noopener noreferrer\">\n<img decoding=\"async\" title=\"Facebook\" src=\"https:\/\/storage.googleapis.com\/planet4-belgium-stateless\/2019\/09\/09281872-fb.png\" alt=\"Facebook\" width=\"100%\">\n<\/a><\/td>\n<td class=\"name\"><a href=\"https:\/\/www.facebook.com\/greenpeace.belgium\" target=\"_blank\" rel=\"noopener noreferrer\">\nFacebook\n<\/a><\/td>\n<td class=\"icon\"><a href=\"https:\/\/www.instagram.com\/greenpeace_be\/\" target=\"_blank\" rel=\"noopener noreferrer\">\n<img decoding=\"async\" title=\"Instagram\" src=\"https:\/\/storage.googleapis.com\/planet4-belgium-stateless\/2019\/09\/89871ad4-insta.png\" alt=\"Instagram\" width=\"100%\">\n<\/a><\/td>\n<td class=\"name\"><a href=\"https:\/\/www.instagram.com\/greenpeace_be\/\" target=\"_blank\" rel=\"noopener noreferrer\">\nInstagram\n<\/a><\/td>\n<td class=\"icon\"><a href=\"https:\/\/twitter.com\/greenpeace_be\" target=\"_blank\" rel=\"noopener noreferrer\">\n<img decoding=\"async\" title=\"Twitter\" src=\"https:\/\/storage.googleapis.com\/planet4-belgium-stateless\/2019\/09\/aebb8c6a-tw.png\" alt=\"Twitter\" width=\"100%\">\n<\/a><\/td>\n<td class=\"name\"><a href=\"https:\/\/twitter.com\/greenpeace_be\" target=\"_blank\" rel=\"noopener noreferrer\">\nTwitter\n<\/a><\/td>\n<td class=\"icon\"><a href=\"https:\/\/www.youtube.com\/user\/GreenpeaceBelgium\" target=\"_blank\" rel=\"noopener noreferrer\">\n<img decoding=\"async\" title=\"YouTube\" src=\"https:\/\/storage.googleapis.com\/planet4-belgium-stateless\/2019\/09\/4fd7759c-yt.png\" alt=\"YouTube\" width=\"100%\">\n<\/a><\/td>\n<td class=\"name\"><a href=\"https:\/\/www.youtube.com\/user\/GreenpeaceBelgium\" target=\"_blank\" rel=\"noopener noreferrer\">\nYouTube\n<\/a><\/td>\n<td class=\"icon\"><a href=\"https:\/\/www.pinterest.com\/greenpeacebe\/\" target=\"_blank\" rel=\"noopener noreferrer\">\n<img decoding=\"async\" title=\"YouTube\" src=\"https:\/\/storage.googleapis.com\/planet4-belgium-stateless\/2020\/05\/4454201c-pinterest.png\" alt=\"Pinterest\" width=\"100%\">\n<\/a><\/td>\n<td class=\"name\"><a href=\"https:\/\/www.pinterest.com\/greenpeacebe\/\" target=\"_blank\" rel=\"noopener noreferrer\">\nPinterest\n<\/a><\/td>\n<\/tr>\n<\/tbody>\n<\/table>\n<div class=\"EmptyMessage\">Block content is empty. Check the block&rsquo;s settings or remove it.<\/div>","protected":false},"excerpt":{"rendered":"<p>Pourquoi les dirigeants politiques sauveraient-ils l&rsquo;industrie a\u00e9rienne alors qu&rsquo;ils pourraient plut\u00f4t investir dans des emplois verts et un avenir durable ? Cela n&rsquo;a aucun sens.<\/p>\n","protected":false},"author":49,"featured_media":18744,"comment_status":"closed","ping_status":"closed","sticky":false,"template":"","format":"standard","meta":{"ep_exclude_from_search":false,"p4_og_title":"Fini les ch\u00e8ques en blanc pour les compagnies a\u00e9riennes","p4_og_description":"Pourquoi les dirigeants politiques sauveraient-ils l'industrie a\u00e9rienne alors qu'ils pourraient plut\u00f4t investir dans des emplois verts et un avenir durable ? Cela n'a aucun sens.","p4_og_image":"","p4_og_image_id":"","p4_seo_canonical_url":"","p4_campaign_name":"not set","p4_local_project":"not set","p4_basket_name":"not set","p4_department":"","footnotes":""},"categories":[106],"tags":[74,86],"p4-page-type":[116],"class_list":["post-18743","post","type-post","status-publish","format-standard","has-post-thumbnail","hentry","category-il-est-encore-temps","tag-mobilite","tag-climat","p4-page-type-actualites-blog"],"_links":{"self":[{"href":"https:\/\/www.greenpeace.org\/belgium\/fr\/wp-json\/wp\/v2\/posts\/18743","targetHints":{"allow":["GET"]}}],"collection":[{"href":"https:\/\/www.greenpeace.org\/belgium\/fr\/wp-json\/wp\/v2\/posts"}],"about":[{"href":"https:\/\/www.greenpeace.org\/belgium\/fr\/wp-json\/wp\/v2\/types\/post"}],"author":[{"embeddable":true,"href":"https:\/\/www.greenpeace.org\/belgium\/fr\/wp-json\/wp\/v2\/users\/49"}],"replies":[{"embeddable":true,"href":"https:\/\/www.greenpeace.org\/belgium\/fr\/wp-json\/wp\/v2\/comments?post=18743"}],"version-history":[{"count":6,"href":"https:\/\/www.greenpeace.org\/belgium\/fr\/wp-json\/wp\/v2\/posts\/18743\/revisions"}],"predecessor-version":[{"id":25200,"href":"https:\/\/www.greenpeace.org\/belgium\/fr\/wp-json\/wp\/v2\/posts\/18743\/revisions\/25200"}],"wp:featuredmedia":[{"embeddable":true,"href":"https:\/\/www.greenpeace.org\/belgium\/fr\/wp-json\/wp\/v2\/media\/18744"}],"wp:attachment":[{"href":"https:\/\/www.greenpeace.org\/belgium\/fr\/wp-json\/wp\/v2\/media?parent=18743"}],"wp:term":[{"taxonomy":"category","embeddable":true,"href":"https:\/\/www.greenpeace.org\/belgium\/fr\/wp-json\/wp\/v2\/categories?post=18743"},{"taxonomy":"post_tag","embeddable":true,"href":"https:\/\/www.greenpeace.org\/belgium\/fr\/wp-json\/wp\/v2\/tags?post=18743"},{"taxonomy":"p4-page-type","embeddable":true,"href":"https:\/\/www.greenpeace.org\/belgium\/fr\/wp-json\/wp\/v2\/p4-page-type?post=18743"}],"curies":[{"name":"wp","href":"https:\/\/api.w.org\/{rel}","templated":true}]}}