{"id":19193,"date":"2020-12-04T08:52:13","date_gmt":"2020-12-04T07:52:13","guid":{"rendered":"https:\/\/www.greenpeace.org\/belgium\/?p=19193"},"modified":"2021-12-01T14:04:50","modified_gmt":"2021-12-01T13:04:50","slug":"la-voiture-electrique-pourquoi-fait-elle-partie-de-la-solution-pour-une-mobilite-durable-6-raisons","status":"publish","type":"post","link":"https:\/\/www.greenpeace.org\/belgium\/fr\/actualites-blog\/19193\/la-voiture-electrique-pourquoi-fait-elle-partie-de-la-solution-pour-une-mobilite-durable-6-raisons\/","title":{"rendered":"La voiture \u00e9lectrique : POURQUOI fait-elle partie de la solution pour une mobilit\u00e9 durable ? (6 raisons)"},"content":{"rendered":"\n<p><strong>La voiture \u00e9lectrique est pr\u00e9sent\u00e9e par certains comme la solution \u00e0 tous nos probl\u00e8mes de mobilit\u00e9, tandis que d\u2019autres y voient un greenwashing (ou \u00e9co-blanchiment) \u00e9hont\u00e9 de la part des constructeurs automobiles. Dans ce blog, nous vous expliquons l\u2019int\u00e9r\u00eat des v\u00e9hicules \u00e9lectriques par rapport \u00e0 d\u2019autres technologies. Dans un autre blog, nous vous expliquons l\u2019esprit critique \u00e0 avoir par rapport \u00e0 la voiture \u00e9lectrique. Mais quoi qu\u2019il en soit, il ne s\u2019agit pas d\u2019une solution miracle, car pour \u00eatre en phase avec les d\u00e9fis \u00e9cologiques et sociaux de notre temps, nous devons enti\u00e8rement repenser notre mobilit\u00e9, r\u00e9duire le nombre de v\u00e9hicules, les partager plut\u00f4t que les poss\u00e9der !<\/strong><\/p>\n\n<p>Lire aussi : <a href=\"https:\/\/www.greenpeace.org\/belgium\/fr\/blog\/19206\/la-voiture-electrique-comment-fait-elle-partie-de-la-solution-pour-une-mobilite-durable-7-criteres\/\">La voiture \u00e9lectrique : COMMENT fait-elle partie de la solution pour une mobilit\u00e9 durable ? (7 crit\u00e8res)<\/a><\/p>\n\n<h3 class=\"wp-block-heading\">1. Une efficacit\u00e9 \u00e9nerg\u00e9tique imbattable !<\/h3>\n\n<p>Les v\u00e9hicules thermiques, qu\u2019ils soient aliment\u00e9s au diesel, \u00e0 l\u2019essence ou au gaz (CNG) utilisent un moteur \u00e0 combustion interne. Cette technologie utilise l&rsquo;\u00e9nergie thermique (la chaleur) d\u00e9gag\u00e9e par la combustion du carburant et la convertit en \u00e9nergie m\u00e9canique (mouvement) \u00e0 l&rsquo;int\u00e9rieur du moteur. Dans ce syst\u00e8me, environ <a href=\"https:\/\/insideevs.com\/news\/332584\/efficiency-compared-battery-electric-73-hydrogen-22-ice-13\/\">30 % de la chaleur se transforme en mouvement<\/a>, le reste est perdu. Dans une voiture \u00e9lectrique, 70 % de l\u2019\u00e9nergie de la batterie est transform\u00e9e en mouvement. Autrement dit, on gaspille moins d\u2019\u00e9nergie !<\/p>\n\n<figure class=\"wp-block-image size-large  caption-style-medium caption-alignment-center\"><img loading=\"lazy\" decoding=\"async\" width=\"999\" height=\"663\" src=\"https:\/\/www.greenpeace.org\/static\/planet4-belgium-stateless\/32583874-mobility_electric_car.jpg\" alt=\"La voiture \u00e9lectrique : POURQUOI fait-elle partie de la solution pour une mobilit\u00e9 durable ? (6 raisons)\" class=\"wp-image-19198\"\/><\/figure>\n\n<h3 class=\"wp-block-heading\">2. Une diminution drastique de la pollution de l\u2019air et sonore<\/h3>\n\n<p>\u00c0 c\u00f4t\u00e9 du chauffage, de l\u2019agriculture et de l\u2019industrie, le trafic motoris\u00e9 est une des sources les plus importantes de pollution de l\u2019air en Europe. La pollution de l\u2019air nous rend <a href=\"https:\/\/www.rtbf.be\/info\/societe\/detail_coronavirus-la-pollution-de-l-air-aurait-contribue-a-21-des-deces-dus-au-covid-19?id=10618138\">vuln\u00e9rables<\/a> aux maladies et engendre encore plus de <a href=\"https:\/\/www.eea.europa.eu\/themes\/air\/country-fact-sheets\/2020-country-fact-sheets\/belgium-air-pollution-country\">8 950 d\u00e9c\u00e8s pr\u00e9matur\u00e9s par an en Belgique<\/a>. L\u2019un des avantages de la voiture \u00e9lectrique est qu\u2019aucune pollution ne sort de son pot d\u2019\u00e9chappement. Bien s\u00fbr, cela ne veut pas dire qu\u2019elle ne produit aucune pollution puisqu\u2019il reste encore les particules li\u00e9es \u00e0 l\u2019abrasion des pneus et aux plaquettes de frein. Mais m\u00eame l\u00e0, le freinage r\u00e9g\u00e9n\u00e9ratif permet d\u2019\u00e9viter des particules li\u00e9es au freinage.<\/p>\n\n<p>La <a href=\"https:\/\/www.rtbf.be\/info\/societe\/detail_le-bruit-cause-12-000-morts-prematurees-par-an-en-europe-les-oreilles-n-ont-pas-de-paupieres?id=10587606\">pollution sonore<\/a> est un probl\u00e8me qui impacte notre sant\u00e9 autant que la pollution de l\u2019air. Les voitures \u00e9lectriques, \u00e0 vitesse mod\u00e9r\u00e9e, sont beaucoup moins bruyantes que les voitures thermiques. Leur silence est d\u2019ailleurs un sujet de r\u00e9flexion, puisque nombre d\u2019entre nous, lorsque nous sommes \u00e0 pied ou \u00e0 v\u00e9lo, identifions la proximit\u00e9 d\u2019une voiture gr\u00e2ce au bruit qu\u2019elle fait. C\u2019est pour cela que certains v\u00e9hicules \u00e9lectriques sont dot\u00e9s d\u2019un faible son pour signaler leur pr\u00e9sence.<\/p>\n\n<span class=\"mid-button-fix\"><a class=\"cta-blog-button-mid\" href=\"https:\/\/act.greenpeace.org\/page\/33844\/petition\/1?locale=fr-BE&amp;_ga=2.84597072.895198957.1604305015-1006170009.1597321033\" target=\"_blank\" rel=\"noopener noreferrer\">J\u2019agis pour un air sain<\/a><\/span>\n\n<h3 class=\"wp-block-heading\">3. Une r\u00e9duction importante des \u00e9missions de gaz \u00e0 effet de serre<\/h3>\n\n<p>Une des cl\u00e9s de la lutte contre le changement climatique est d\u2019arr\u00eater l\u2019utilisation des \u00e9nergies fossiles. Aujourd\u2019hui d\u00e9j\u00e0, m\u00eame lorsque l\u2019\u00e9nergie utilis\u00e9e pour produire la voiture \u00e9lectrique et l\u2019\u00e9lectricit\u00e9 n\u00e9cessaire \u00e0 son alimentation est d\u2019origine fossile, la voiture \u00e9lectrique permet une <a href=\"https:\/\/www.transportenvironment.org\/sites\/te\/files\/downloads\/T%26E%E2%80%99s%20EV%20life%20cycle%20analysis%20LCA.pdf\">r\u00e9duction <\/a>des gaz \u00e0 effet de serre plus importante que son \u00e9quivalent thermique (diesel, p\u00e9trole ou gaz). Autrement dit, m\u00eame en consid\u00e9rant son <a href=\"https:\/\/www.avere.org\/wp-content\/uploads\/2020\/09\/englisch_Studie-EAuto-versus-Verbrenner_CO2.pdf\">cycle de vie complet<\/a>, la voiture \u00e9lectrique est moins polluante que ses \u00e9quivalents thermiques. L\u2019objectif reste toutefois d\u2019avoir recours \u00e0 de&nbsp; l\u2019\u00e9nergie 100% renouvelable pour la production et l\u2019utilisation des voitures \u00e9lectriques, qu\u2019elles soient <a href=\"https:\/\/monelectriciteverte.be\/\">recharg\u00e9es \u00e0 la maison<\/a> ou \u00e0 l\u2019ext\u00e9rieur.&nbsp;<\/p>\n\n<h3 class=\"wp-block-heading\">4. Compl\u00e9mentaires des \u00e9nergies renouvelables (locales)&nbsp;<\/h3>\n\n<figure class=\"wp-block-image size-large  caption-style-medium caption-alignment-center\"><img loading=\"lazy\" decoding=\"async\" width=\"1024\" height=\"683\" src=\"https:\/\/www.greenpeace.org\/static\/planet4-belgium-stateless\/2019\/02\/8c682ca3-istock-510009422-1024x683.jpg\" alt=\"La voiture \u00e9lectrique : POURQUOI fait-elle partie de la solution pour une mobilit\u00e9 durable ? (6 raisons)\" class=\"wp-image-3644\" srcset=\"https:\/\/www.greenpeace.org\/static\/planet4-belgium-stateless\/2019\/02\/8c682ca3-istock-510009422-1024x683.jpg 1024w, https:\/\/www.greenpeace.org\/static\/planet4-belgium-stateless\/2019\/02\/8c682ca3-istock-510009422-300x200.jpg 300w, https:\/\/www.greenpeace.org\/static\/planet4-belgium-stateless\/2019\/02\/8c682ca3-istock-510009422-768x513.jpg 768w, https:\/\/www.greenpeace.org\/static\/planet4-belgium-stateless\/2019\/02\/8c682ca3-istock-510009422-2048x1366.jpg 2048w, https:\/\/www.greenpeace.org\/static\/planet4-belgium-stateless\/2019\/02\/8c682ca3-istock-510009422-510x340.jpg 510w\" sizes=\"auto, (max-width: 1024px) 100vw, 1024px\" \/><figcaption>Solar panels on the farm<\/figcaption><\/figure>\n\n<p>Les voitures \u00e9lectriques nous rendent moins d\u00e9pendantes des importations de p\u00e9trole et de gaz de pays \u00e9trangers. En produisant de l\u2019\u00e9nergie renouvelable plus locale (en Belgique ou en provenance de la mer du Nord si on pense aux <a href=\"https:\/\/www.greenpeace.org\/belgium\/fr\/communique-de-presse\/7221\/leolien-en-mer-doit-devenir-la-colonne-vertebrale-de-lenergie-belge\/\">\u00e9oliennes en mer<\/a>), nous utilisons de l\u2019\u00e9nergie verte produite localement.&nbsp;<\/p>\n\n<p>De plus, les batteries sont compatibles pour recevoir l\u2019\u00e9nergie renouvelable des \u00e9oliennes, des panneaux photovolta\u00efques, etc. Rendre liquide cette \u00e9nergie pour la rendre utilisable par un moteur thermique serait tr\u00e8s inefficace. Par ailleurs, les voitures \u00e9lectriques pourront devenir des batteries sur roues qui r\u00e9gulent notre r\u00e9seau d\u2019\u00e9nergies renouvelables : elles stockent l\u2019\u00e9nergie exc\u00e9dentaire s\u2019il y a beaucoup de vent ou que le soleil brille intens\u00e9ment et peuvent la remettre sur le r\u00e9seau quand la production sera plus basse.<\/p>\n\n<h3 class=\"wp-block-heading\">5. Une technologie qui permet la r\u00e9utilisation et le recyclage<\/h3>\n\n<figure class=\"wp-block-image size-large  caption-style-medium caption-alignment-center\"><img loading=\"lazy\" decoding=\"async\" width=\"999\" height=\"663\" src=\"https:\/\/www.greenpeace.org\/static\/planet4-belgium-stateless\/87b73dca-mobility_electric_car2.jpg\" alt=\"La voiture \u00e9lectrique : POURQUOI fait-elle partie de la solution pour une mobilit\u00e9 durable ? (6 raisons)\" class=\"wp-image-19200\"\/><\/figure>\n\n<p>Les batteries ont l\u2019avantage de pouvoir \u00eatre recharg\u00e9es et utilis\u00e9es de nombreuses fois. Au contraire, une fois br\u00fbl\u00e9, le p\u00e9trole a disparu pour toujours ! Qui plus est, une fois \u00e9puis\u00e9es dans leur premi\u00e8re fonction automobile, les batteries peuvent \u00eatre (r\u00e9)utilis\u00e9es pour d\u2019autres usages, comme le stockage d\u2019\u00e9nergie et \u00e0 terme, leurs mat\u00e9riaux peuvent \u00eatre <a href=\"https:\/\/www.rtbf.be\/auvio\/detail_batteries-electriques-une-premiere-usine-belge-de-recyclage?id=2701230\">recycl\u00e9s<\/a>.<\/p>\n\n<h3 class=\"wp-block-heading\">6. Une technologie qui existe d\u00e9j\u00e0 !<\/h3>\n\n<p>Les solutions propos\u00e9es par les grandes compagnies p\u00e9troli\u00e8res comme les carburants synth\u00e9tiques pour les voitures sont des chim\u00e8res. En effet, il s\u2019agit de technologies peu d\u00e9velopp\u00e9es, grandes consommatrices d\u2019\u00e9lectricit\u00e9, qui ne seront pas commercialis\u00e9es \u00e0 grande \u00e9chelle avant des dizaines d\u2019ann\u00e9es, et qui devraient \u00eatre r\u00e9serv\u00e9es \u00e0 des secteurs tr\u00e8s difficiles \u00e0 d\u00e9carboner comme l\u2019aviation.<br><br>Au contraire, la motorisation \u00e9lectrique existe, et est d\u00e9j\u00e0 bien d\u00e9velopp\u00e9e &#8211; m\u00eame si elle continue d\u2019\u00e9voluer &#8211; et disponible sur le march\u00e9. Nos r\u00e9seaux \u00e9lectriques belges se pr\u00e9parent aussi \u00e0 leur arriv\u00e9e sur le march\u00e9. En effet, avec les nouvelles normes d\u2019\u00e9missions de CO2 \u00e0 respecter, les constructeurs automobiles sont sur le point de sortir de nouveaux mod\u00e8les \u00e9lectriques dans les mois \u00e0 venir.&nbsp;<\/p>\n\n<a class=\"cta-blog-button\" href=\"https:\/\/act.greenpeace.org\/page\/33844\/petition\/1?locale=fr-BE&amp;_ga=2.84597072.895198957.1604305015-1006170009.1597321033\" target=\"_blank\" rel=\"noopener noreferrer\">J\u2019agis pour un air sain<\/a>\n\n<span class=\"shareSocialArea\">\n<a class=\"shareFacebook\" href=\"https:\/\/www.facebook.com\/sharer\/sharer.php?u=https:\/\/www.greenpeace.org\/belgium\/fr\/blog\/19193\/la-voiture-electrique-pourquoi-fait-elle-partie-de-la-solution-pour-une-mobilite-durable-6-raisons\/\" target=\"_blank\" rel=\"noopener noreferrer\">Je partage sur Facebook<\/a>\n<a class=\"shareTwitter\" href=\"https:\/\/twitter.com\/share?url=https:\/\/www.greenpeace.org\/belgium\/fr\/blog\/19193\/la-voiture-electrique-pourquoi-fait-elle-partie-de-la-solution-pour-une-mobilite-durable-6-raisons\/&amp;text=La%20voiture%20%C3%A9lectrique%20%3A%20POURQUOI%20fait-elle%20partie%20de%20la%20solution%20pour%20une%20mobilit%C3%A9%20durable%20%3F%20%286%20raisons%29%20-%20Dans%20ce%20blog,%20nous%20vous%20expliquons%20l%E2%80%99int%C3%A9r%C3%AAt%20des%20v%C3%A9hicules%20%C3%A9lectriques%20par%20rapport%20%C3%A0%20d%E2%80%99autres%20technologies.%20Mais%20quoi%20qu%E2%80%99il%20en%20soit,%20il%20ne%20s%E2%80%99agit%20pas%20d%E2%80%99une%20solution%20miracle,%20car%20pour%20%C3%AAtre%20en%20phase%20avec%20les%20d%C3%A9fis%20%C3%A9cologiques%20et%20sociaux%20de%20notre%20temps,%20nous%20devons%20enti%C3%A8rement%20repenser%20notre%20mobilit%C3%A9%20!%20via%20@greenpeace_be&amp;related=greenpeace_be\" target=\"_blank\" rel=\"noopener noreferrer\">Je partage sur Twitter<\/a>\n<a class=\"shareWhatsapp\" href=\"https:\/\/api.whatsapp.com\/send?text=La+voiture+%C3%A9lectrique+%3A+POURQUOI+fait-elle+partie+de+la+solution+pour+une+mobilit%C3%A9+durable+%3F+%286+raisons%29+https%3A%2F%2Fwww.greenpeace.org%2Fbelgium%2Ffr%2Fblog%2F19193%2Fla-voiture-electrique-pourquoi-fait-elle-partie-de-la-solution-pour-une-mobilite-durable-6-raisons%2F\" target=\"_blank\" rel=\"noopener noreferrer\">Je partage sur Whatsapp<\/a>\n<\/span>\n\n<a class=\"ctaDonateContainer\" target=\"_blank\" href=\"https:\/\/act.greenpeace.org\/page\/35703\/donate\/1?locale=fr-BE&#038;_ga=2.192557353.2055212094.1603091135-347892486.1598958044\" rel=\"noopener noreferrer\">\n<div id=\"cta-donate\">\n<div id=\"cta-donate-text\">\n<h2 style=\"text-shadow: 0 2px 5px rgba(0,0,0,.25); color: #fff;\">Je soutiens Greenpeace<\/h2>\n<\/div>\n<div id=\"cta-donate-button\">\n<a class=\"ctaDonateBtn\" target=\"_blank\" href=\"https:\/\/act.greenpeace.org\/page\/35703\/donate\/1?locale=fr-BE&amp;_ga=2.192557353.2055212094.1603091135-347892486.1598958044\" rel=\"noopener noreferrer\">Je fais un don<\/a>\n<\/div>\n<\/div>\n<\/a>\n\n<table class=\"hideme\" style=\"width: 100%;\" width=\"100%\">\n<tbody>\n<tr style=\"width: 100%;\">\n<td class=\"icon\"><a href=\"https:\/\/www.facebook.com\/greenpeace.belgium\" target=\"_blank\" rel=\"noopener noreferrer\">\n<img decoding=\"async\" title=\"Facebook\" src=\"https:\/\/storage.googleapis.com\/planet4-belgium-stateless\/2019\/09\/09281872-fb.png\" alt=\"Facebook\" width=\"100%\">\n<\/a><\/td>\n<td class=\"name\"><a href=\"https:\/\/www.facebook.com\/greenpeace.belgium\" target=\"_blank\" rel=\"noopener noreferrer\">\nFacebook\n<\/a><\/td>\n<td class=\"icon\"><a href=\"https:\/\/www.instagram.com\/greenpeace_be\/\" target=\"_blank\" rel=\"noopener noreferrer\">\n<img decoding=\"async\" title=\"Instagram\" src=\"https:\/\/storage.googleapis.com\/planet4-belgium-stateless\/2019\/09\/89871ad4-insta.png\" alt=\"Instagram\" width=\"100%\">\n<\/a><\/td>\n<td class=\"name\"><a href=\"https:\/\/www.instagram.com\/greenpeace_be\/\" target=\"_blank\" rel=\"noopener noreferrer\">\nInstagram\n<\/a><\/td>\n<td class=\"icon\"><a href=\"https:\/\/twitter.com\/greenpeace_be\" target=\"_blank\" rel=\"noopener noreferrer\">\n<img decoding=\"async\" title=\"Twitter\" src=\"https:\/\/storage.googleapis.com\/planet4-belgium-stateless\/2019\/09\/aebb8c6a-tw.png\" alt=\"Twitter\" width=\"100%\">\n<\/a><\/td>\n<td class=\"name\"><a href=\"https:\/\/twitter.com\/greenpeace_be\" target=\"_blank\" rel=\"noopener noreferrer\">\nTwitter\n<\/a><\/td>\n<td class=\"icon\"><a href=\"https:\/\/www.youtube.com\/user\/GreenpeaceBelgium\" target=\"_blank\" rel=\"noopener noreferrer\">\n<img decoding=\"async\" title=\"YouTube\" src=\"https:\/\/storage.googleapis.com\/planet4-belgium-stateless\/2019\/09\/4fd7759c-yt.png\" alt=\"YouTube\" width=\"100%\">\n<\/a><\/td>\n<td class=\"name\"><a href=\"https:\/\/www.youtube.com\/user\/GreenpeaceBelgium\" target=\"_blank\" rel=\"noopener noreferrer\">\nYouTube\n<\/a><\/td>\n<td class=\"icon\"><a href=\"https:\/\/www.pinterest.com\/greenpeacebe\/\" target=\"_blank\" rel=\"noopener noreferrer\">\n<img decoding=\"async\" title=\"YouTube\" src=\"https:\/\/storage.googleapis.com\/planet4-belgium-stateless\/2020\/05\/4454201c-pinterest.png\" alt=\"Pinterest\" width=\"100%\">\n<\/a><\/td>\n<td class=\"name\"><a href=\"https:\/\/www.pinterest.com\/greenpeacebe\/\" target=\"_blank\" rel=\"noopener noreferrer\">\nPinterest\n<\/a><\/td>\n<\/tr>\n<\/tbody>\n<\/table>\n<div class=\"EmptyMessage\">Block content is empty. Check the block&rsquo;s settings or remove it.<\/div>","protected":false},"excerpt":{"rendered":"<p>Dans ce blog, nous vous expliquons l\u2019int\u00e9r\u00eat des v\u00e9hicules \u00e9lectriques. Mais quoi qu\u2019il en soit, il ne s\u2019agit pas d\u2019une solution miracle, nous devons enti\u00e8rement repenser notre mobilit\u00e9 !<\/p>\n","protected":false},"author":49,"featured_media":19196,"comment_status":"closed","ping_status":"closed","sticky":false,"template":"","format":"standard","meta":{"ep_exclude_from_search":false,"p4_og_title":"La voiture \u00e9lectrique : POURQUOI fait-elle partie de la solution pour une mobilit\u00e9 durable ? (6 raisons)","p4_og_description":"Dans ce blog, nous vous expliquons l\u2019int\u00e9r\u00eat des v\u00e9hicules \u00e9lectriques. Mais quoi qu\u2019il en soit, il ne s\u2019agit pas d\u2019une solution miracle, nous devons enti\u00e8rement repenser notre mobilit\u00e9 !","p4_og_image":"","p4_og_image_id":"","p4_seo_canonical_url":"","p4_campaign_name":"not set","p4_local_project":"not set","p4_basket_name":"not set","p4_department":"","footnotes":""},"categories":[106,1],"tags":[74],"p4-page-type":[116],"class_list":["post-19193","post","type-post","status-publish","format-standard","has-post-thumbnail","hentry","category-il-est-encore-temps","category-non-classifiee","tag-mobilite","p4-page-type-actualites-blog"],"_links":{"self":[{"href":"https:\/\/www.greenpeace.org\/belgium\/fr\/wp-json\/wp\/v2\/posts\/19193","targetHints":{"allow":["GET"]}}],"collection":[{"href":"https:\/\/www.greenpeace.org\/belgium\/fr\/wp-json\/wp\/v2\/posts"}],"about":[{"href":"https:\/\/www.greenpeace.org\/belgium\/fr\/wp-json\/wp\/v2\/types\/post"}],"author":[{"embeddable":true,"href":"https:\/\/www.greenpeace.org\/belgium\/fr\/wp-json\/wp\/v2\/users\/49"}],"replies":[{"embeddable":true,"href":"https:\/\/www.greenpeace.org\/belgium\/fr\/wp-json\/wp\/v2\/comments?post=19193"}],"version-history":[{"count":9,"href":"https:\/\/www.greenpeace.org\/belgium\/fr\/wp-json\/wp\/v2\/posts\/19193\/revisions"}],"predecessor-version":[{"id":25220,"href":"https:\/\/www.greenpeace.org\/belgium\/fr\/wp-json\/wp\/v2\/posts\/19193\/revisions\/25220"}],"wp:featuredmedia":[{"embeddable":true,"href":"https:\/\/www.greenpeace.org\/belgium\/fr\/wp-json\/wp\/v2\/media\/19196"}],"wp:attachment":[{"href":"https:\/\/www.greenpeace.org\/belgium\/fr\/wp-json\/wp\/v2\/media?parent=19193"}],"wp:term":[{"taxonomy":"category","embeddable":true,"href":"https:\/\/www.greenpeace.org\/belgium\/fr\/wp-json\/wp\/v2\/categories?post=19193"},{"taxonomy":"post_tag","embeddable":true,"href":"https:\/\/www.greenpeace.org\/belgium\/fr\/wp-json\/wp\/v2\/tags?post=19193"},{"taxonomy":"p4-page-type","embeddable":true,"href":"https:\/\/www.greenpeace.org\/belgium\/fr\/wp-json\/wp\/v2\/p4-page-type?post=19193"}],"curies":[{"name":"wp","href":"https:\/\/api.w.org\/{rel}","templated":true}]}}