{"id":19350,"date":"2020-12-10T10:51:32","date_gmt":"2020-12-10T09:51:32","guid":{"rendered":"https:\/\/www.greenpeace.org\/belgium\/?p=19350"},"modified":"2020-12-14T12:50:00","modified_gmt":"2020-12-14T11:50:00","slug":"une-montgolfiere-au-dessus-du-sommet-europeen-alors-quenfle-la-crise-climatique","status":"publish","type":"post","link":"https:\/\/www.greenpeace.org\/belgium\/fr\/actualites-blog\/19350\/une-montgolfiere-au-dessus-du-sommet-europeen-alors-quenfle-la-crise-climatique\/","title":{"rendered":"Une montgolfi\u00e8re au-dessus du sommet europ\u00e9en alors qu\u2019enfle la crise climatique"},"content":{"rendered":"\n<p><strong>MISE A JOUR 14 d\u00e9cembre : Le sommet europ\u00e9en s&rsquo;est accord\u00e9 sur un objectif net de 55% de r\u00e9duction des \u00e9missions d&rsquo;ici 2030. C&rsquo;est largement insuffisant. Nous devons revoir d&rsquo;urgence, et en profondeur, notre \u00e9nergie et nos industries, notre mobilit\u00e9 et notre agriculture. Il est grand temps d&rsquo;\u00e9couter les scientifiques sp\u00e9cialis\u00e9s dans le climat et non, les grands pollueurs. <\/strong><\/p>\n\n<hr class=\"wp-block-separator\"\/>\n\n<p><strong>Tandis que la cr\u00e9dibilit\u00e9 de l&rsquo;UE en mati\u00e8re de climat ne tient qu&rsquo;\u00e0 un fil, des militants sont mont\u00e9s dans une montgolfi\u00e8re de 27 m de haut \u00e0 c\u00f4t\u00e9 du Sommet europ\u00e9en d\u00e9cisif en mati\u00e8re de climat. Ils avertissent les gouvernements qu\u2019ils ne font pas assez face \u00e0 l&rsquo;urgence climatique.<\/strong><\/p>\n\n<figure class=\"wp-block-image size-large  caption-style-medium caption-alignment-center\"><img loading=\"lazy\" decoding=\"async\" width=\"999\" height=\"663\" src=\"https:\/\/www.greenpeace.org\/static\/planet4-belgium-stateless\/69871481-climate_action_10_december.jpg\" alt=\"Une montgolfi\u00e8re au-dessus du sommet europ\u00e9en alors qu\u2019enfle la crise climatique\" class=\"wp-image-19364\"\/><\/figure>\n\t\t\t<section\n\t\t\tclass=\"boxout  \"\n\t\t\t\n\t\t>\n\t\t\t<a\n\t\t\t\tdata-ga-category=\"Take Action Boxout\"\n\t\t\t\tdata-ga-action=\"Image\"\n\t\t\t\tdata-ga-label=\"n\/a\"\n\t\t\t\tclass=\"cover-card-overlay\"\n\t\t\t\thref=\"https:\/\/act.greenpeace.org\/page\/67797\/shop\/1?locale=fr-BE\" target=\"_blank\"\n\t\t\t><\/a>\n\t\t\t\t\t\t\t<img\n\t\t\t\t\t\tsrc=\"https:\/\/www.greenpeace.org\/static\/planet4-belgium-stateless\/ac9f3aa1-activist_close-up.jpg\"\n\t\t\t\t\t\tsrcset=\"\"\n\t\t\t\t\t\tsizes=\"(min-width: 1000px) 358px, (min-width: 780px) 313px, 88px\"\n\t\t\t\t\t\talt=\"\" title=\"\"\n\t\t\t\t\/>\n            \t\t\t<div class=\"boxout-content\">\n\t\t\t\t\t\t\t\t\t<a\n\t\t\t\t\t\tclass=\"boxout-heading medium\"\n\t\t\t\t\t\tdata-ga-category=\"Take Action Boxout\"\n\t\t\t\t\t\tdata-ga-action=\"Title\"\n\t\t\t\t\t\tdata-ga-label=\"n\/a\"\n\t\t\t\t\t\thref=\"https:\/\/act.greenpeace.org\/page\/67797\/shop\/1?locale=fr-BE\"\n\t\t\t\t\t\ttarget=\"_blank\"\n\t\t\t\t\t>\n\t\t\t\t\t\tEquipez nos activistes pour leur prochaine action\n\t\t\t\t\t<\/a>\n\t\t\t\t\t\t\t\t                                    <a\n                        class=\"btn btn-primary\"\n                        data-ga-category=\"Take Action Boxout\"\n                        data-ga-action=\"Call to Action\"\n                        data-ga-label=\"n\/a\"\n                        href=\"https:\/\/act.greenpeace.org\/page\/67797\/shop\/1?locale=fr-BE\"\n                        target=\"_blank\"\n                    >\n                        Je participe\n                    <\/a>\n                \t\t\t<\/div>\n\t\t\t\t\t<\/section>\n\t\n<span class=\"mid-button-fix\"><a class=\"cta-blog-button-mid\" href=\"https:\/\/act.greenpeace.org\/page\/67797\/shop\/1?locale=fr-BE\" target=\"_blank\" rel=\"noopener noreferrer\">Contribuez au succ\u00e8s de nos actions<\/a><\/span>\n\n<p>La montgolfi\u00e8re, qui repr\u00e9sente la plan\u00e8te Terre, a \u00e9t\u00e9 plac\u00e9e pr\u00e8s du b\u00e2timent o\u00f9 les dirigeants des gouvernements europ\u00e9ens doivent convenir d&rsquo;un nouvel objectif climatique \u00e0 l&rsquo;\u00e9chelle de l&rsquo;UE pour 2030. Le ballon affiche un slogan de 10 m sur 7 qui dit: \u00ab\u00a0<em>UE : Sur quelle plan\u00e8te vivez-vous ?<\/em>\u201d&nbsp;<\/p>\n\n<h3 class=\"wp-block-heading\">Le climat ne n\u00e9gocie pas<\/h3>\n\n<p>Tout comme la Belgique a tra\u00een\u00e9 des pieds pendant des ann\u00e9es et que la Flandre essaye d\u2019imposer en derni\u00e8re minute des conditions \u00e0 un accord, d\u2019autres pays europ\u00e9ens cherchent \u00e0 cr\u00e9er des \u00e9chappatoires et fuir leurs responsabilit\u00e9s. \u201cMais le climat ne fonctionne pas comme \u00e7a. Il ne n\u00e9gocie pas, il n\u2019accepte pas de conditions. Il faut donc absolument que chaque pays accepte de r\u00e9duire ses \u00e9missions, sans se faire d\u2019illusions sur des fausses solutions comme le nucl\u00e9aire ou le gaz fossile.\u201d<\/p>\n\n<p>Les scientifiques avertissent que <a href=\"https:\/\/www.unenvironment.org\/resources\/emissions-gap-report-2019\">les \u00e9missions de l\u2019UE doivent diminuer au moins deux fois plus vite<\/a>. Or, certains pays cherchent toujours \u00e0 freiner, notamment en changeant la m\u00e9thode de calcul. En incluant les absorptions d\u2019\u00e9missions par des puits de carbone tels que les for\u00eats, on passerait \u00e0 une r\u00e9duction dite \u2018nette\u2019. Mais les calculs de la Commission-m\u00eame montrent qu\u2019une r\u00e9duction \u2018nette\u2019 de 55% pourrait en pratique ne signifier que 50,5% de r\u00e9duction \u2018r\u00e9elle\u2019.&nbsp;<\/p>\n\n<p>Greenpeace critique cette d\u00e9marche. En effet, cinq ans apr\u00e8s l\u2019Accord de Paris et un an apr\u00e8s le Green Deal europ\u00e9en, saluer un objectif climatique net de 55 % comme une r\u00e9ussite serait comme c\u00e9l\u00e9brer une victoire de marathon alors qu&rsquo;il vous manque encore dix kilom\u00e8tres pour franchir la ligne d&rsquo;arriv\u00e9e. Le Parlement europ\u00e9en a rejet\u00e9 <a href=\"https:\/\/www.theguardian.com\/environment\/2020\/sep\/14\/eu-commission-accused-of-cheating-on-net-zero-emissions-accounting\">l&rsquo;inclusion controvers\u00e9e par la Commission des puits de carbone<\/a> pour gonfler l&rsquo;objectif, il faut que les chefs d\u2019Etat fassent maintenant la m\u00eame chose.<\/p>\n\n<h3 class=\"wp-block-heading\">R\u00e9duction d&rsquo;au moins 65 % des \u00e9missions d&rsquo;ici 2030<\/h3>\n\n<p>En vertu de l&rsquo;accord de Paris, l&rsquo;UE doit pr\u00e9senter un objectif r\u00e9vis\u00e9 pour 2030 avant la fin de 2020. Pour augmenter les chances de limiter le r\u00e9chauffement climatique \u00e0 1,5 \u00b0C et \u00e9viter les pires effets de la d\u00e9gradation du climat, Greenpeace appelle \u00e0 une r\u00e9duction d&rsquo;au moins 65 % des \u00e9missions de l&rsquo;UE provenant des secteurs polluants d&rsquo;ici 2030.<\/p>\n\n<a class=\"cta-blog-button\" href=\"https:\/\/act.greenpeace.org\/page\/67797\/shop\/1?locale=fr-BE\" target=\"_blank\" rel=\"noopener noreferrer\">Contribuez au succ\u00e8s de nos actions<\/a>\n\n<span class=\"shareSocialArea\">\n<a class=\"shareFacebook\" href=\"https:\/\/www.facebook.com\/sharer\/sharer.php?u=https:\/\/www.greenpeace.org\/belgium\/fr\/blog\/19350\/une-montgolfiere-au-dessus-du-sommet-europeen-alors-quenfle-la-crise-climatique\/\" target=\"_blank\" rel=\"noopener noreferrer\">Je partage sur Facebook<\/a>\n<a class=\"shareTwitter\" href=\"https:\/\/twitter.com\/share?url=https:\/\/www.greenpeace.org\/belgium\/fr\/blog\/19350\/une-montgolfiere-au-dessus-du-sommet-europeen-alors-quenfle-la-crise-climatique\/&amp;text=Une%20montgolfi%C3%A8re%20au-dessus%20du%20sommet%20europ%C3%A9en%20alors%20qu%E2%80%99enfle%20la%20crise%20climatique%20-%20Des%20militants%20sont%20mont%C3%A9s%20dans%20une%20montgolfi%C3%A8re%20proche%20du%20Sommet%20europ%C3%A9en%20pour%20avertir%20les%20gouvernements%20qu%E2%80%99ils%20ne%20font%20pas%20assez%20face%20%C3%A0%20l%27urgence%20climatique.%20via%20@greenpeace_be&amp;related=greenpeace_be\" target=\"_blank\" rel=\"noopener noreferrer\">Je partage sur Twitter<\/a>\n<a class=\"shareWhatsapp\" href=\"https:\/\/api.whatsapp.com\/send?text=Une+montgolfi%C3%A8re+au-dessus+du+sommet+europ%C3%A9en+alors+qu%E2%80%99enfle+la+crise+climatique+https%3A%2F%2Fwww.greenpeace.org%2Fbelgium%2Ffr%2Fblog%2F19350%2Fune-montgolfiere-au-dessus-du-sommet-europeen-alors-quenfle-la-crise-climatique%2F\" target=\"_blank\" rel=\"noopener noreferrer\">Je partage sur Whatsapp<\/a>\n<\/span>\n\n<table class=\"hideme\" style=\"width: 100%;\" width=\"100%\">\n<tbody>\n<tr style=\"width: 100%;\">\n<td class=\"icon\"><a href=\"https:\/\/www.facebook.com\/greenpeace.belgium\" target=\"_blank\" rel=\"noopener noreferrer\">\n<img decoding=\"async\" title=\"Facebook\" src=\"https:\/\/storage.googleapis.com\/planet4-belgium-stateless\/2019\/09\/09281872-fb.png\" alt=\"Facebook\" width=\"100%\">\n<\/a><\/td>\n<td class=\"name\"><a href=\"https:\/\/www.facebook.com\/greenpeace.belgium\" target=\"_blank\" rel=\"noopener noreferrer\">\nFacebook\n<\/a><\/td>\n<td class=\"icon\"><a href=\"https:\/\/www.instagram.com\/greenpeace_be\/\" target=\"_blank\" rel=\"noopener noreferrer\">\n<img decoding=\"async\" title=\"Instagram\" src=\"https:\/\/storage.googleapis.com\/planet4-belgium-stateless\/2019\/09\/89871ad4-insta.png\" alt=\"Instagram\" width=\"100%\">\n<\/a><\/td>\n<td class=\"name\"><a href=\"https:\/\/www.instagram.com\/greenpeace_be\/\" target=\"_blank\" rel=\"noopener noreferrer\">\nInstagram\n<\/a><\/td>\n<td class=\"icon\"><a href=\"https:\/\/twitter.com\/greenpeace_be\" target=\"_blank\" rel=\"noopener noreferrer\">\n<img decoding=\"async\" title=\"Twitter\" src=\"https:\/\/storage.googleapis.com\/planet4-belgium-stateless\/2019\/09\/aebb8c6a-tw.png\" alt=\"Twitter\" width=\"100%\">\n<\/a><\/td>\n<td class=\"name\"><a href=\"https:\/\/twitter.com\/greenpeace_be\" target=\"_blank\" rel=\"noopener noreferrer\">\nTwitter\n<\/a><\/td>\n<td class=\"icon\"><a href=\"https:\/\/www.youtube.com\/user\/GreenpeaceBelgium\" target=\"_blank\" rel=\"noopener noreferrer\">\n<img decoding=\"async\" title=\"YouTube\" src=\"https:\/\/storage.googleapis.com\/planet4-belgium-stateless\/2019\/09\/4fd7759c-yt.png\" alt=\"YouTube\" width=\"100%\">\n<\/a><\/td>\n<td class=\"name\"><a href=\"https:\/\/www.youtube.com\/user\/GreenpeaceBelgium\" target=\"_blank\" rel=\"noopener noreferrer\">\nYouTube\n<\/a><\/td>\n<td class=\"icon\"><a href=\"https:\/\/www.pinterest.com\/greenpeacebe\/\" target=\"_blank\" rel=\"noopener noreferrer\">\n<img decoding=\"async\" title=\"YouTube\" src=\"https:\/\/storage.googleapis.com\/planet4-belgium-stateless\/2020\/05\/4454201c-pinterest.png\" alt=\"Pinterest\" width=\"100%\">\n<\/a><\/td>\n<td class=\"name\"><a href=\"https:\/\/www.pinterest.com\/greenpeacebe\/\" target=\"_blank\" rel=\"noopener noreferrer\">\nPinterest\n<\/a><\/td>\n<\/tr>\n<\/tbody>\n<\/table>\n","protected":false},"excerpt":{"rendered":"<p>Des militants sont mont\u00e9s dans une montgolfi\u00e8re proche du Sommet europ\u00e9en pour avertir les gouvernements qu\u2019ils ne font pas assez face \u00e0 l&rsquo;urgence climatique.<\/p>\n","protected":false},"author":49,"featured_media":19364,"comment_status":"closed","ping_status":"closed","sticky":false,"template":"","format":"standard","meta":{"ep_exclude_from_search":false,"p4_og_title":"Une montgolfi\u00e8re au-dessus du sommet europ\u00e9en alors qu\u2019enfle la crise climatique","p4_og_description":"Des militants sont mont\u00e9s dans une montgolfi\u00e8re proche du Sommet europ\u00e9en pour avertir les gouvernements qu\u2019ils ne font pas assez face \u00e0 l'urgence climatique.","p4_og_image":"","p4_og_image_id":"","p4_seo_canonical_url":"","p4_campaign_name":"not set","p4_local_project":"not set","p4_basket_name":"not set","p4_department":"","footnotes":""},"categories":[106,1],"tags":[86],"p4-page-type":[116],"class_list":["post-19350","post","type-post","status-publish","format-standard","has-post-thumbnail","hentry","category-il-est-encore-temps","category-non-classifiee","tag-climat","p4-page-type-actualites-blog"],"_links":{"self":[{"href":"https:\/\/www.greenpeace.org\/belgium\/fr\/wp-json\/wp\/v2\/posts\/19350","targetHints":{"allow":["GET"]}}],"collection":[{"href":"https:\/\/www.greenpeace.org\/belgium\/fr\/wp-json\/wp\/v2\/posts"}],"about":[{"href":"https:\/\/www.greenpeace.org\/belgium\/fr\/wp-json\/wp\/v2\/types\/post"}],"author":[{"embeddable":true,"href":"https:\/\/www.greenpeace.org\/belgium\/fr\/wp-json\/wp\/v2\/users\/49"}],"replies":[{"embeddable":true,"href":"https:\/\/www.greenpeace.org\/belgium\/fr\/wp-json\/wp\/v2\/comments?post=19350"}],"version-history":[{"count":11,"href":"https:\/\/www.greenpeace.org\/belgium\/fr\/wp-json\/wp\/v2\/posts\/19350\/revisions"}],"predecessor-version":[{"id":19544,"href":"https:\/\/www.greenpeace.org\/belgium\/fr\/wp-json\/wp\/v2\/posts\/19350\/revisions\/19544"}],"wp:featuredmedia":[{"embeddable":true,"href":"https:\/\/www.greenpeace.org\/belgium\/fr\/wp-json\/wp\/v2\/media\/19364"}],"wp:attachment":[{"href":"https:\/\/www.greenpeace.org\/belgium\/fr\/wp-json\/wp\/v2\/media?parent=19350"}],"wp:term":[{"taxonomy":"category","embeddable":true,"href":"https:\/\/www.greenpeace.org\/belgium\/fr\/wp-json\/wp\/v2\/categories?post=19350"},{"taxonomy":"post_tag","embeddable":true,"href":"https:\/\/www.greenpeace.org\/belgium\/fr\/wp-json\/wp\/v2\/tags?post=19350"},{"taxonomy":"p4-page-type","embeddable":true,"href":"https:\/\/www.greenpeace.org\/belgium\/fr\/wp-json\/wp\/v2\/p4-page-type?post=19350"}],"curies":[{"name":"wp","href":"https:\/\/api.w.org\/{rel}","templated":true}]}}