{"id":19378,"date":"2020-12-10T16:34:55","date_gmt":"2020-12-10T15:34:55","guid":{"rendered":"https:\/\/www.greenpeace.org\/belgium\/?p=19378"},"modified":"2020-12-10T16:34:58","modified_gmt":"2020-12-10T15:34:58","slug":"une-montgolfiere-au-dessus-du-sommet-europeen-alors-quenfle-la-crise-climatique-2","status":"publish","type":"post","link":"https:\/\/www.greenpeace.org\/belgium\/fr\/communique-de-presse\/19378\/une-montgolfiere-au-dessus-du-sommet-europeen-alors-quenfle-la-crise-climatique-2\/","title":{"rendered":"Une montgolfi\u00e8re au-dessus du sommet europ\u00e9en alors qu\u2019enfle la crise climatique"},"content":{"rendered":"\n<p><strong>Tandis que la cr\u00e9dibilit\u00e9 de l&rsquo;UE en mati\u00e8re de climat ne tient qu&rsquo;\u00e0 un fil, des militants sont mont\u00e9s dans une montgolfi\u00e8re de 27 m de haut \u00e0 c\u00f4t\u00e9 du Sommet europ\u00e9en d\u00e9cisif en mati\u00e8re de climat. Ils avertissent les gouvernements qu\u2019ils ne font pas assez face \u00e0 l&rsquo;urgence climatique.<\/strong><\/p>\n\n<p>La montgolfi\u00e8re, qui repr\u00e9sente la plan\u00e8te Terre, a \u00e9t\u00e9 plac\u00e9e pr\u00e8s du b\u00e2timent o\u00f9 les dirigeants des gouvernements europ\u00e9ens doivent convenir d&rsquo;un nouvel objectif climatique \u00e0 l&rsquo;\u00e9chelle de l&rsquo;UE pour 2030. Le ballon affiche un slogan de 10 m sur 7 qui dit: <em>\u00ab\u00a0UE : Sur quelle plan\u00e8te vivez-vous ?\u201d<\/em>\u00a0<\/p>\n\n<figure class=\"wp-block-image size-large  caption-style-medium caption-alignment-center\"><img loading=\"lazy\" decoding=\"async\" width=\"999\" height=\"663\" src=\"https:\/\/www.greenpeace.org\/static\/planet4-belgium-stateless\/eb53be3f-climate_action_10_december2.jpg\" alt=\"Une montgolfi\u00e8re au-dessus du sommet europ\u00e9en alors qu\u2019enfle la crise climatique \" class=\"wp-image-19379\"\/><\/figure>\n\n<p><em>Des photos et des vid\u00e9os seront ajout\u00e9es <a rel=\"noreferrer noopener\" href=\"https:\/\/media.greenpeace.org\/collection\/27MDHU54OID\" target=\"_blank\">dans ce dossier<\/a>. Elles sont gratuites d\u2019utilisation mais les copyrights doivent \u00eatre correctement indiqu\u00e9s.<\/em><\/p>\n\n<p><em>\u201cTout comme la Belgique a tra\u00een\u00e9 des pieds pendant des ann\u00e9es et que la Flandre essaye d\u2019imposer en derni\u00e8re minute des conditions \u00e0 un accord, d\u2019autres pays europ\u00e9ens cherchent \u00e0 cr\u00e9er des \u00e9chappatoires et fuir leurs responsabilit\u00e9s\u201d<\/em>, d\u00e9plore Mathieu Soete, expert Climat chez Greenpeace Belgique. <em>\u201cMais le climat ne fonctionne pas comme \u00e7a. Il ne n\u00e9gocie pas, il n\u2019accepte pas de conditions. Il faut donc absolument que chaque pays accepte de r\u00e9duire ses \u00e9missions, sans se faire d\u2019illusions sur des fausses solutions comme le nucl\u00e9aire ou le gaz fossile.\u201d<\/em><\/p>\n\n<p>Les scientifiques avertissent que les \u00e9missions de l\u2019UE doivent diminuer au moins deux fois plus vite [1]. Or certains pays cherchent toujours \u00e0 freiner, notamment en changeant la m\u00e9thode de calcul. En incluant les absorptions d\u2019\u00e9missions par des puits de carbone tels que les for\u00eats, on passerait \u00e0 une r\u00e9duction dite \u2018nette\u2019. Mais les calculs de la Commission-m\u00eame montrent qu\u2019une r\u00e9duction \u2018nette\u2019 de 55% pourrait en pratique ne signifier que 50,5% de r\u00e9duction \u2018r\u00e9elle\u2019. [2]<\/p>\n\n<p>S\u00e9bastian Mang, conseiller de Greenpeace pour la politique climatique de l\u2019UE, critique cette d\u00e9marche : <em>\u201cCinq ans apr\u00e8s l\u2019Accord de Paris et un an apr\u00e8s le Green Deal europ\u00e9en, saluer un objectif climatique net de 55 % comme une r\u00e9ussite serait comme c\u00e9l\u00e9brer une victoire de marathon alors qu&rsquo;il vous manque encore dix kilom\u00e8tres pour franchir la ligne d&rsquo;arriv\u00e9e. Le Parlement europ\u00e9en a rejet\u00e9 <\/em><a href=\"https:\/\/www.theguardian.com\/environment\/2020\/sep\/14\/eu-commission-accused-of-cheating-on-net-zero-emissions-accounting\" target=\"_blank\" rel=\"noreferrer noopener\"><em>l&rsquo;inclusion controvers\u00e9e par la Commission des puits de carbone<\/em><\/a><em> pour gonfler l&rsquo;objectif, il faut que les chefs d\u2019Etat fassent maintenant la m\u00eame chose.\u201d<\/em><\/p>\n\n<p>En vertu de l&rsquo;accord de Paris, l&rsquo;UE doit pr\u00e9senter un objectif r\u00e9vis\u00e9 pour 2030 avant la fin de 2020. Pour augmenter les chances de limiter le r\u00e9chauffement climatique \u00e0 1,5 \u00b0C et \u00e9viter les pires effets de la d\u00e9gradation du climat, Greenpeace appelle \u00e0 une r\u00e9duction d&rsquo;au moins 65 % des \u00e9missions de l&rsquo;UE provenant des secteurs polluants d&rsquo;ici 2030.<\/p>\n\n<p>En d\u00e9but de semaine, le Royaume-Uni a annonc\u00e9 un objectif de r\u00e9duction de 68 % de ses \u00e9missions d&rsquo;ici 2030. La Belgique, elle, a d\u00e9gringol\u00e9 <a href=\"https:\/\/www.iew.be\/climate-change-performance-index-nouveau-recul-de-la-belgique\/\" target=\"_blank\" rel=\"noreferrer noopener\">\u00e0 la 40e place du Climate Change Performance Index<\/a>, soit l\u2019un des pires pays d\u2019Europe de l\u2019Ouest.<\/p>\n\n<p><strong>Notes :<\/strong><strong>&nbsp;<\/strong><\/p>\n\n<p>[1] <a href=\"https:\/\/www.unenvironment.org\/resources\/emissions-gap-report-2019\" target=\"_blank\" rel=\"noreferrer noopener\">Les Nations unies estiment<\/a> que l&rsquo;UE devrait r\u00e9duire ses \u00e9missions d&rsquo;au moins 7,6% chaque ann\u00e9e pour avoir une chance de limiter le r\u00e9chauffement de la plan\u00e8te \u00e0 1,5 \u00b0C. Un objectif \u2018r\u00e9el\u2019 de 55 % ne permettrait de g\u00e9rer que 5 % de r\u00e9duction par an, tandis qu\u2019on objectif \u2018net\u2019, avec inclusion des puits de carbone, n\u2019arriverait qu\u2019\u00e0 4,1 % de r\u00e9duction par an. De 2018 \u00e0 2019, les \u00e9missions ont baiss\u00e9 de 3,7 %.<\/p>\n\n<p>[2] Un <a href=\"https:\/\/www.greenpeace.org\/eu-unit\/issues\/climate-energy\/45187\/europe-cant-rely-on-nature-to-achieve-climate-objectives\/\" target=\"_blank\" rel=\"noreferrer noopener\">nouveau rapport de Greenpeace<\/a> montre que le recours aux puits de carbone pour r\u00e9duire les \u00e9missions n&rsquo;arr\u00eatera pas la d\u00e9gradation du climat et ne fera que d\u00e9charger les pollueurs.<\/p>\n\n<p><strong>Contact:<\/strong> Thomas Leroy, attach\u00e9 de presse de Greenpeace: 0496 26 31 91 &#8211; <a rel=\"noreferrer noopener\" href=\"mailto:bpress@greenpeace.org\" target=\"_blank\">bpress@greenpeace.org<\/a><\/p>\n","protected":false},"excerpt":{"rendered":"<p>Tandis que la cr\u00e9dibilit\u00e9 de l&rsquo;UE en mati\u00e8re de climat ne tient qu&rsquo;\u00e0 un fil, des militants sont mont\u00e9s dans une montgolfi\u00e8re de 27 m de haut \u00e0 c\u00f4t\u00e9 du Sommet europ\u00e9en d\u00e9cisif en mati\u00e8re de climat. Ils avertissent les gouvernements qu\u2019ils ne font pas assez face \u00e0 l&rsquo;urgence climatique.<\/p>\n","protected":false},"author":105,"featured_media":19379,"comment_status":"closed","ping_status":"closed","sticky":false,"template":"","format":"standard","meta":{"ep_exclude_from_search":false,"p4_og_title":"","p4_og_description":"","p4_og_image":"","p4_og_image_id":"","p4_seo_canonical_url":"","p4_campaign_name":"not set","p4_local_project":"not set","p4_basket_name":"not set","p4_department":"","footnotes":""},"categories":[1],"tags":[86],"p4-page-type":[117],"class_list":["post-19378","post","type-post","status-publish","format-standard","has-post-thumbnail","hentry","category-non-classifiee","tag-climat","p4-page-type-communique-de-presse"],"_links":{"self":[{"href":"https:\/\/www.greenpeace.org\/belgium\/fr\/wp-json\/wp\/v2\/posts\/19378","targetHints":{"allow":["GET"]}}],"collection":[{"href":"https:\/\/www.greenpeace.org\/belgium\/fr\/wp-json\/wp\/v2\/posts"}],"about":[{"href":"https:\/\/www.greenpeace.org\/belgium\/fr\/wp-json\/wp\/v2\/types\/post"}],"author":[{"embeddable":true,"href":"https:\/\/www.greenpeace.org\/belgium\/fr\/wp-json\/wp\/v2\/users\/105"}],"replies":[{"embeddable":true,"href":"https:\/\/www.greenpeace.org\/belgium\/fr\/wp-json\/wp\/v2\/comments?post=19378"}],"version-history":[{"count":1,"href":"https:\/\/www.greenpeace.org\/belgium\/fr\/wp-json\/wp\/v2\/posts\/19378\/revisions"}],"predecessor-version":[{"id":19381,"href":"https:\/\/www.greenpeace.org\/belgium\/fr\/wp-json\/wp\/v2\/posts\/19378\/revisions\/19381"}],"wp:featuredmedia":[{"embeddable":true,"href":"https:\/\/www.greenpeace.org\/belgium\/fr\/wp-json\/wp\/v2\/media\/19379"}],"wp:attachment":[{"href":"https:\/\/www.greenpeace.org\/belgium\/fr\/wp-json\/wp\/v2\/media?parent=19378"}],"wp:term":[{"taxonomy":"category","embeddable":true,"href":"https:\/\/www.greenpeace.org\/belgium\/fr\/wp-json\/wp\/v2\/categories?post=19378"},{"taxonomy":"post_tag","embeddable":true,"href":"https:\/\/www.greenpeace.org\/belgium\/fr\/wp-json\/wp\/v2\/tags?post=19378"},{"taxonomy":"p4-page-type","embeddable":true,"href":"https:\/\/www.greenpeace.org\/belgium\/fr\/wp-json\/wp\/v2\/p4-page-type?post=19378"}],"curies":[{"name":"wp","href":"https:\/\/api.w.org\/{rel}","templated":true}]}}