{"id":19649,"date":"2020-12-18T13:05:51","date_gmt":"2020-12-18T12:05:51","guid":{"rendered":"https:\/\/www.greenpeace.org\/belgium\/?p=19649"},"modified":"2021-12-01T14:04:12","modified_gmt":"2021-12-01T13:04:12","slug":"a-tous-les-travailleurs-des-transports-publics-merci","status":"publish","type":"post","link":"https:\/\/www.greenpeace.org\/belgium\/fr\/actualites-blog\/19649\/a-tous-les-travailleurs-des-transports-publics-merci\/","title":{"rendered":"\u00c1 tous les travailleurs des transports publics : merci !"},"content":{"rendered":"\n<p><strong>L&rsquo;ann\u00e9e 2020 a \u00e9t\u00e9 diff\u00e9rente de toutes les autres ann\u00e9es de ma vie. Chaque jour, je fais de mon mieux pour respecter les mesures corona afin de rester en bonne sant\u00e9 et de prot\u00e9ger celle des autres. En m\u00eame temps, tous les jours, je continue \u00e0 travailler et \u00e0 m\u2019occuper de mes proches. Si certains d&rsquo;entre nous ont l\u2019option de faire du t\u00e9l\u00e9travail ou de ne quitter la maison que pour des raisons importantes, beaucoup d&rsquo;autres sont en premi\u00e8re ligne jour et nuit pour assurer le bon fonctionnement de la soci\u00e9t\u00e9 : notre personnel de sant\u00e9 bien s\u00fbr, mais aussi les employ\u00e9s d&rsquo;autres secteurs essentiels, y compris les nombreux travailleurs des transports publics. Merci \u00e0 eux !<\/strong><\/p>\n\n<figure class=\"wp-block-image size-large  caption-style-medium caption-alignment-center\"><img loading=\"lazy\" decoding=\"async\" width=\"999\" height=\"663\" src=\"https:\/\/www.greenpeace.org\/static\/planet4-belgium-stateless\/803c9699-mobility_public_transport_thank_you3.jpg\" alt=\"\u00c1 tous les travailleurs des transports publics : merci !  \" class=\"wp-image-19650\"\/><\/figure>\n\n<p>Ces derniers veillent \u00e0 ce que les travailleurs essentiels qui ne peuvent pas travailler \u00e0 domicile et\/ou ne peuvent pas se payer une voiture se rendent l\u00e0 o\u00f9 ils doivent \u00eatre.<\/p>\n\n<h3 class=\"wp-block-heading\">Les transports en commun, un service indispensable<\/h3>\n\n<p>Au cours des derniers mois, les transports publics ont \u00e9t\u00e9 d\u00e9crits par beaucoup comme peu s\u00fbrs. Greenpeace soutient \u00e9videmment les mesures visant \u00e0 \u00e9viter autant que possible les d\u00e9placements dans cette crise sanitaire, en utilisant par exemple le t\u00e9l\u00e9travail, mais en m\u00eame temps, les risques d&rsquo;\u00eatre contamin\u00e9s dans les transports publics dans les circonstances actuelles sont souvent <a href=\"https:\/\/stibstories.be\/2020\/10\/21\/on-vous-dit-tout-la-surete-de-nos-transports-pendant-lepidemie-de-covid-19\/\">surestim\u00e9s<\/a>. Et souvent, ceux qui critiquent le plus les transports en commun sont aussi ceux qui peuvent se permettre de ne pas les prendre. Alors que pour beaucoup de citoyens, de travailleurs et de jeunes, de seniors, les transports publics sont essentiels pour se d\u00e9placer.<\/p>\n\n<p>Malgr\u00e9 ce service indispensable \u00e0 la soci\u00e9t\u00e9, les travailleurs des transports publics sont souvent n\u00e9glig\u00e9s. Pourquoi ? Parce que les publicit\u00e9s des constructeurs automobiles et des compagnies a\u00e9riennes nous ont conditionn\u00e9s \u00e0 consid\u00e9rer les choix individuels en mati\u00e8re de transport &#8211; poss\u00e9der une voiture ou partir en vacances \u00e0 l&rsquo;\u00e9tranger &#8211; comme l&rsquo;expression de notre libert\u00e9 individuelle. Cette ann\u00e9e a toutefois montr\u00e9 que la mobilit\u00e9 ne se limite pas d\u2019aller d&rsquo;un point A \u00e0 un point B. Elle permet aussi \u00e0 chacun de recevoir les soins et les moyens de subsistance dont il a besoin, et de lutter contre les in\u00e9galit\u00e9s sociales.<\/p>\n\n<figure class=\"wp-block-image size-large  caption-style-medium caption-alignment-center\"><img loading=\"lazy\" decoding=\"async\" width=\"999\" height=\"663\" src=\"https:\/\/www.greenpeace.org\/static\/planet4-belgium-stateless\/01b10d71-mobility_public_transport_thank_you4.jpg\" alt=\"\u00c1 tous les travailleurs des transports publics : merci !  \" class=\"wp-image-19652\"\/><\/figure>\n\n<span class=\"mid-button-fix\"><a class=\"cta-blog-button-mid\" href=\"https:\/\/www.greenpeace.org\/belgium\/fr\/agir\/comment-ameliorer-les-transports-en-commun-en-belgique\/\" target=\"_blank\" rel=\"noopener noreferrer\">Comment am\u00e9liorer les transports en commun en Belgique ?<\/a><\/span>\n\n<h3 class=\"wp-block-heading\">Merci aux protagonistes des transports en commun !\u00a0<\/h3>\n\n<p>Nous pouvons apprendre beaucoup de la crise du coronavirus. Mais une le\u00e7on est certainement qu&rsquo;en tant que soci\u00e9t\u00e9, nous devons investir dans des services publics forts qui r\u00e9pondent aux besoins de la soci\u00e9t\u00e9 &#8211; et que les personnes qui fournissent ces services m\u00e9ritent notre gratitude.<\/p>\n\n<p>Je pense que les moments les plus sombres peuvent aussi \u00eatre des moments de gratitude, de gentillesse et de reconnaissance. Prenez les prochains jours pour appr\u00e9cier et remercier les personnes qui sont pr\u00e9sentes, chaque jour, pour jouer un r\u00f4le vital dans notre soci\u00e9t\u00e9.&nbsp;<\/p>\n\n<p>Rejoignez-moi pour remercier tous les conducteurs, vendeurs de billets, techniciens, op\u00e9rateurs, nettoyeurs, personnel d&rsquo;entretien et employ\u00e9s de bureau infatigables qui fournissent les services vitaux qui permettent aux transports publics de fonctionner chaque jour pour que la soci\u00e9t\u00e9 continue de tourner. Votre travail est appr\u00e9ci\u00e9, il est important, et il est n\u00e9cessaire. Merci beaucoup.<\/p>\n\n<p><strong>Participez via les r\u00e9seaux de m\u00e9dias sociaux avec #ThanksForKeepingUsMoving<\/strong><\/p>\n\n<a class=\"cta-blog-button\" href=\"https:\/\/www.greenpeace.org\/belgium\/fr\/agir\/comment-ameliorer-les-transports-en-commun-en-belgique\/\" target=\"_blank\" rel=\"noopener noreferrer\">Comment am\u00e9liorer les transports en commun en Belgique ?<\/a>\n\n<span class=\"shareSocialArea\">\n<a class=\"shareFacebook\" href=\"https:\/\/www.facebook.com\/sharer\/sharer.php?u=https:\/\/www.greenpeace.org\/belgium\/fr\/blog\/19649\/a-tous-les-travailleurs-des-transports-publics-merci\/\" target=\"_blank\" rel=\"noopener noreferrer\">Je partage sur Facebook<\/a>\n<a class=\"shareTwitter\" href=\"https:\/\/twitter.com\/share?url=https:\/\/www.greenpeace.org\/belgium\/fr\/blog\/19649\/a-tous-les-travailleurs-des-transports-publics-merci\/&#038;text=%C3%81%20tous%20les%20travailleurs%20des%20transports%20publics%20%3A%20merci%20%21%20-%20Nous%20pouvons%20apprendre%20beaucoup%20de%20la%20crise%20du%20coronavirus.%20Mais%20une%20le%C3%A7on%20est%20qu%27en%20tant%20que%20soci%C3%A9t%C3%A9,%20nous%20devons%20investir%20dans%20des%20services%20publics%20forts%20et%20que%20les%20personnes%20qui%20fournissent%20ces%20services%20m%C3%A9ritent%20notre%20gratitude.%20via%20@greenpeace_be&#038;related=greenpeace_be\" target=\"_blank\" rel=\"noopener noreferrer\">Je partage sur Twitter<\/a>\n<a class=\"shareWhatsapp\" href=\"https:\/\/api.whatsapp.com\/send?text=%C3%81+tous+les+travailleurs+des+transports+publics+%3A+merci+%21+https%3A%2F%2Fwww.greenpeace.org%2Fbelgium%2Ffr%2Fblog%2F19649%2Fa-tous-les-travailleurs-des-transports-publics-merci%2F\" target=\"_blank\" rel=\"noopener noreferrer\">Je partage sur Whatsapp<\/a>\n<\/span>\n\n\n<table class=\"hideme\" style=\"width: 100%;\" width=\"100%\">\n<tbody>\n<tr style=\"width: 100%;\">\n<td class=\"icon\"><a href=\"https:\/\/www.facebook.com\/greenpeace.belgium\" target=\"_blank\" rel=\"noopener noreferrer\">\n<img decoding=\"async\" title=\"Facebook\" src=\"https:\/\/storage.googleapis.com\/planet4-belgium-stateless\/2019\/09\/09281872-fb.png\" alt=\"Facebook\" width=\"100%\">\n<\/a><\/td>\n<td class=\"name\"><a href=\"https:\/\/www.facebook.com\/greenpeace.belgium\" target=\"_blank\" rel=\"noopener noreferrer\">\nFacebook\n<\/a><\/td>\n<td class=\"icon\"><a href=\"https:\/\/www.instagram.com\/greenpeace_be\/\" target=\"_blank\" rel=\"noopener noreferrer\">\n<img decoding=\"async\" title=\"Instagram\" src=\"https:\/\/storage.googleapis.com\/planet4-belgium-stateless\/2019\/09\/89871ad4-insta.png\" alt=\"Instagram\" width=\"100%\">\n<\/a><\/td>\n<td class=\"name\"><a href=\"https:\/\/www.instagram.com\/greenpeace_be\/\" target=\"_blank\" rel=\"noopener noreferrer\">\nInstagram\n<\/a><\/td>\n<td class=\"icon\"><a href=\"https:\/\/twitter.com\/greenpeace_be\" target=\"_blank\" rel=\"noopener noreferrer\">\n<img decoding=\"async\" title=\"Twitter\" src=\"https:\/\/storage.googleapis.com\/planet4-belgium-stateless\/2019\/09\/aebb8c6a-tw.png\" alt=\"Twitter\" width=\"100%\">\n<\/a><\/td>\n<td class=\"name\"><a href=\"https:\/\/twitter.com\/greenpeace_be\" target=\"_blank\" rel=\"noopener noreferrer\">\nTwitter\n<\/a><\/td>\n<td class=\"icon\"><a href=\"https:\/\/www.youtube.com\/user\/GreenpeaceBelgium\" target=\"_blank\" rel=\"noopener noreferrer\">\n<img decoding=\"async\" title=\"YouTube\" src=\"https:\/\/storage.googleapis.com\/planet4-belgium-stateless\/2019\/09\/4fd7759c-yt.png\" alt=\"YouTube\" width=\"100%\">\n<\/a><\/td>\n<td class=\"name\"><a href=\"https:\/\/www.youtube.com\/user\/GreenpeaceBelgium\" target=\"_blank\" rel=\"noopener noreferrer\">\nYouTube\n<\/a><\/td>\n<td class=\"icon\"><a href=\"https:\/\/www.pinterest.com\/greenpeacebe\/\" target=\"_blank\" rel=\"noopener noreferrer\">\n<img decoding=\"async\" title=\"YouTube\" src=\"https:\/\/storage.googleapis.com\/planet4-belgium-stateless\/2020\/05\/4454201c-pinterest.png\" alt=\"Pinterest\" width=\"100%\">\n<\/a><\/td>\n<td class=\"name\"><a href=\"https:\/\/www.pinterest.com\/greenpeacebe\/\" target=\"_blank\" rel=\"noopener noreferrer\">\nPinterest\n<\/a><\/td>\n<\/tr>\n<\/tbody>\n<\/table>\n\n\n<p><\/p>\n<div class=\"EmptyMessage\">Block content is empty. Check the block&rsquo;s settings or remove it.<\/div>","protected":false},"excerpt":{"rendered":"<p>Nous pouvons apprendre beaucoup de la crise du coronavirus. Mais une le\u00e7on est qu&rsquo;en tant que soci\u00e9t\u00e9, nous devons investir dans des services publics forts et que les personnes qui fournissent ces services m\u00e9ritent notre gratitude.<\/p>\n","protected":false},"author":49,"featured_media":19652,"comment_status":"closed","ping_status":"closed","sticky":false,"template":"","format":"standard","meta":{"ep_exclude_from_search":false,"p4_og_title":"\u00c1 tous les travailleurs des transports publics : merci !","p4_og_description":"Nous pouvons apprendre beaucoup de la crise du coronavirus. Mais une le\u00e7on est qu'en tant que soci\u00e9t\u00e9, nous devons investir dans des services publics forts et que les personnes qui fournissent ces services m\u00e9ritent notre gratitude.","p4_og_image":"","p4_og_image_id":"","p4_seo_canonical_url":"","p4_campaign_name":"not set","p4_local_project":"not set","p4_basket_name":"not set","p4_department":"","footnotes":""},"categories":[107],"tags":[74],"p4-page-type":[116],"class_list":["post-19649","post","type-post","status-publish","format-standard","has-post-thumbnail","hentry","category-ensemble-nous-sommes-la-solution","tag-mobilite","p4-page-type-actualites-blog"],"_links":{"self":[{"href":"https:\/\/www.greenpeace.org\/belgium\/fr\/wp-json\/wp\/v2\/posts\/19649","targetHints":{"allow":["GET"]}}],"collection":[{"href":"https:\/\/www.greenpeace.org\/belgium\/fr\/wp-json\/wp\/v2\/posts"}],"about":[{"href":"https:\/\/www.greenpeace.org\/belgium\/fr\/wp-json\/wp\/v2\/types\/post"}],"author":[{"embeddable":true,"href":"https:\/\/www.greenpeace.org\/belgium\/fr\/wp-json\/wp\/v2\/users\/49"}],"replies":[{"embeddable":true,"href":"https:\/\/www.greenpeace.org\/belgium\/fr\/wp-json\/wp\/v2\/comments?post=19649"}],"version-history":[{"count":4,"href":"https:\/\/www.greenpeace.org\/belgium\/fr\/wp-json\/wp\/v2\/posts\/19649\/revisions"}],"predecessor-version":[{"id":25204,"href":"https:\/\/www.greenpeace.org\/belgium\/fr\/wp-json\/wp\/v2\/posts\/19649\/revisions\/25204"}],"wp:featuredmedia":[{"embeddable":true,"href":"https:\/\/www.greenpeace.org\/belgium\/fr\/wp-json\/wp\/v2\/media\/19652"}],"wp:attachment":[{"href":"https:\/\/www.greenpeace.org\/belgium\/fr\/wp-json\/wp\/v2\/media?parent=19649"}],"wp:term":[{"taxonomy":"category","embeddable":true,"href":"https:\/\/www.greenpeace.org\/belgium\/fr\/wp-json\/wp\/v2\/categories?post=19649"},{"taxonomy":"post_tag","embeddable":true,"href":"https:\/\/www.greenpeace.org\/belgium\/fr\/wp-json\/wp\/v2\/tags?post=19649"},{"taxonomy":"p4-page-type","embeddable":true,"href":"https:\/\/www.greenpeace.org\/belgium\/fr\/wp-json\/wp\/v2\/p4-page-type?post=19649"}],"curies":[{"name":"wp","href":"https:\/\/api.w.org\/{rel}","templated":true}]}}