{"id":19801,"date":"2021-01-11T09:34:45","date_gmt":"2021-01-11T08:34:45","guid":{"rendered":"https:\/\/www.greenpeace.org\/belgium\/?p=19801"},"modified":"2021-12-01T14:03:49","modified_gmt":"2021-12-01T13:03:49","slug":"quand-les-urgences-climatiques-deviennent-realite","status":"publish","type":"post","link":"https:\/\/www.greenpeace.org\/belgium\/fr\/actualites-blog\/19801\/quand-les-urgences-climatiques-deviennent-realite\/","title":{"rendered":"Quand les urgences climatiques deviennent r\u00e9alit\u00e9"},"content":{"rendered":"\n<p><strong>Nous n\u2019aimons pas l\u2019admettre, mais chaque ann\u00e9e, les urgences climatiques s\u2019intensifient, battent des records et font des millions de victimes, ce qui a un impact sur les \u00e9cosyst\u00e8mes et la biodiversit\u00e9 dans presque toutes les r\u00e9gions du globe. Voici quelques images inoubliables d\u2019urgences climatiques qui marqueront \u00e0 jamais l\u2019ann\u00e9e 2020.<\/strong><\/p>\n\n<p>Cette ann\u00e9e, une pand\u00e9mie mondiale a modifi\u00e9 l\u2019\u00e9quation. Le ciel s\u2019est \u00e9clairci, les usines ont \u00e9t\u00e9 ferm\u00e9es et les transports a\u00e9riens et terrestres ont \u00e9t\u00e9 interrompus. Selon un rapport sur le climat, 2020 reste pourtant en bonne voie pour devenir la deuxi\u00e8me ann\u00e9e la plus chaude jamais enregistr\u00e9e. Nous avons assist\u00e9 \u00e0 des vagues de chaleur, des incendies de for\u00eat et m\u00eame des cyclones et typhons r\u00e9p\u00e9t\u00e9s qui ont eu un impact sur les populations et les \u00e9conomies du monde entier.\u00a0C\u2019est notre r\u00e9alit\u00e9 climatique actuelle\u2026 Une r\u00e9alit\u00e9 que nous aurions pr\u00e9f\u00e9r\u00e9 ne jamais avoir \u00e0 affronter. Mais ce n\u2019est pas en se ber\u00e7ant d\u2019illusions que le changement climatique dispara\u00eetra. Pas sans une action collective, d\u00e9cisive et ambitieuse partant du terrain.<\/p>\n\n<span class=\"mid-button-fix\"><a class=\"cta-blog-button-mid\" href=\"https:\/\/www.greenpeace.org\/belgium\/fr\/agir\/suivez-lactualite-de-nos-campagnes\/\" target=\"_blank\" rel=\"noopener noreferrer\">Je m\u2019inscris \u00e0 la newsletter<\/a><\/span>\n\n<p><\/p>\n\n<figure class=\"wp-block-image is-resized  caption-style-medium caption-alignment-center\"><img loading=\"lazy\" decoding=\"async\" src=\"https:\/\/lh5.googleusercontent.com\/7RbeTA40E_rKVpxoFV2jBzJZBflblw34fBAJM05FnikGyg-1MeOVmTBD5lW9WjNENl8pPioPsMVGFD5bAz1w7Wi6k2ptJaocxM2Gj4jdPXygrpAvwUaqhaod90A8r6rlSU8Hi2D9\" alt=\"Australian Bush fire. \u00a9 SAEED KHAN \/ AFP via Getty Images\" width=\"999\" height=\"663\" title=\"Australian Bush fire. \u00a9 SAEED KHAN \/ AFP via Getty Images\"\/><figcaption>Feu de brousse en Australie \u00a9 SAEED KHAN\/AFP via Getty Images<\/figcaption><\/figure>\n\n<p>Les <a href=\"https:\/\/www.greenpeace.org\/belgium\/fr\/blog\/8498\/laustralie-en-feu\/\">feux de brousse en Australie<\/a> ont atteint une ampleur sans pr\u00e9c\u00e9dent, d\u00e9truisant pr\u00e8s de 11 millions d\u2019hectares et causant la mort d\u2019au moins 29 personnes. On estime que plus d\u2019un milliard d\u2019oiseaux, de mammif\u00e8res et de reptiles ont \u00e9t\u00e9 touch\u00e9s ou tu\u00e9s, parmi lesquels beaucoup sont uniques \u00e0 l\u2019Australie.<\/p>\n\n<hr class=\"wp-block-separator\"\/>\n\n<figure class=\"wp-block-image is-resized  caption-style-medium caption-alignment-center\"><img loading=\"lazy\" decoding=\"async\" src=\"https:\/\/lh3.googleusercontent.com\/XH01mb-ckpjXcStYJJ6gokxyh_TwzxpR0VuXVVbWqcSftbAHLlwtxbAWrcDCbl0QrvAafN1JLK0aLIVYtz8CgyeqaC0mrIL9PQsyy-mY4fMVyLPdnXu5Qow1Yttie1EBIDiiSDNy\" alt=\"Floods in Migori and Homa Bay Counties in Kenya  \u00a9 Bernard Ojwang \/ Greenpeace\" width=\"999\" height=\"663\" title=\"Floods in Migori and Homa Bay Counties in Kenya  \u00a9 Bernard Ojwang \/ Greenpeace\"\/><figcaption>Inondations dans les comt\u00e9s de Migori et Homa Bay au Kenya \u00a9 Bernard Ojwang\/Greenpeace<\/figcaption><\/figure>\n\n<p>En mai et juin, le Kenya a connu des inondations qui ont provoqu\u00e9 le d\u00e9placement de milliers de personnes, la perte de centaines de vies, la destruction des r\u00e9coltes et la mort du b\u00e9tail. Le changement du climat mondial a consid\u00e9rablement affect\u00e9 les r\u00e9gimes m\u00e9t\u00e9orologiques g\u00e9n\u00e9raux d\u2019Afrique de l\u2019Est.<\/p>\n\n<hr class=\"wp-block-separator\"\/>\n\n<figure class=\"wp-block-image is-resized  caption-style-medium caption-alignment-center\"><img loading=\"lazy\" decoding=\"async\" src=\"https:\/\/lh4.googleusercontent.com\/FxvRjC0-lMvrZEoBrgKTil-_WKReu8eX7KHof2nTs4X4wnBd_MMAVQ-TxhCtjv4Cl0exfWQnazrgjB4VpQcJOkZIsCei8bmiTHax1IEWbXxUs0FvZ0XnmEt4kdjn280DFrANOxT1\" alt=\"\u00a9 Masaya Noda \/ Greenpeace\" width=\"999\" height=\"663\" title=\"\u00a9 Masaya Noda \/ Greenpeace\"\/><figcaption>Ville de Hitoyoshi, pr\u00e9fecture de Kumamoto, Japon \u00a9 Masaya Noda\/Greenpeace<\/figcaption><\/figure>\n\n<p>Des pluies torrentielles ont d\u00e9vast\u00e9 de vastes zones de l\u2019\u00eele de<a href=\"https:\/\/www.instagram.com\/explore\/tags\/kyushu\/\"> Kyushu<\/a> au Japon. Les inondations et les glissements de terrain ont caus\u00e9 d\u2019importants d\u00e9g\u00e2ts, en particulier dans la pr\u00e9fecture de Kumamoto. Des dizaines de personnes ont perdu la vie, et plus d\u2019un million de personnes ont re\u00e7u un ordre d\u2019\u00e9vacuation.<\/p>\n\n<p>L\u2019ann\u00e9e derni\u00e8re, la saison des pluies avait d\u00e9j\u00e0 durement touch\u00e9 la r\u00e9gion de Kyushu, causant d\u2019importants d\u00e9g\u00e2ts.<\/p>\n\n<hr class=\"wp-block-separator\"\/>\n\n<figure class=\"wp-block-image is-resized  caption-style-medium caption-alignment-center\"><img loading=\"lazy\" decoding=\"async\" src=\"https:\/\/lh4.googleusercontent.com\/Rvy2i0kOZQl738jhA-MsgrUbkPEKkCRd0tL61d2bUgnfYfhOIJr_V7u7GPWT2HOfjfNHpf2eMvpWNtDwFGMKHeVblCEIeA9e-LDzlBvH6uKrMouq_kqKMj29iL_4Vp4mUYKpaY_r\" alt=\"China flooding. \u00a9 STR\/AFP via Getty Images\" width=\"999\" height=\"663\" title=\"China flooding. \u00a9 STR\/AFP via Getty Images\"\/><figcaption>Inondations en Chine \u00a9 STR\/AFP via Getty Images<\/figcaption><\/figure>\n\n<p>En Chine centrale, quelque 36 millions de personnes ont \u00e9t\u00e9 touch\u00e9es par l\u2019une des plus fortes pluies de ces derni\u00e8res d\u00e9cennies qui a provoqu\u00e9 des inondations massives et entra\u00een\u00e9 140 d\u00e9c\u00e8s.<\/p>\n\n<hr class=\"wp-block-separator\"\/>\n\n<figure class=\"wp-block-image is-resized  caption-style-medium caption-alignment-center\"><img loading=\"lazy\" decoding=\"async\" src=\"https:\/\/lh6.googleusercontent.com\/N6MkVlWhnfBifCltdhCtfsE2OHWzv3O9SWg9E1afgoCe1mD6y73NSK6Q7zGbI8yFr8E_W53JuH_KMSMTFfdVTXK_88osw4rrXciUmPllm4CjePbhB9WkmaZDVWRqW5zPFJdgQRQx\" alt=\"Flash Floods Aftermath in South Sulawesi. \u00a9 Hariandi Hafid \/ Greenpeace\" width=\"999\" height=\"663\" title=\"Flash Floods Aftermath in South Sulawesi. \u00a9 Hariandi Hafid \/ Greenpeace\"\/><figcaption>Les cons\u00e9quences des inondations dans le sud de C\u00e9l\u00e8bes \u00a9 Hariandi Hafid\/Greenpeace<\/figcaption><\/figure>\n\n<p>Dans le sud de C\u00e9l\u00e8bes, en Indon\u00e9sie, les inondations et les glissements de terrain dans le nord du Royaume de Luwu ont fait 32 morts. De nombreuses autres personnes sont toujours port\u00e9es disparues. Les inondations ont touch\u00e9 quelque 1 590 habitants.<\/p>\n\n<hr class=\"wp-block-separator\"\/>\n\n<figure class=\"wp-block-image is-resized  caption-style-medium caption-alignment-center\"><img loading=\"lazy\" decoding=\"async\" src=\"https:\/\/lh4.googleusercontent.com\/ngS7m8HmoTGTLamm5jf2EdfpH6F4zFzVKmSrq86Rjwx2eXjXxAi4d8HO9yVIPZGhk6P1isjvOJw0nAPitEycI09MiS_MSIeLPQp-JS-7Ogj9h121ugeCjZr8RSixNEBzQ8eDzLnZ\" alt=\"Floods in South Korea \u00a9 Sungwoo Lee \/ Greenpeace\" width=\"999\" height=\"663\" title=\"Floods in South Korea \u00a9 Sungwoo Lee \/ Greenpeace\"\/><figcaption>Inondations en Cor\u00e9e du Sud \u00a9 Sungwoo Lee\/Greenpeace<\/figcaption><\/figure>\n\n<p>La plus longue mousson que la Cor\u00e9e du Sud ait connue en sept ans a caus\u00e9 de s\u00e9rieux d\u00e9g\u00e2ts en raison des fortes pluies. Des pluies torrentielles ont provoqu\u00e9 des d\u00e9g\u00e2ts mat\u00e9riels consid\u00e9rables dans la plupart des villes et des provinces, en causant notamment des inondations dans les zones urbaines et agricoles, des coupures de courant, des glissements de terrain et l\u2019effondrement d\u2019infrastructures comme des routes et des ch\u00e2teaux d\u2019eau. Apr\u00e8s 54 jours de pluie, au moins 31 personnes sont mortes et 11 autres ont \u00e9t\u00e9 port\u00e9es disparues.<\/p>\n\n<hr class=\"wp-block-separator\"\/>\n\n<figure class=\"wp-block-image is-resized  caption-style-medium caption-alignment-center\"><img loading=\"lazy\" decoding=\"async\" src=\"https:\/\/lh6.googleusercontent.com\/Cl291TA5t2fFW96Cm0_oA9yUCYuOLooxzxeXhJT9IGgCZY6wBubYb56NgsEo894QSRJln50COyqBEH-FPLMF0c37qKghlmNphhBiyUIwTAX5FqKS1dwm5InXz_eN_Cr7H4gDo2m7\" alt=\"Hurricane Laura in Louisiana. \u00a9 Julie Dermansky \/ Greenpeace\" width=\"999\" height=\"663\" title=\"Hurricane Laura in Louisiana. \u00a9 Julie Dermansky \/ Greenpeace\"\/><figcaption>L\u2019ouragan Laura en Louisiane \u00a9 Julie Dermansky\/Greenpeace<\/figcaption><\/figure>\n\n<p>L\u2019ouragan Laura a tu\u00e9 au moins 14 personnes, en a d\u00e9plac\u00e9 des milliers et a laiss\u00e9 des centaines de milliers d\u2019autres sans \u00e9lectricit\u00e9. Laura, un des ouragans les plus violents qui aient jamais frapp\u00e9 les \u00c9tats-Unis a ravag\u00e9 la Louisiane, arrachant des toits et tuant au moins six personnes, tout en se frayant un chemin destructeur sur des centaines de kilom\u00e8tres \u00e0 l\u2019int\u00e9rieur des terres. La vitesse maximale du vent de Laura, soit 241 km\/h, la propulse parmi les syst\u00e8mes les plus puissants jamais enregistr\u00e9s aux \u00c9tats-Unis.<\/p>\n\n<hr class=\"wp-block-separator\"\/>\n\n<figure class=\"wp-block-image is-resized  caption-style-medium caption-alignment-center\"><img loading=\"lazy\" decoding=\"async\" src=\"https:\/\/lh4.googleusercontent.com\/5n2Nj0TNtT4_JtFxoG70LgtbQZuvsHU4IEeQ8K0lrQ04Ts2B7sEc-3gQm_fQaRBwY1j0nTTRvJsWW33c0UQfl57r9ZtN4pCXftit8owzkU0N7K8ET1a8GRwWteNTvqZQocCQLuII\" alt=\"Climate Emergency: Forest Fires in Siberia. \u00a9 Julia Petrenko \/ Greenpeace\" width=\"999\" height=\"663\" title=\"Climate Emergency: Forest Fires in Siberia. \u00a9 Julia Petrenko \/ Greenpeace\"\/><figcaption>Feux de for\u00eat en Sib\u00e9rie \u00a9 Julia Petrenko\/Greenpeace<\/figcaption><\/figure>\n\n<p>L\u2019\u00e9t\u00e9 en Sib\u00e9rie a vu diverses cons\u00e9quences du changement climatique : vagues de chaleur, mar\u00e9es noires caus\u00e9es par le d\u00e9gel du perg\u00e9lisol et incendies de for\u00eat d\u00e9vastateurs. Une \u00e9quipe de Greenpeace Russie a r\u00e9pertori\u00e9 les incendies de for\u00eat dans la r\u00e9gion de Krasno\u00efarsk. Son rapport est une preuve flagrante d\u2019une urgence climatique. La chaleur et le feu ont transform\u00e9 le paysage nordique. Alors que les autorit\u00e9s russes ne parviennent pas \u00e0 ma\u00eetriser ces incendies, la ta\u00efga, si pr\u00e9cieuse pour la plan\u00e8te, continue de br\u00fbler avec toutes les cons\u00e9quences que cela entra\u00eene pour les populations locales, et une forte contribution au changement climatique.<\/p>\n\n<hr class=\"wp-block-separator\"\/>\n\n<figure class=\"wp-block-image is-resized  caption-style-medium caption-alignment-center\"><img loading=\"lazy\" decoding=\"async\" src=\"https:\/\/lh6.googleusercontent.com\/hwtNDXoBxn9KacHfBXHXvUSUFYwyNxvmZqQemZq41ITGUyty8gs2bWQlg_LgOju71gbwt6_xvr70NNLjvUauwZwRqIBCauAn-sgwUNdCBNAxOhzBjsAivN5CwbdX6eiQX9pP0R0b\" alt=\" The Amazon on fire \u00a9 Christian Braga \/ Greenpeace\" width=\"999\" height=\"663\" title=\" The Amazon on fire \u00a9 Christian Braga \/ Greenpeace\"\/><figcaption>L\u2019Amazone en feu \u00a9 Christian Braga\/Greenpeace<\/figcaption><\/figure>\n\n<p><a href=\"https:\/\/www.greenpeace.org\/belgium\/fr\/communique-de-presse\/16496\/greenpeace-capture-des-images-dincendies-illegaux-qui-font-rage-en-amazonie\/\">L\u2019Amazonie en feu<\/a>\u2026 encore. Cette r\u00e9alit\u00e9 d\u00e9chirante, o\u00f9 le changement climatique et l\u2019avidit\u00e9 vont de pair, nous laisse sans voix. Avec plus de 38 000 foyers, le feu a non seulement menac\u00e9 la plus grande for\u00eat tropicale du monde, mais il a \u00e9galement eu un impact n\u00e9gatif direct sur les temp\u00e9ratures mondiales.<\/p>\n\n<hr class=\"wp-block-separator\"\/>\n\n<figure class=\"wp-block-image is-resized  caption-style-medium caption-alignment-center\"><img loading=\"lazy\" decoding=\"async\" src=\"https:\/\/lh4.googleusercontent.com\/0hb4WNUuwtydyCfrqoE-YOwiJvaA-TxB48jLcd6jcxdycxincfWUdRt7rNxjmbnXBfPbqJl6V2mmXkWONNdedqCj0Oiu_e6zMHhMtnQJTxuQYqac3XgAyu8LJB905ng8zyp0CQnY\" alt=\"California  \u00a9 David McNew \/ Greenpeace\" width=\"999\" height=\"663\" title=\"California  \u00a9 David McNew \/ Greenpeace\"\/><figcaption>Californie \u00a9 David McNew\/Greenpeace<\/figcaption><\/figure>\n\n<p>La saison des incendies s\u2019allonge chaque ann\u00e9e en Californie, avec des foyers plus intenses dus \u00e0 la hausse des temp\u00e9ratures, qui privent les gens de leur maison et de leurs moyens de subsistance, et leur \u00f4tent la vie. La faune et les for\u00eats dont nous d\u00e9pendons tous sont en train d\u2019\u00eatre an\u00e9anties.\u00a0<\/p>\n\n<hr class=\"wp-block-separator\"\/>\n\n<figure class=\"wp-block-image size-large  caption-style-medium caption-alignment-center\"><img loading=\"lazy\" decoding=\"async\" width=\"999\" height=\"663\" src=\"https:\/\/www.greenpeace.org\/static\/planet4-belgium-stateless\/a30e4d82-typhoon_philippines.jpg\" alt=\"\" class=\"wp-image-19805\"\/><figcaption>Les cons\u00e9quences d&rsquo;un typhon aux Philippines \u00a9 Greenpeace<\/figcaption><\/figure>\n\n<p>Les typhons qui se sont succ\u00e9d\u00e9 aux Philippines, dont la plus forte temp\u00eate de 2020 sur la terre ferme, ont provoqu\u00e9 de graves inondations et caus\u00e9 le d\u00e9placement de plus de 3 millions de personnes. Au 17 novembre, les dommages caus\u00e9s \u00e0 l\u2019agriculture par la succession de typhons s\u2019\u00e9levaient \u00e0 256 millions de dollars, et les dommages aux infrastructures atteignaient 165 millions de dollars. Actuellement, les appels se multiplient pour que les Philippines d\u00e9clarent une urgence climatique \u00e0 la suite des intenses catastrophes climatiques de cette ann\u00e9e.<\/p>\n\n<p>Envie de suivre nos actualit\u00e9s ? Inscrivez-vous \u00e0 notre newsletter ! <\/p>\n\n<a class=\"cta-blog-button\" href=\"https:\/\/www.greenpeace.org\/belgium\/fr\/agir\/suivez-lactualite-de-nos-campagnes\/\" target=\"_blank\" rel=\"noopener noreferrer\">Je m\u2019inscris \u00e0 la newsletter<\/a>\n\n<span class=\"shareSocialArea\">\n<a class=\"shareFacebook\" href=\"https:\/\/www.facebook.com\/sharer\/sharer.php?u=https:\/\/www.greenpeace.org\/belgium\/fr\/blog\/19801\/quand-les-urgences-climatiques-deviennent-realite\/\" target=\"_blank\" rel=\"noopener noreferrer\">Je partage sur Facebook<\/a>\n<a class=\"shareTwitter\" href=\"https:\/\/twitter.com\/share?url=https:\/\/www.greenpeace.org\/belgium\/fr\/blog\/19801\/quand-les-urgences-climatiques-deviennent-realite\/&#038;text=Quand%20les%20urgences%20climatiques%20deviennent%20r%C3%A9alit%C3%A9%20-%20Chaque%20ann%C3%A9e,%20les%20urgences%20climatiques%20s%E2%80%99intensifient.%20Voici%20quelques%20images%20inoubliables%20d%E2%80%99urgences%20climatiques%20qui%20marqueront%20%C3%A0%20jamais%20l%E2%80%99ann%C3%A9e%202020.%20via%20@greenpeace_be&#038;related=greenpeace_be\" target=\"_blank\" rel=\"noopener noreferrer\">Je partage sur Twitter<\/a>\n<a class=\"shareWhatsapp\" href=\"https:\/\/api.whatsapp.com\/send?text=Quand+les+urgences+climatiques+deviennent+r%C3%A9alit%C3%A9+https%3A%2F%2Fwww.greenpeace.org%2Fbelgium%2Ffr%2Fblog%2F19801%2Fquand-les-urgences-climatiques-deviennent-realite%2F\" target=\"_blank\" rel=\"noopener noreferrer\">Je partage sur Whatsapp<\/a>\n<\/span>\n\n\n<a class=\"ctaDonateContainer\" target=\"_blank\" href=\"https:\/\/act.greenpeace.org\/page\/35703\/donate\/1?locale=fr-BE&#038;_ga=2.192557353.2055212094.1603091135-347892486.1598958044\" rel=\"noopener noreferrer\">\n<div id=\"cta-donate\">\n<div id=\"cta-donate-text\">\n<h2 style=\"text-shadow: 0 2px 5px rgba(0,0,0,.25); color: #fff;\">Je soutiens Greenpeace<\/h2>\n<\/div>\n<div id=\"cta-donate-button\">\n<a class=\"ctaDonateBtn\" target=\"_blank\" href=\"https:\/\/act.greenpeace.org\/page\/35703\/donate\/1?locale=fr-BE&amp;_ga=2.192557353.2055212094.1603091135-347892486.1598958044\" rel=\"noopener noreferrer\">Je fais un don<\/a>\n<\/div>\n<\/div>\n<\/a>\n\n\n<table class=\"hideme\" style=\"width: 100%;\" width=\"100%\">\n<tbody>\n<tr style=\"width: 100%;\">\n<td class=\"icon\"><a href=\"https:\/\/www.facebook.com\/greenpeace.belgium\" target=\"_blank\" rel=\"noopener noreferrer\">\n<img decoding=\"async\" title=\"Facebook\" src=\"https:\/\/storage.googleapis.com\/planet4-belgium-stateless\/2019\/09\/09281872-fb.png\" alt=\"Facebook\" width=\"100%\">\n<\/a><\/td>\n<td class=\"name\"><a href=\"https:\/\/www.facebook.com\/greenpeace.belgium\" target=\"_blank\" rel=\"noopener noreferrer\">\nFacebook\n<\/a><\/td>\n<td class=\"icon\"><a href=\"https:\/\/www.instagram.com\/greenpeace_be\/\" target=\"_blank\" rel=\"noopener noreferrer\">\n<img decoding=\"async\" title=\"Instagram\" src=\"https:\/\/storage.googleapis.com\/planet4-belgium-stateless\/2019\/09\/89871ad4-insta.png\" alt=\"Instagram\" width=\"100%\">\n<\/a><\/td>\n<td class=\"name\"><a href=\"https:\/\/www.instagram.com\/greenpeace_be\/\" target=\"_blank\" rel=\"noopener noreferrer\">\nInstagram\n<\/a><\/td>\n<td class=\"icon\"><a href=\"https:\/\/twitter.com\/greenpeace_be\" target=\"_blank\" rel=\"noopener noreferrer\">\n<img decoding=\"async\" title=\"Twitter\" src=\"https:\/\/storage.googleapis.com\/planet4-belgium-stateless\/2019\/09\/aebb8c6a-tw.png\" alt=\"Twitter\" width=\"100%\">\n<\/a><\/td>\n<td class=\"name\"><a href=\"https:\/\/twitter.com\/greenpeace_be\" target=\"_blank\" rel=\"noopener noreferrer\">\nTwitter\n<\/a><\/td>\n<td class=\"icon\"><a href=\"https:\/\/www.youtube.com\/user\/GreenpeaceBelgium\" target=\"_blank\" rel=\"noopener noreferrer\">\n<img decoding=\"async\" title=\"YouTube\" src=\"https:\/\/storage.googleapis.com\/planet4-belgium-stateless\/2019\/09\/4fd7759c-yt.png\" alt=\"YouTube\" width=\"100%\">\n<\/a><\/td>\n<td class=\"name\"><a href=\"https:\/\/www.youtube.com\/user\/GreenpeaceBelgium\" target=\"_blank\" rel=\"noopener noreferrer\">\nYouTube\n<\/a><\/td>\n<td class=\"icon\"><a href=\"https:\/\/www.pinterest.com\/greenpeacebe\/\" target=\"_blank\" rel=\"noopener noreferrer\">\n<img decoding=\"async\" title=\"YouTube\" src=\"https:\/\/storage.googleapis.com\/planet4-belgium-stateless\/2020\/05\/4454201c-pinterest.png\" alt=\"Pinterest\" width=\"100%\">\n<\/a><\/td>\n<td class=\"name\"><a href=\"https:\/\/www.pinterest.com\/greenpeacebe\/\" target=\"_blank\" rel=\"noopener noreferrer\">\nPinterest\n<\/a><\/td>\n<\/tr>\n<\/tbody>\n<\/table>\n\n<div class=\"EmptyMessage\">Block content is empty. Check the block&rsquo;s settings or remove it.<\/div>","protected":false},"excerpt":{"rendered":"<p>Chaque ann\u00e9e, les urgences climatiques s\u2019intensifient. Voici quelques images inoubliables d\u2019urgences climatiques qui marqueront \u00e0 jamais l\u2019ann\u00e9e 2020.<\/p>\n","protected":false},"author":49,"featured_media":19807,"comment_status":"closed","ping_status":"closed","sticky":false,"template":"","format":"standard","meta":{"ep_exclude_from_search":false,"p4_og_title":"Quand les urgences climatiques deviennent r\u00e9alit\u00e9","p4_og_description":"Chaque ann\u00e9e, les urgences climatiques s\u2019intensifient. Voici quelques images inoubliables d\u2019urgences climatiques qui marqueront \u00e0 jamais l\u2019ann\u00e9e 2020.","p4_og_image":"","p4_og_image_id":"","p4_seo_canonical_url":"","p4_campaign_name":"not set","p4_local_project":"not set","p4_basket_name":"not set","p4_department":"","footnotes":""},"categories":[106],"tags":[80,86],"p4-page-type":[116],"class_list":["post-19801","post","type-post","status-publish","format-standard","has-post-thumbnail","hentry","category-il-est-encore-temps","tag-forets","tag-climat","p4-page-type-actualites-blog"],"_links":{"self":[{"href":"https:\/\/www.greenpeace.org\/belgium\/fr\/wp-json\/wp\/v2\/posts\/19801","targetHints":{"allow":["GET"]}}],"collection":[{"href":"https:\/\/www.greenpeace.org\/belgium\/fr\/wp-json\/wp\/v2\/posts"}],"about":[{"href":"https:\/\/www.greenpeace.org\/belgium\/fr\/wp-json\/wp\/v2\/types\/post"}],"author":[{"embeddable":true,"href":"https:\/\/www.greenpeace.org\/belgium\/fr\/wp-json\/wp\/v2\/users\/49"}],"replies":[{"embeddable":true,"href":"https:\/\/www.greenpeace.org\/belgium\/fr\/wp-json\/wp\/v2\/comments?post=19801"}],"version-history":[{"count":6,"href":"https:\/\/www.greenpeace.org\/belgium\/fr\/wp-json\/wp\/v2\/posts\/19801\/revisions"}],"predecessor-version":[{"id":25196,"href":"https:\/\/www.greenpeace.org\/belgium\/fr\/wp-json\/wp\/v2\/posts\/19801\/revisions\/25196"}],"wp:featuredmedia":[{"embeddable":true,"href":"https:\/\/www.greenpeace.org\/belgium\/fr\/wp-json\/wp\/v2\/media\/19807"}],"wp:attachment":[{"href":"https:\/\/www.greenpeace.org\/belgium\/fr\/wp-json\/wp\/v2\/media?parent=19801"}],"wp:term":[{"taxonomy":"category","embeddable":true,"href":"https:\/\/www.greenpeace.org\/belgium\/fr\/wp-json\/wp\/v2\/categories?post=19801"},{"taxonomy":"post_tag","embeddable":true,"href":"https:\/\/www.greenpeace.org\/belgium\/fr\/wp-json\/wp\/v2\/tags?post=19801"},{"taxonomy":"p4-page-type","embeddable":true,"href":"https:\/\/www.greenpeace.org\/belgium\/fr\/wp-json\/wp\/v2\/p4-page-type?post=19801"}],"curies":[{"name":"wp","href":"https:\/\/api.w.org\/{rel}","templated":true}]}}