{"id":20197,"date":"2021-02-03T12:36:01","date_gmt":"2021-02-03T11:36:01","guid":{"rendered":"https:\/\/www.greenpeace.org\/belgium\/?p=20197"},"modified":"2021-02-03T14:03:05","modified_gmt":"2021-02-03T13:03:05","slug":"la-france-condamnee-pour-inaction-climatique-la-belgique-sera-t-elle-la-prochaine","status":"publish","type":"post","link":"https:\/\/www.greenpeace.org\/belgium\/fr\/communique-de-presse\/20197\/la-france-condamnee-pour-inaction-climatique-la-belgique-sera-t-elle-la-prochaine\/","title":{"rendered":"La France condamn\u00e9e pour inaction climatique, la Belgique sera-t-elle la prochaine?"},"content":{"rendered":"\n<p><strong>Le verdict concernant l\u2019Affaire du Si\u00e8cle qui oppose Greenpeace ainsi que trois autres organisations fran\u00e7aises \u00e0 l\u2019Etat fran\u00e7ais vient de tomber. Le tribunal administratif de Paris reconna\u00eet la responsabilit\u00e9 de l&rsquo;\u00c9tat fran\u00e7ais dans la crise climatique et juge ill\u00e9gal le non-respect de ses engagements de r\u00e9duction des \u00e9missions de gaz \u00e0 effet de serre. L\u2019\u00c9tat est \u00e9galement reconnu responsable de \u201cpr\u00e9judice \u00e9cologique\u201d.<\/strong><\/p>\n\n<p>Pour Greenpeace, Oxfam, la Fondation Nicolas Hulot et Notre Affaire \u00e0 tous: \u201c<em>Plus de deux ans apr\u00e8s le d\u00e9but de notre action, soutenue par 2,3 millions de personnes, cette d\u00e9cision marque une premi\u00e8re victoire historique pour le climat et une avanc\u00e9e majeure du droit fran\u00e7ais. Ce jugement marque aussi une victoire de la v\u00e9rit\u00e9 : jusqu\u2019ici, l\u2019\u00c9tat niait l\u2019insuffisance de ses politiques climatiques, en d\u00e9pit de l\u2019accumulation de preuves (d\u00e9passement syst\u00e9matique des plafonds carbone, rapports du Haut Conseil pour le Climat, etc.). Nous esp\u00e9rons que la justice ne se limitera pas \u00e0 reconna\u00eetre la faute de l\u2019\u00c9tat, mais le contraindra aussi \u00e0 prendre enfin des mesures concr\u00e8tes permettant a minima de respecter ses engagements climatiques.<\/em>\u201d<\/p>\n\n<p>La Belgique n&rsquo;est pas en reste, puisque 60.000 personnes se sont r\u00e9unies dans le cadre de l&rsquo;Affaire Climat contre l&rsquo;Etat F\u00e9d\u00e9ral et les 3 R\u00e9gions du pays. Les plaidoiries d\u00e9buteront ce 16 mars au Tribunal de premi\u00e8re instance de Bruxelles. La Justice belge devra d\u00e9cider au regard des engagements internationaux pris par la Belgique si cette derni\u00e8re tient ses promesses climatiques.<\/p>\n\n<p>Greenpeace soutient l\u2019Affaire Climat et les 60.000 Belges qui portent plainte. \u201c<em>Apr\u00e8s le r\u00e9sultat aux Pays-Bas, <\/em><em>le verdict fran\u00e7ais redonne espoir aux citoyen.ne.s belges que la Justice suive ces deux jurisprudences et enjoigne notre Etat \u00e0 plus d\u2019ambition climatique. Apr\u00e8s une baisse entre 2004 et 2014, les \u00e9missions de gaz \u00e0 effet de serre stagnent bien loin des r\u00e9ductions auxquelles notre Etat s\u2019est engag\u00e9\u201d, <\/em>conclut Carine Thibaut, porte-parole de Greenpeace Belgique<em>.&nbsp;&nbsp;<\/em><\/p>\n","protected":false},"excerpt":{"rendered":"<p>Le verdict concernant l\u2019Affaire du Si\u00e8cle qui oppose Greenpeace ainsi que trois autres organisations fran\u00e7aises \u00e0 l\u2019Etat fran\u00e7ais vient de tomber. Le tribunal administratif de Paris reconna\u00eet la responsabilit\u00e9 de&hellip;<\/p>\n","protected":false},"author":50,"featured_media":20208,"comment_status":"closed","ping_status":"closed","sticky":false,"template":"","format":"standard","meta":{"ep_exclude_from_search":false,"p4_og_title":"","p4_og_description":"","p4_og_image":"","p4_og_image_id":"","p4_seo_canonical_url":"","p4_campaign_name":"not set","p4_local_project":"not set","p4_basket_name":"not set","p4_department":"","footnotes":""},"categories":[1],"tags":[86],"p4-page-type":[117],"class_list":["post-20197","post","type-post","status-publish","format-standard","has-post-thumbnail","hentry","category-non-classifiee","tag-climat","p4-page-type-communique-de-presse"],"_links":{"self":[{"href":"https:\/\/www.greenpeace.org\/belgium\/fr\/wp-json\/wp\/v2\/posts\/20197","targetHints":{"allow":["GET"]}}],"collection":[{"href":"https:\/\/www.greenpeace.org\/belgium\/fr\/wp-json\/wp\/v2\/posts"}],"about":[{"href":"https:\/\/www.greenpeace.org\/belgium\/fr\/wp-json\/wp\/v2\/types\/post"}],"author":[{"embeddable":true,"href":"https:\/\/www.greenpeace.org\/belgium\/fr\/wp-json\/wp\/v2\/users\/50"}],"replies":[{"embeddable":true,"href":"https:\/\/www.greenpeace.org\/belgium\/fr\/wp-json\/wp\/v2\/comments?post=20197"}],"version-history":[{"count":1,"href":"https:\/\/www.greenpeace.org\/belgium\/fr\/wp-json\/wp\/v2\/posts\/20197\/revisions"}],"predecessor-version":[{"id":20202,"href":"https:\/\/www.greenpeace.org\/belgium\/fr\/wp-json\/wp\/v2\/posts\/20197\/revisions\/20202"}],"wp:featuredmedia":[{"embeddable":true,"href":"https:\/\/www.greenpeace.org\/belgium\/fr\/wp-json\/wp\/v2\/media\/20208"}],"wp:attachment":[{"href":"https:\/\/www.greenpeace.org\/belgium\/fr\/wp-json\/wp\/v2\/media?parent=20197"}],"wp:term":[{"taxonomy":"category","embeddable":true,"href":"https:\/\/www.greenpeace.org\/belgium\/fr\/wp-json\/wp\/v2\/categories?post=20197"},{"taxonomy":"post_tag","embeddable":true,"href":"https:\/\/www.greenpeace.org\/belgium\/fr\/wp-json\/wp\/v2\/tags?post=20197"},{"taxonomy":"p4-page-type","embeddable":true,"href":"https:\/\/www.greenpeace.org\/belgium\/fr\/wp-json\/wp\/v2\/p4-page-type?post=20197"}],"curies":[{"name":"wp","href":"https:\/\/api.w.org\/{rel}","templated":true}]}}