{"id":20220,"date":"2021-02-09T09:40:00","date_gmt":"2021-02-09T08:40:00","guid":{"rendered":"https:\/\/www.greenpeace.org\/belgium\/?p=20220"},"modified":"2021-12-01T14:02:45","modified_gmt":"2021-12-01T13:02:45","slug":"lenergie-verte-cest-quoi","status":"publish","type":"post","link":"https:\/\/www.greenpeace.org\/belgium\/fr\/actualites-blog\/20220\/lenergie-verte-cest-quoi\/","title":{"rendered":"L\u2019\u00e9nergie verte, c\u2019est quoi ?"},"content":{"rendered":"\n<p><strong>Une \u00e9nergie 100% renouvelable d\u2019ici 2050, tel est le d\u00e9fi que nous devons relever pour \u00e9viter que la crise climatique ne devienne incontr\u00f4lable. Mais qu\u2019entend-on exactement par \u00e9nergie renouvelable et notamment, \u00e9lectricit\u00e9 verte ?<\/strong><\/p>\n\n<figure class=\"wp-block-image size-large  caption-style-medium caption-alignment-center\"><img loading=\"lazy\" decoding=\"async\" width=\"999\" height=\"663\" src=\"https:\/\/www.greenpeace.org\/static\/planet4-belgium-stateless\/2020\/03\/c03d8dff-offshore_wind_energy.jpg\" alt=\"L\u2019\u00e9nergie verte, c\u2019est quoi ?\" class=\"wp-image-9554\" srcset=\"https:\/\/www.greenpeace.org\/static\/planet4-belgium-stateless\/2020\/03\/c03d8dff-offshore_wind_energy.jpg 999w, https:\/\/www.greenpeace.org\/static\/planet4-belgium-stateless\/2020\/03\/c03d8dff-offshore_wind_energy-300x199.jpg 300w, https:\/\/www.greenpeace.org\/static\/planet4-belgium-stateless\/2020\/03\/c03d8dff-offshore_wind_energy-768x510.jpg 768w, https:\/\/www.greenpeace.org\/static\/planet4-belgium-stateless\/2020\/03\/c03d8dff-offshore_wind_energy-510x338.jpg 510w\" sizes=\"auto, (max-width: 999px) 100vw, 999px\" \/><\/figure>\n\n<p>Selon la d\u00e9finition classique, l\u2019\u00e9lectricit\u00e9 verte est l\u2019\u00e9lectricit\u00e9 produite \u00e0 partir de sources d\u2019\u00e9nergie renouvelables, ce qui exclut la production d\u2019\u00e9lectricit\u00e9 \u00e0 partir de combustibles fossiles (charbon, p\u00e9trole et gaz) et l\u2019\u00e9nergie nucl\u00e9aire. Vous souhaitez en savoir davantage ? Consultez notre <a href=\"https:\/\/monelectriciteverte.be\/methodologie\/\">m\u00e9thodologie<\/a> utilis\u00e9e pour notre classement des fournisseurs d\u2019\u00e9lectricit\u00e9.&nbsp;<\/p>\n\n<span class=\"mid-button-fix\"><a class=\"cta-blog-button-mid\" href=\"https:\/\/monelectriciteverte.be\/\" target=\"_blank\" rel=\"noopener noreferrer\">Je veux une \u00e9lectricit\u00e9 verte, je consulte le classement<\/a><\/span>\n\n<ul class=\"wp-block-list\"><li><strong>L\u2019\u00e9nergie \u00e9olienne<\/strong> : l\u2019\u00e9nergie \u00e9olienne terrestre est aujourd\u2019hui d\u00e9j\u00e0 la forme d\u2019\u00e9nergie la moins ch\u00e8re. C\u2019est une technologie id\u00e9ale pour une production proche du consommateur, par exemple dans des parcs industriels. Pour ce qui est de l\u2019\u00e9olien en mer, la Belgique fait aujourd\u2019hui partie du top mondial et, \u00e0 condition d\u2019avoir un r\u00e9seau efficace, nous pourrons nous connecter \u00e0 quasi tout le potentiel \u00e9olien en mer du Nord.&nbsp;<\/li><\/ul>\n\n<ul class=\"wp-block-list\"><li><strong>L\u2019\u00e9nergie solaire<\/strong> : les panneaux solaires sont la source d\u2019\u00e9nergie la plus accessible puisqu\u2019ils permettent de capter l\u2019\u00e9nergie du soleil lorsqu\u2019ils sont install\u00e9s sur un toit (ou autre surface) bien orient\u00e9. Super local et bon march\u00e9. Gr\u00e2ce aux <a href=\"https:\/\/act.greenpeace.org\/page\/74516\/action\/1?locale=fr-BE\">communaut\u00e9s d\u2019\u00e9nergie<\/a>, vous pouvez collaborer avec vos voisins pour tirer encore plus de b\u00e9n\u00e9fices de cette source d\u2019\u00e9nergie.&nbsp;<\/li><\/ul>\n\n<figure class=\"wp-block-image size-large  caption-style-medium caption-alignment-center\"><img loading=\"lazy\" decoding=\"async\" width=\"1024\" height=\"683\" src=\"https:\/\/www.greenpeace.org\/static\/planet4-belgium-stateless\/2019\/02\/8c682ca3-istock-510009422-1024x683.jpg\" alt=\"L\u2019\u00e9nergie verte, c\u2019est quoi ?\" class=\"wp-image-3644\" srcset=\"https:\/\/www.greenpeace.org\/static\/planet4-belgium-stateless\/2019\/02\/8c682ca3-istock-510009422-1024x683.jpg 1024w, https:\/\/www.greenpeace.org\/static\/planet4-belgium-stateless\/2019\/02\/8c682ca3-istock-510009422-300x200.jpg 300w, https:\/\/www.greenpeace.org\/static\/planet4-belgium-stateless\/2019\/02\/8c682ca3-istock-510009422-768x513.jpg 768w, https:\/\/www.greenpeace.org\/static\/planet4-belgium-stateless\/2019\/02\/8c682ca3-istock-510009422-2048x1366.jpg 2048w, https:\/\/www.greenpeace.org\/static\/planet4-belgium-stateless\/2019\/02\/8c682ca3-istock-510009422-510x340.jpg 510w\" sizes=\"auto, (max-width: 1024px) 100vw, 1024px\" \/><figcaption>Solar panels on the farm<\/figcaption><\/figure>\n\n<ul class=\"wp-block-list\"><li><strong>L\u2019\u00e9nergie hydraulique<\/strong> : la championne de la flexibilit\u00e9 ! L\u2019\u00e9nergie hydraulique est non seulement rapidement disponible, mais en pompant de l\u2019eau en hauteur \u00e0 l\u2019aide de surplus d\u2019\u00e9nergie \u00e9olienne ou solaire, celle-ci peut aussi \u00eatre \u201cstock\u00e9e\u201d pour une exploitation ult\u00e9rieure. Les petites centrales hydro\u00e9lectriques sans danger pour l\u2019environnement sont naturellement plus durables que les m\u00e9ga barrages.<\/li><\/ul>\n\n<ul class=\"wp-block-list\"><li><strong>La biomasse<\/strong> : les plantes (ol\u00e9agineuses), les d\u00e9chets de bois, de l\u2019alimentation, de l\u2019agriculture\u2026 Toutes les formes de mati\u00e8res organiques peuvent \u00eatre transform\u00e9es en \u00e9nergie. Cette source d\u2019\u00e9nergie est id\u00e9ale pour r\u00e9agir aux fluctuations de la demande et de l\u2019offre. La quantit\u00e9 de biomasse durable est toutefois tr\u00e8s limit\u00e9e : seule la biomasse issue de d\u00e9chets locaux, utilis\u00e9s dans une installation qui produit en m\u00eame temps de l\u2019\u00e9lectricit\u00e9 et de la chaleur, entre en ligne de compte.&nbsp;<\/li><\/ul>\n\n<ul class=\"wp-block-list\"><li><strong>Cog\u00e9n\u00e9ration<\/strong> : les centrales thermiques modernes produisent simultan\u00e9ment de la chaleur et de l\u2019\u00e9lectricit\u00e9. Elles am\u00e9liorent ainsi significativement leur rendement. Ici aussi, la source d\u2019\u00e9nergie joue un r\u00f4le crucial : le gaz est un combustible fossile et la quantit\u00e9 de biomasse durable est tr\u00e8s limit\u00e9e, alors que l\u2019hydrog\u00e8ne produite par les \u00e9nergies renouvelables convient davantage pour une application industrielle.&nbsp;<\/li><\/ul>\n\n<h3 class=\"wp-block-heading\">Utilisation durable de l\u2019\u00e9nergie renouvelable&nbsp;<\/h3>\n\n<figure class=\"wp-block-image size-large  caption-style-medium caption-alignment-center\"><img loading=\"lazy\" decoding=\"async\" width=\"1024\" height=\"671\" src=\"https:\/\/www.greenpeace.org\/static\/planet4-belgium-stateless\/2019\/08\/648bb8aa-gp02kro_medium_res-1024x671.jpg\" title=\"Le Rainbow Warrior\" alt=\"L\u2019\u00e9nergie verte, c\u2019est quoi ?\" class=\"wp-image-6310\" srcset=\"https:\/\/www.greenpeace.org\/static\/planet4-belgium-stateless\/2019\/08\/648bb8aa-gp02kro_medium_res-1024x671.jpg 1024w, https:\/\/www.greenpeace.org\/static\/planet4-belgium-stateless\/2019\/08\/648bb8aa-gp02kro_medium_res-300x197.jpg 300w, https:\/\/www.greenpeace.org\/static\/planet4-belgium-stateless\/2019\/08\/648bb8aa-gp02kro_medium_res-768x503.jpg 768w, https:\/\/www.greenpeace.org\/static\/planet4-belgium-stateless\/2019\/08\/648bb8aa-gp02kro_medium_res-510x334.jpg 510w, https:\/\/www.greenpeace.org\/static\/planet4-belgium-stateless\/2019\/08\/648bb8aa-gp02kro_medium_res.jpg 1199w\" sizes=\"auto, (max-width: 1024px) 100vw, 1024px\" \/><\/figure>\n\n<p>L\u2019\u00e9nergie la plus durable est bien s\u00fbr celle que l\u2019on n\u2019utilise pas. N\u2019oubliez pas de v\u00e9rifier les \u00e9conomies que vous pouvez faire, par exemple en am\u00e9liorant l\u2019isolation. Et pour \u00eatre vraiment respectueuse de l\u2019environnement, l\u2019\u00e9nergie renouvelable doit \u00eatre utilis\u00e9e de mani\u00e8re durable.&nbsp;<\/p>\n\n<p>Il existe aussi des sources d\u2019\u00e9nergie telles que le gaz fossile qui ne sont pas renouvelables mais qui jouent en ce moment un r\u00f4le pour \u00e9quilibrer l\u2019offre et la demande pendant que de nouveaux investissements sont faits dans le soleil et le vent, l\u2019efficacit\u00e9, la flexibilit\u00e9 et le stockage. Plus nous misons sur ces alternatives, moins nous aurons besoin de gaz.&nbsp;<\/p>\n\n<h3 class=\"wp-block-heading\">L\u2019\u00e9nergie verte n\u2019est pas plus ch\u00e8re que la grise&nbsp;<\/h3>\n\n<p>Enfin et trop souvent, l\u2019on consid\u00e8re l\u2019\u00e9nergie verte comme plus ch\u00e8re qu\u2019une autre, \u00e0 tort : les fournisseurs d\u2019\u00e9nergie les plus \u00e9cologiques offrent souvent de bons tarifs. Selon notamment le prix de votre contrat actuel, vous pourriez payer moins cher pour un fournisseur ayant obtenu une meilleure note. De mani\u00e8re g\u00e9n\u00e9rale, depuis la lib\u00e9ralisation du march\u00e9 de l\u2019\u00e9lectricit\u00e9 en 2003, les fournisseurs les plus \u00e9cologiques ne sont pas plus chers que les autres.<\/p>\n\n<p>Qu\u2019attendez-vous ? Notre comparateur des fournisseurs d\u2019\u00e9lectricit\u00e9 en Belgique vous aide \u00e0 faire le bon choix.<\/p>\n\n<a class=\"cta-blog-button\" href=\"https:\/\/monelectriciteverte.be\/\" target=\"_blank\" rel=\"noopener noreferrer\">Je veux une \u00e9lectricit\u00e9 verte, je consulte le classement<\/a>\n\n<span class=\"shareSocialArea\">\n<a class=\"shareFacebook\" href=\"https:\/\/www.facebook.com\/sharer\/sharer.php?u=https:\/\/www.greenpeace.org\/belgium\/fr\/blog\/20220\/lenergie-verte-cest-quoi\/\" target=\"_blank\" rel=\"noopener noreferrer\">Je partage sur Facebook<\/a>\n<a class=\"shareTwitter\" href=\"https:\/\/twitter.com\/share?url=https:\/\/www.greenpeace.org\/belgium\/fr\/blog\/20220\/lenergie-verte-cest-quoi\/&amp;text=L%E2%80%99%C3%A9nergie%20verte%2C%20c%E2%80%99est%20quoi%20%3F%20-%20Une%20%C3%A9nergie%20100%%20renouvelable%20d%E2%80%99ici%202050,%20tel%20est%20le%20d%C3%A9fi%20que%20nous%20devons%20relever%20pour%20%C3%A9viter%20que%20la%20crise%20climatique%20ne%20devienne%20incontr%C3%B4lable.%20Mais%20qu%E2%80%99entend-on%20par%20%C3%A9nergie%20renouvelable%20?%20via%20@greenpeace_be&amp;related=greenpeace_be\" target=\"_blank\" rel=\"noopener noreferrer\">Je partage sur Twitter<\/a>\n<a class=\"shareWhatsapp\" href=\"https:\/\/api.whatsapp.com\/send?text=L%E2%80%99%C3%A9nergie+verte%2C+c%E2%80%99est+quoi+%3F+https%3A%2F%2Fwww.greenpeace.org%2Fbelgium%2Ffr%2Fblog%2F20220%2Flenergie-verte-cest-quoi%2F\" target=\"_blank\" rel=\"noopener noreferrer\">Je partage sur Whatsapp<\/a>\n<\/span>\n\n<table class=\"hideme\" style=\"width: 100%;\" width=\"100%\">\n<tbody>\n<tr style=\"width: 100%;\">\n<td class=\"icon\"><a href=\"https:\/\/www.facebook.com\/greenpeace.belgium\" target=\"_blank\" rel=\"noopener noreferrer\">\n<img decoding=\"async\" title=\"Facebook\" src=\"https:\/\/storage.googleapis.com\/planet4-belgium-stateless\/2019\/09\/09281872-fb.png\" alt=\"Facebook\" width=\"100%\">\n<\/a><\/td>\n<td class=\"name\"><a href=\"https:\/\/www.facebook.com\/greenpeace.belgium\" target=\"_blank\" rel=\"noopener noreferrer\">\nFacebook\n<\/a><\/td>\n<td class=\"icon\"><a href=\"https:\/\/www.instagram.com\/greenpeace_be\/\" target=\"_blank\" rel=\"noopener noreferrer\">\n<img decoding=\"async\" title=\"Instagram\" src=\"https:\/\/storage.googleapis.com\/planet4-belgium-stateless\/2019\/09\/89871ad4-insta.png\" alt=\"Instagram\" width=\"100%\">\n<\/a><\/td>\n<td class=\"name\"><a href=\"https:\/\/www.instagram.com\/greenpeace_be\/\" target=\"_blank\" rel=\"noopener noreferrer\">\nInstagram\n<\/a><\/td>\n<td class=\"icon\"><a href=\"https:\/\/twitter.com\/greenpeace_be\" target=\"_blank\" rel=\"noopener noreferrer\">\n<img decoding=\"async\" title=\"Twitter\" src=\"https:\/\/storage.googleapis.com\/planet4-belgium-stateless\/2019\/09\/aebb8c6a-tw.png\" alt=\"Twitter\" width=\"100%\">\n<\/a><\/td>\n<td class=\"name\"><a href=\"https:\/\/twitter.com\/greenpeace_be\" target=\"_blank\" rel=\"noopener noreferrer\">\nTwitter\n<\/a><\/td>\n<td class=\"icon\"><a href=\"https:\/\/www.youtube.com\/user\/GreenpeaceBelgium\" target=\"_blank\" rel=\"noopener noreferrer\">\n<img decoding=\"async\" title=\"YouTube\" src=\"https:\/\/storage.googleapis.com\/planet4-belgium-stateless\/2019\/09\/4fd7759c-yt.png\" alt=\"YouTube\" width=\"100%\">\n<\/a><\/td>\n<td class=\"name\"><a href=\"https:\/\/www.youtube.com\/user\/GreenpeaceBelgium\" target=\"_blank\" rel=\"noopener noreferrer\">\nYouTube\n<\/a><\/td>\n<td class=\"icon\"><a href=\"https:\/\/www.pinterest.com\/greenpeacebe\/\" target=\"_blank\" rel=\"noopener noreferrer\">\n<img decoding=\"async\" title=\"YouTube\" src=\"https:\/\/storage.googleapis.com\/planet4-belgium-stateless\/2020\/05\/4454201c-pinterest.png\" alt=\"Pinterest\" width=\"100%\">\n<\/a><\/td>\n<td class=\"name\"><a href=\"https:\/\/www.pinterest.com\/greenpeacebe\/\" target=\"_blank\" rel=\"noopener noreferrer\">\nPinterest\n<\/a><\/td>\n<\/tr>\n<\/tbody>\n<\/table>\n\n<script type=\"text\/javascript\">\n    (function(e,a){\n        var t,r=e.getElementsByTagName(\"head\")[0],c=e.location.protocol;\n        t=e.createElement(\"script\");t.type=\"text\/javascript\";\n        t.charset=\"utf-8\";t.async=!0;t.defer=!0;\n        t.src=c+\"\/\/front.optimonk.com\/public\/\"+a+\"\/js\/preload.js\";r.appendChild(t);\n    })(document,\"112151\");\n<\/script>\n<div class=\"EmptyMessage\">Block content is empty. Check the block&rsquo;s settings or remove it.<\/div>","protected":false},"excerpt":{"rendered":"<p>Une \u00e9nergie 100% renouvelable d\u2019ici 2050, tel est le d\u00e9fi que nous devons relever pour \u00e9viter que la crise climatique ne devienne incontr\u00f4lable. Mais qu\u2019entend-on par \u00e9nergie renouvelable ?<\/p>\n","protected":false},"author":49,"featured_media":10011,"comment_status":"closed","ping_status":"closed","sticky":false,"template":"","format":"standard","meta":{"ep_exclude_from_search":false,"p4_og_title":"L\u2019\u00e9nergie verte, c\u2019est quoi ?","p4_og_description":"Une \u00e9nergie 100% renouvelable d\u2019ici 2050, tel est le d\u00e9fi que nous devons relever pour \u00e9viter que la crise climatique ne devienne incontr\u00f4lable. Mais qu\u2019entend-on par \u00e9nergie renouvelable ?","p4_og_image":"","p4_og_image_id":"","p4_seo_canonical_url":"","p4_campaign_name":"not set","p4_local_project":"not set","p4_basket_name":"not set","p4_department":"","footnotes":""},"categories":[107],"tags":[70,86],"p4-page-type":[116],"class_list":["post-20220","post","type-post","status-publish","format-standard","has-post-thumbnail","hentry","category-ensemble-nous-sommes-la-solution","tag-energie","tag-climat","p4-page-type-actualites-blog"],"_links":{"self":[{"href":"https:\/\/www.greenpeace.org\/belgium\/fr\/wp-json\/wp\/v2\/posts\/20220","targetHints":{"allow":["GET"]}}],"collection":[{"href":"https:\/\/www.greenpeace.org\/belgium\/fr\/wp-json\/wp\/v2\/posts"}],"about":[{"href":"https:\/\/www.greenpeace.org\/belgium\/fr\/wp-json\/wp\/v2\/types\/post"}],"author":[{"embeddable":true,"href":"https:\/\/www.greenpeace.org\/belgium\/fr\/wp-json\/wp\/v2\/users\/49"}],"replies":[{"embeddable":true,"href":"https:\/\/www.greenpeace.org\/belgium\/fr\/wp-json\/wp\/v2\/comments?post=20220"}],"version-history":[{"count":8,"href":"https:\/\/www.greenpeace.org\/belgium\/fr\/wp-json\/wp\/v2\/posts\/20220\/revisions"}],"predecessor-version":[{"id":25171,"href":"https:\/\/www.greenpeace.org\/belgium\/fr\/wp-json\/wp\/v2\/posts\/20220\/revisions\/25171"}],"wp:featuredmedia":[{"embeddable":true,"href":"https:\/\/www.greenpeace.org\/belgium\/fr\/wp-json\/wp\/v2\/media\/10011"}],"wp:attachment":[{"href":"https:\/\/www.greenpeace.org\/belgium\/fr\/wp-json\/wp\/v2\/media?parent=20220"}],"wp:term":[{"taxonomy":"category","embeddable":true,"href":"https:\/\/www.greenpeace.org\/belgium\/fr\/wp-json\/wp\/v2\/categories?post=20220"},{"taxonomy":"post_tag","embeddable":true,"href":"https:\/\/www.greenpeace.org\/belgium\/fr\/wp-json\/wp\/v2\/tags?post=20220"},{"taxonomy":"p4-page-type","embeddable":true,"href":"https:\/\/www.greenpeace.org\/belgium\/fr\/wp-json\/wp\/v2\/p4-page-type?post=20220"}],"curies":[{"name":"wp","href":"https:\/\/api.w.org\/{rel}","templated":true}]}}