{"id":20309,"date":"2021-02-16T09:28:06","date_gmt":"2021-02-16T08:28:06","guid":{"rendered":"https:\/\/www.greenpeace.org\/belgium\/?p=20309"},"modified":"2021-12-01T14:02:29","modified_gmt":"2021-12-01T13:02:29","slug":"greenpeace-en-2020-annee-difficile-beaux-resultats-grace-a-vous","status":"publish","type":"post","link":"https:\/\/www.greenpeace.org\/belgium\/fr\/actualites-blog\/20309\/greenpeace-en-2020-annee-difficile-beaux-resultats-grace-a-vous\/","title":{"rendered":"Greenpeace en 2020 :  ann\u00e9e difficile, beaux r\u00e9sultats (gr\u00e2ce \u00e0 vous !)"},"content":{"rendered":"\n<p><strong>Vous suivez r\u00e9guli\u00e8rement et soutenez nos actions? Vous voulez d\u00e9couvrir votre impact en 2020 ? Parcourez le rapport d\u2019impact et d\u00e9couvrez les belles avanc\u00e9es que nous avons obtenues, gr\u00e2ce \u00e0 vous.&nbsp;<\/strong><\/p>\n\n<figure class=\"wp-block-embed-issuu wp-block-embed is-type-rich is-provider-issuu\"><div class=\"wp-block-embed__wrapper\">\n<div data-url=\"https:\/\/issuu.com\/qdebode\/docs\/impactreport-fr\" style=\"width: 500px; height: 354px;\" class=\"issuuembed\"><\/div><script type=\"text\/javascript\" src=\"\/\/e.issuu.com\/embed.js\" async=\"true\"><\/script>\n<\/div><\/figure>\n\n<div class=\"wp-block-buttons is-layout-flex wp-block-buttons-is-layout-flex\">\n<div class=\"wp-block-button\"><a class=\"wp-block-button__link\" href=\"https:\/\/www.greenpeace.org\/belgium\/fr\/rapports\/20420\/rapport-dimpact-2020\/\" target=\"_blank\" rel=\"noreferrer noopener\">Rapport d&rsquo;impact 2020 (Download PDF)<\/a><\/div>\n<\/div>\n\n<h3 class=\"wp-block-heading\">Votre avis compte !<\/h3>\n\n<p>Vous avez parcouru le rapport d\u2019impact ? Nous aimerions conna\u00eetre votre opinion ! Auriez-vous le temps de remplir notre <a href=\"https:\/\/act.greenpeace.org\/page\/74882\/survey\/1?locale=fr-BE\">questionnaire<\/a> ? Cela vous prendra cinq minutes tout au plus. Merci !<\/p>\n\n<h3 class=\"wp-block-heading\">Greenpeace en 2020 et 2021<\/h3>\n\n<figure class=\"wp-block-image size-large  caption-style-medium caption-alignment-center\"><img loading=\"lazy\" decoding=\"async\" width=\"999\" height=\"663\" src=\"https:\/\/www.greenpeace.org\/static\/planet4-belgium-stateless\/2021\/02\/698c21b1-impact_report_2020_1.jpg\" alt=\"Greenpeace en 2020 :  ann\u00e9e difficile, beaux r\u00e9sultats (gr\u00e2ce \u00e0 vous !)\" class=\"wp-image-20402\" srcset=\"https:\/\/www.greenpeace.org\/static\/planet4-belgium-stateless\/2021\/02\/698c21b1-impact_report_2020_1.jpg 999w, https:\/\/www.greenpeace.org\/static\/planet4-belgium-stateless\/2021\/02\/698c21b1-impact_report_2020_1-300x199.jpg 300w, https:\/\/www.greenpeace.org\/static\/planet4-belgium-stateless\/2021\/02\/698c21b1-impact_report_2020_1-768x510.jpg 768w, https:\/\/www.greenpeace.org\/static\/planet4-belgium-stateless\/2021\/02\/698c21b1-impact_report_2020_1-510x338.jpg 510w\" sizes=\"auto, (max-width: 999px) 100vw, 999px\" \/><\/figure>\n\n<p>En 2020, nous avons oeuvr\u00e9, jour apr\u00e8s jour, pour une plan\u00e8te plus durable. Avec succ\u00e8s : de la pr\u00e9servation d\u2019une zone naturelle dans le Limbourg \u00e0 la cr\u00e9ation d\u2019un sanctuaire marin en Antarctique en passant par des annulations de projets d\u2019extension des fermes-usines chez nous, de nombreuses avanc\u00e9es ont \u00e9t\u00e9 obtenues.&nbsp;<\/p>\n\n<p>En 2021, de nouveaux d\u00e9fis nous attendent :<\/p>\n\n<figure class=\"wp-block-image size-large  caption-style-medium caption-alignment-center\"><img loading=\"lazy\" decoding=\"async\" width=\"999\" height=\"663\" src=\"https:\/\/www.greenpeace.org\/static\/planet4-belgium-stateless\/2021\/02\/506fc837-impact_report_2020_3.jpg\" alt=\"Greenpeace en 2020 :  ann\u00e9e difficile, beaux r\u00e9sultats (gr\u00e2ce \u00e0 vous !)\" class=\"wp-image-20404\" srcset=\"https:\/\/www.greenpeace.org\/static\/planet4-belgium-stateless\/2021\/02\/506fc837-impact_report_2020_3.jpg 999w, https:\/\/www.greenpeace.org\/static\/planet4-belgium-stateless\/2021\/02\/506fc837-impact_report_2020_3-300x199.jpg 300w, https:\/\/www.greenpeace.org\/static\/planet4-belgium-stateless\/2021\/02\/506fc837-impact_report_2020_3-768x510.jpg 768w, https:\/\/www.greenpeace.org\/static\/planet4-belgium-stateless\/2021\/02\/506fc837-impact_report_2020_3-510x338.jpg 510w\" sizes=\"auto, (max-width: 999px) 100vw, 999px\" \/><\/figure>\n\n<ul class=\"wp-block-list\"><li>Nous continuons \u00e0 faire pression pour obtenir une r\u00e9duction des \u00e9missions de gaz \u00e0 effet de serre d\u2019au moins 65 % d\u2019ici 2030 et pour atteindre la neutralit\u00e9 climatique d\u2019ici 2040, en mettant l\u2019accent sur une transition \u00e9nerg\u00e9tique \u00e9quitable.&nbsp;<\/li><li>Nous suivons de pr\u00e8s la question de l\u2019\u00e9olien offshore : l\u2019ambition \u00e9tant de doubler la capacit\u00e9 de l\u2019\u00e9olien en mer d\u2019ici 2025-2026, puis d\u2019augmenter encore ce potentiel avec des partenaires europ\u00e9ens.&nbsp;<\/li><li>Nous poursuivons nos efforts pour \u00e9voluer vers une mobilit\u00e9 plus durable&nbsp;<\/li><li>Nous faisons pression sur la Commission europ\u00e9enne pour qu\u2019elle adopte enfin une l\u00e9gislation europ\u00e9en visant \u00e0 prot\u00e9ger les for\u00eats mondiales : autrement dit, pour interdire chez nous tout produit issu de la d\u00e9forestation.&nbsp;<\/li><li>Nous nous opposons \u00e0 l\u2019extension des fermes-usines.&nbsp;<\/li><\/ul>\n\n<p>Restez \u00e0 nos c\u00f4t\u00e9s pour relever ces d\u00e9fis. Nous comptons sur vous !<\/p>\n\n<a class=\"cta-blog-button\" href=\"https:\/\/act.greenpeace.org\/page\/35835\/donate\/1?locale=fr-BE\" target=\"_blank\" rel=\"noopener noreferrer\">Je soutiens Greenpeace<\/a>\n\n<span class=\"shareSocialArea\">\n<a class=\"shareFacebook\" href=\"https:\/\/www.facebook.com\/sharer\/sharer.php?u=https:\/\/www.greenpeace.org\/belgium\/fr\/blog\/20309\/greenpeace-en-2020-annee-difficile-beaux-resultats-grace-a-vous\/\" target=\"_blank\" rel=\"noopener noreferrer\">Je partage sur Facebook<\/a>\n<a class=\"shareTwitter\" href=\"https:\/\/twitter.com\/share?url=https:\/\/www.greenpeace.org\/belgium\/fr\/blog\/20309\/greenpeace-en-2020-annee-difficile-beaux-resultats-grace-a-vous\/&amp;text=Greenpeace%20en%202020%20%3A%20ann%C3%A9e%20difficile%2C%20beaux%20r%C3%A9sultats%20%28gr%C3%A2ce%20%C3%A0%20vous%20%21%29%20-%20Vous%20soutenez%20nos%20actions?%20Vous%20voulez%20d%C3%A9couvrir%20votre%20impact%20en%202020%20?%20Parcourez%20le%20rapport%20d%E2%80%99impact%20et%20d%C3%A9couvrez%20les%20avanc%C3%A9es%20que%20nous%20avons%20obtenues,%20gr%C3%A2ce%20%C3%A0%20vous.%20via%20@greenpeace_be&amp;related=greenpeace_be\" target=\"_blank\" rel=\"noopener noreferrer\">Je partage sur Twitter<\/a>\n<a class=\"shareWhatsapp\" href=\"https:\/\/api.whatsapp.com\/send?text=Greenpeace+en+2020+%3A+ann%C3%A9e+difficile%2C+beaux+r%C3%A9sultats+%28gr%C3%A2ce+%C3%A0+vous+%21%29+https%3A%2F%2Fwww.greenpeace.org%2Fbelgium%2Ffr%2Fblog%2F20309%2Fgreenpeace-en-2020-annee-difficile-beaux-resultats-grace-a-vous%2F\" target=\"_blank\" rel=\"noopener noreferrer\">Je partage sur Whatsapp<\/a>\n<\/span>\n\n<a class=\"ctaDonateContainer\" target=\"_blank\" href=\"https:\/\/act.greenpeace.org\/page\/35703\/donate\/1?locale=fr-BE&#038;_ga=2.192557353.2055212094.1603091135-347892486.1598958044\" rel=\"noopener noreferrer\">\n<div id=\"cta-donate\">\n<div id=\"cta-donate-text\">\n<h2 style=\"text-shadow: 0 2px 5px rgba(0,0,0,.25); color: #fff;\">Je soutiens Greenpeace<\/h2>\n<\/div>\n<div id=\"cta-donate-button\">\n<a class=\"ctaDonateBtn\" target=\"_blank\" href=\"https:\/\/act.greenpeace.org\/page\/35703\/donate\/1?locale=fr-BE&amp;_ga=2.192557353.2055212094.1603091135-347892486.1598958044\" rel=\"noopener noreferrer\">Je fais un don<\/a>\n<\/div>\n<\/div>\n<\/a>\n\n\n<table class=\"hideme\" style=\"width: 100%;\" width=\"100%\">\n<tbody>\n<tr style=\"width: 100%;\">\n<td class=\"icon\"><a href=\"https:\/\/www.facebook.com\/greenpeace.belgium\" target=\"_blank\" rel=\"noopener noreferrer\">\n<img decoding=\"async\" title=\"Facebook\" src=\"https:\/\/storage.googleapis.com\/planet4-belgium-stateless\/2019\/09\/09281872-fb.png\" alt=\"Facebook\" width=\"100%\">\n<\/a><\/td>\n<td class=\"name\"><a href=\"https:\/\/www.facebook.com\/greenpeace.belgium\" target=\"_blank\" rel=\"noopener noreferrer\">\nFacebook\n<\/a><\/td>\n<td class=\"icon\"><a href=\"https:\/\/www.instagram.com\/greenpeace_be\/\" target=\"_blank\" rel=\"noopener noreferrer\">\n<img decoding=\"async\" title=\"Instagram\" src=\"https:\/\/storage.googleapis.com\/planet4-belgium-stateless\/2019\/09\/89871ad4-insta.png\" alt=\"Instagram\" width=\"100%\">\n<\/a><\/td>\n<td class=\"name\"><a href=\"https:\/\/www.instagram.com\/greenpeace_be\/\" target=\"_blank\" rel=\"noopener noreferrer\">\nInstagram\n<\/a><\/td>\n<td class=\"icon\"><a href=\"https:\/\/twitter.com\/greenpeace_be\" target=\"_blank\" rel=\"noopener noreferrer\">\n<img decoding=\"async\" title=\"Twitter\" src=\"https:\/\/storage.googleapis.com\/planet4-belgium-stateless\/2019\/09\/aebb8c6a-tw.png\" alt=\"Twitter\" width=\"100%\">\n<\/a><\/td>\n<td class=\"name\"><a href=\"https:\/\/twitter.com\/greenpeace_be\" target=\"_blank\" rel=\"noopener noreferrer\">\nTwitter\n<\/a><\/td>\n<td class=\"icon\"><a href=\"https:\/\/www.youtube.com\/user\/GreenpeaceBelgium\" target=\"_blank\" rel=\"noopener noreferrer\">\n<img decoding=\"async\" title=\"YouTube\" src=\"https:\/\/storage.googleapis.com\/planet4-belgium-stateless\/2019\/09\/4fd7759c-yt.png\" alt=\"YouTube\" width=\"100%\">\n<\/a><\/td>\n<td class=\"name\"><a href=\"https:\/\/www.youtube.com\/user\/GreenpeaceBelgium\" target=\"_blank\" rel=\"noopener noreferrer\">\nYouTube\n<\/a><\/td>\n<td class=\"icon\"><a href=\"https:\/\/www.pinterest.com\/greenpeacebe\/\" target=\"_blank\" rel=\"noopener noreferrer\">\n<img decoding=\"async\" title=\"YouTube\" src=\"https:\/\/storage.googleapis.com\/planet4-belgium-stateless\/2020\/05\/4454201c-pinterest.png\" alt=\"Pinterest\" width=\"100%\">\n<\/a><\/td>\n<td class=\"name\"><a href=\"https:\/\/www.pinterest.com\/greenpeacebe\/\" target=\"_blank\" rel=\"noopener noreferrer\">\nPinterest\n<\/a><\/td>\n<\/tr>\n<\/tbody>\n<\/table>\n<div class=\"EmptyMessage\">Block content is empty. Check the block&rsquo;s settings or remove it.<\/div>","protected":false},"excerpt":{"rendered":"<p>Vous suivez r\u00e9guli\u00e8rement et soutenez nos actions? Vous voulez d\u00e9couvrir votre impact en 2020 ? Parcourez le rapport d\u2019impact et d\u00e9couvrez les belles avanc\u00e9es que nous avons obtenues, gr\u00e2ce \u00e0 vous. <\/p>\n","protected":false},"author":49,"featured_media":20400,"comment_status":"closed","ping_status":"closed","sticky":false,"template":"","format":"standard","meta":{"ep_exclude_from_search":false,"p4_og_title":"Greenpeace en 2020 : ann\u00e9e difficile, beaux r\u00e9sultats (gr\u00e2ce \u00e0 vous !)","p4_og_description":"Vous soutenez nos actions? Vous voulez d\u00e9couvrir votre impact en 2020 ? Parcourez le rapport d\u2019impact et d\u00e9couvrez les avanc\u00e9es que nous avons obtenues, gr\u00e2ce \u00e0 vous. ","p4_og_image":"","p4_og_image_id":"","p4_seo_canonical_url":"","p4_campaign_name":"not set","p4_local_project":"not set","p4_basket_name":"not set","p4_department":"","footnotes":""},"categories":[107],"tags":[74,80,82,85,86],"p4-page-type":[116],"class_list":["post-20309","post","type-post","status-publish","format-standard","has-post-thumbnail","hentry","category-ensemble-nous-sommes-la-solution","tag-mobilite","tag-forets","tag-oceans","tag-agriculture","tag-climat","p4-page-type-actualites-blog"],"_links":{"self":[{"href":"https:\/\/www.greenpeace.org\/belgium\/fr\/wp-json\/wp\/v2\/posts\/20309","targetHints":{"allow":["GET"]}}],"collection":[{"href":"https:\/\/www.greenpeace.org\/belgium\/fr\/wp-json\/wp\/v2\/posts"}],"about":[{"href":"https:\/\/www.greenpeace.org\/belgium\/fr\/wp-json\/wp\/v2\/types\/post"}],"author":[{"embeddable":true,"href":"https:\/\/www.greenpeace.org\/belgium\/fr\/wp-json\/wp\/v2\/users\/49"}],"replies":[{"embeddable":true,"href":"https:\/\/www.greenpeace.org\/belgium\/fr\/wp-json\/wp\/v2\/comments?post=20309"}],"version-history":[{"count":16,"href":"https:\/\/www.greenpeace.org\/belgium\/fr\/wp-json\/wp\/v2\/posts\/20309\/revisions"}],"predecessor-version":[{"id":25164,"href":"https:\/\/www.greenpeace.org\/belgium\/fr\/wp-json\/wp\/v2\/posts\/20309\/revisions\/25164"}],"wp:featuredmedia":[{"embeddable":true,"href":"https:\/\/www.greenpeace.org\/belgium\/fr\/wp-json\/wp\/v2\/media\/20400"}],"wp:attachment":[{"href":"https:\/\/www.greenpeace.org\/belgium\/fr\/wp-json\/wp\/v2\/media?parent=20309"}],"wp:term":[{"taxonomy":"category","embeddable":true,"href":"https:\/\/www.greenpeace.org\/belgium\/fr\/wp-json\/wp\/v2\/categories?post=20309"},{"taxonomy":"post_tag","embeddable":true,"href":"https:\/\/www.greenpeace.org\/belgium\/fr\/wp-json\/wp\/v2\/tags?post=20309"},{"taxonomy":"p4-page-type","embeddable":true,"href":"https:\/\/www.greenpeace.org\/belgium\/fr\/wp-json\/wp\/v2\/p4-page-type?post=20309"}],"curies":[{"name":"wp","href":"https:\/\/api.w.org\/{rel}","templated":true}]}}