{"id":20450,"date":"2021-02-18T14:20:22","date_gmt":"2021-02-18T13:20:22","guid":{"rendered":"https:\/\/www.greenpeace.org\/belgium\/?p=20450"},"modified":"2021-12-01T14:02:18","modified_gmt":"2021-12-01T13:02:18","slug":"tout-savoir-sur-les-petites-baleines-de-locean-indien","status":"publish","type":"post","link":"https:\/\/www.greenpeace.org\/belgium\/fr\/actualites-blog\/20450\/tout-savoir-sur-les-petites-baleines-de-locean-indien\/","title":{"rendered":"Connaissez-vous les \u201cpetites\u201d baleines de l\u2019oc\u00e9an Indien ?"},"content":{"rendered":"\n<p><\/p>\n\n<p><strong>Quand on parle de baleines, les mots qui nous viennent \u00e0 l\u2019esprit \u00e9voquent souvent leur taille : \u00ab gros \u00bb, \u00ab \u00e9norme \u00bb, \u00ab g\u00e9ant \u00bb. Nous les mesurons en nombre d\u2019autocars \u00e0 deux \u00e9tages, en multiple d\u2019\u00e9l\u00e9phants ou en les comparant avec les dinosaures. Et pourtant, vous serez peut-\u00eatre surpris d\u2019apprendre que certaines baleines sont d\u00e9crites de mani\u00e8re totalement diff\u00e9rente, comme les \u00ab baleines bleues pygm\u00e9es \u00bb qui vivent dans l\u2019oc\u00e9an Indien.<\/strong> <strong>Elles sont confront\u00e9es \u00e0 des menaces croissantes.<\/strong><\/p>\n\n<span class=\"mid-button-fix\"><a class=\"cta-blog-button-mid\" href=\"https:\/\/act.greenpeace.org\/page\/41085\/petition\/1?locale=fr-BE\" target=\"_blank\" rel=\"noopener noreferrer\">Sauvons les baleines !<\/a><\/span>\n\n<h3 class=\"wp-block-heading\">Sous-esp\u00e8ce des baleines bleues<\/h3>\n\n<p>Les baleines bleues pygm\u00e9es sont une sous-esp\u00e8ce tropicale de la baleine bleue. Bien qu\u2019elles ne mesurent que quelques m\u00e8tres de moins (24 m\u00e8tres environ, au lieu de 30), elles ne p\u00e8sent souvent que la moiti\u00e9 du poids total d\u2019une baleine bleue de l\u2019Antarctique.&nbsp;<\/p>\n\n<p>La d\u00e9couverte de nombreuses sous-esp\u00e8ces de baleines est relativement r\u00e9cente. La chasse commerciale aux XIX<sup>e<\/sup> et XX<sup>e<\/sup> si\u00e8cles a an\u00e9anti tellement d\u2019esp\u00e8ces de baleines, comme la grande baleine bleue, que nous ne comprenons que maintenant l\u2019ensemble de ses cons\u00e9quences pour les populations locales, les esp\u00e8ces et l\u2019oc\u00e9an dans son ensemble. Ce n\u2019est que lorsque les pays baleiniers se sont r\u00e9unis pour former la Commission baleini\u00e8re internationale<strong> <\/strong>que nous avons commenc\u00e9 \u00e0 comprendre l\u2019ampleur de la chasse aux baleines. M\u00eame \u00e0 ce moment-l\u00e0, un d\u00e9saccord subsistait sur la fa\u00e7on d\u2019enregistrer les diff\u00e9rentes esp\u00e8ces. La science actuelle nous montre \u00e0 quel point nous ignorons encore tout des baleines, de leurs habitudes de reproduction \u00e0 leurs moyens de communication en passant par leur culture. La d\u00e9couverte de nouvelles esp\u00e8ces et sous-esp\u00e8ces se poursuit toujours.<\/p>\n\n<figure class=\"wp-block-image size-large  caption-style-medium caption-alignment-center\"><img loading=\"lazy\" decoding=\"async\" width=\"999\" height=\"663\" src=\"https:\/\/www.greenpeace.org\/static\/planet4-belgium-stateless\/2021\/02\/b9e5a2f2-whale_day_1.jpg\" alt=\"\" class=\"wp-image-20459\" srcset=\"https:\/\/www.greenpeace.org\/static\/planet4-belgium-stateless\/2021\/02\/b9e5a2f2-whale_day_1.jpg 999w, https:\/\/www.greenpeace.org\/static\/planet4-belgium-stateless\/2021\/02\/b9e5a2f2-whale_day_1-300x199.jpg 300w, https:\/\/www.greenpeace.org\/static\/planet4-belgium-stateless\/2021\/02\/b9e5a2f2-whale_day_1-768x510.jpg 768w, https:\/\/www.greenpeace.org\/static\/planet4-belgium-stateless\/2021\/02\/b9e5a2f2-whale_day_1-510x338.jpg 510w\" sizes=\"auto, (max-width: 999px) 100vw, 999px\" \/><\/figure>\n\n<h3 class=\"wp-block-heading\">Mais pourquoi est-ce si important ?&nbsp;<\/h3>\n\n<p>En r\u00e9alit\u00e9, lorsqu\u2019une esp\u00e8ce de baleine (ou de tout autre animal) est compos\u00e9e de populations ou de sous-esp\u00e8ces distinctes, elle est plus menac\u00e9e que si elle formait une seule grande population. En effet, la disponibilit\u00e9 locale des zones d\u2019alimentation et de reproduction est plus pr\u00e9caire, et toute perturbation humaine prend davantage d\u2019importance, car ces animaux sont plus sp\u00e9cialis\u00e9s et leur territoire est plus limit\u00e9.&nbsp;<\/p>\n\n<h3 class=\"wp-block-heading\">Baleines en danger<\/h3>\n\n<p>\u00c0 l\u2019\u00e9chelle mondiale, la chasse commerciale industrielle a r\u00e9duit le nombre de baleines bleues \u00e0 environ 1% de leur population originale. Nous avons peut-\u00eatre d\u00e9j\u00e0 perdu d\u00e9finitivement certaines sous-esp\u00e8ces ou populations distinctes sans m\u00eame nous en \u00eatre rendu compte.<\/p>\n\n<p>Les baleines bleues pygm\u00e9es de l\u2019oc\u00e9an Indien ne sont pas les m\u00eames que leurs cousines de l\u2019Antarctique. Elles sont confront\u00e9es \u00e0 des menaces croissantes dues \u00e0 l\u2019industrialisation de nos oc\u00e9ans, avec son cort\u00e8ge de bruits, de collisions avec des navires et de destruction de l\u2019habitat qui constituent autant de menaces importantes pour leur survie, ainsi qu\u2019\u00e0 la menace globale du changement climatique.&nbsp;<\/p>\n\n<p>Pourtant, nous savons que ces animaux sont non seulement incroyables en soi, mais qu\u2019ils sont aussi des h\u00e9ros dans la lutte contre le <a href=\"https:\/\/www.greenpeace.org\/belgium\/fr\/tag\/climat\/\">changement climatique<\/a> et le maintien de la sant\u00e9 et de la vie dans nos oc\u00e9ans.<\/p>\n\n<figure class=\"wp-block-image size-large  caption-style-medium caption-alignment-center\"><img loading=\"lazy\" decoding=\"async\" width=\"999\" height=\"663\" src=\"https:\/\/www.greenpeace.org\/static\/planet4-belgium-stateless\/2021\/02\/1b74f856-whale_day_2.jpg\" alt=\"\" class=\"wp-image-20461\" srcset=\"https:\/\/www.greenpeace.org\/static\/planet4-belgium-stateless\/2021\/02\/1b74f856-whale_day_2.jpg 999w, https:\/\/www.greenpeace.org\/static\/planet4-belgium-stateless\/2021\/02\/1b74f856-whale_day_2-300x199.jpg 300w, https:\/\/www.greenpeace.org\/static\/planet4-belgium-stateless\/2021\/02\/1b74f856-whale_day_2-768x510.jpg 768w, https:\/\/www.greenpeace.org\/static\/planet4-belgium-stateless\/2021\/02\/1b74f856-whale_day_2-510x338.jpg 510w\" sizes=\"auto, (max-width: 999px) 100vw, 999px\" \/><\/figure>\n\n<p>Ces grandes \u00ab petites \u00bb baleines ont un \u00e9norme r\u00f4le \u00e0 jouer, et la seule fa\u00e7on d\u2019assurer leur avenir est de prot\u00e9ger correctement leur habitat oc\u00e9anique. Les animaux qui vivent longtemps et qui voyagent beaucoup ont besoin que de vastes zones oc\u00e9aniques soient sanctuaris\u00e9es, prot\u00e9geant ainsi leurs zones vitales d\u2019alimentation et de reproduction, tout en leur donnant aussi de l\u2019espace pour vivre et s\u2019\u00e9panouir.<\/p>\n\n<p>En 1986, gr\u00e2ce \u00e0 un soutien public massif, la chasse commerciale \u00e0 la baleine a \u00e9t\u00e9 interdite dans le monde entier. Aujourd\u2019hui, le besoin de coop\u00e9ration mondiale se fait \u00e0 nouveau urgemment sentir, afin de cr\u00e9er un r\u00e9seau de sanctuaires oc\u00e9aniques pour prot\u00e9ger les baleines et leur habitat. Le navire Arctic Sunrise de Greenpeace s\u2019est rendu dans l\u2019oc\u00e9an Indien pour recenser les menaces qui p\u00e8sent sur nos oc\u00e9ans et faire pression sur les gouvernements pour les prot\u00e9ger. Rejoignez les 3,5 millions de personnes dans le monde qui ont d\u00e9j\u00e0 sign\u00e9 notre p\u00e9tition, et ajoutez votre nom pour appeler \u00e0 la protection des baleines et des <a href=\"https:\/\/www.greenpeace.org\/belgium\/fr\/tag\/oceans\/\">oc\u00e9ans<\/a> qui les abritent.<\/p>\n\n<a class=\"cta-blog-button\" href=\"https:\/\/act.greenpeace.org\/page\/41085\/petition\/1?locale=fr-BE\" target=\"_blank\" rel=\"noopener noreferrer\">Sauvons les baleines !<\/a>\n\n<span class=\"shareSocialArea\">\n<a class=\"shareFacebook\" href=\"https:\/\/www.facebook.com\/sharer\/sharer.php?u=https:\/\/www.greenpeace.org\/belgium\/fr\/blog\/20450\/tout-savoir-sur-les-petites-baleines-de-locean-indien\/\" target=\"_blank\" rel=\"noopener noreferrer\">Je partage sur Facebook<\/a>\n<a class=\"shareTwitter\" href=\"https:\/\/twitter.com\/share?url=https:\/\/www.greenpeace.org\/belgium\/fr\/blog\/20450\/tout-savoir-sur-les-petites-baleines-de-locean-indien\/&amp;text=Connaissez-vous%20les%20%E2%80%9Cpetites%E2%80%9D%20baleines%20de%20l%E2%80%99oc%C3%A9an%20Indien%20%3F%20-%20Peut-%C3%AAtre%20avez-vous%20d%C3%A9j%C3%A0%20entendu%20parler%20des%20%C2%AB%20baleines%20bleues%20pygm%C3%A9es%20%C2%BB%20qui%20vivent%20dans%20l%E2%80%99oc%C3%A9an%20Indien.%20Elles%20sont%20confront%C3%A9es%20%C3%A0%20des%20menaces%20croissantes.%20Ensemble,%20agissons%20!%20via%20@greenpeace_be&amp;related=greenpeace_be\" target=\"_blank\" rel=\"noopener noreferrer\">Je partage sur Twitter<\/a>\n<a class=\"shareWhatsapp\" href=\"https:\/\/api.whatsapp.com\/send?text=Connaissez-vous+les+%E2%80%9Cpetites%E2%80%9D+baleines+de+l%E2%80%99oc%C3%A9an+Indien+%3F+https%3A%2F%2Fwww.greenpeace.org%2Fbelgium%2Ffr%2Fblog%2F20450%2Ftout-savoir-sur-les-petites-baleines-de-locean-indien%2F\" target=\"_blank\" rel=\"noopener noreferrer\">Je partage sur Whatsapp<\/a>\n<\/span>\n\n<table class=\"hideme\" style=\"width: 100%;\" width=\"100%\">\n<tbody>\n<tr style=\"width: 100%;\">\n<td class=\"icon\"><a href=\"https:\/\/www.facebook.com\/greenpeace.belgium\" target=\"_blank\" rel=\"noopener noreferrer\">\n<img decoding=\"async\" title=\"Facebook\" src=\"https:\/\/storage.googleapis.com\/planet4-belgium-stateless\/2019\/09\/09281872-fb.png\" alt=\"Facebook\" width=\"100%\">\n<\/a><\/td>\n<td class=\"name\"><a href=\"https:\/\/www.facebook.com\/greenpeace.belgium\" target=\"_blank\" rel=\"noopener noreferrer\">\nFacebook\n<\/a><\/td>\n<td class=\"icon\"><a href=\"https:\/\/www.instagram.com\/greenpeace_be\/\" target=\"_blank\" rel=\"noopener noreferrer\">\n<img decoding=\"async\" title=\"Instagram\" src=\"https:\/\/storage.googleapis.com\/planet4-belgium-stateless\/2019\/09\/89871ad4-insta.png\" alt=\"Instagram\" width=\"100%\">\n<\/a><\/td>\n<td class=\"name\"><a href=\"https:\/\/www.instagram.com\/greenpeace_be\/\" target=\"_blank\" rel=\"noopener noreferrer\">\nInstagram\n<\/a><\/td>\n<td class=\"icon\"><a href=\"https:\/\/twitter.com\/greenpeace_be\" target=\"_blank\" rel=\"noopener noreferrer\">\n<img decoding=\"async\" title=\"Twitter\" src=\"https:\/\/storage.googleapis.com\/planet4-belgium-stateless\/2019\/09\/aebb8c6a-tw.png\" alt=\"Twitter\" width=\"100%\">\n<\/a><\/td>\n<td class=\"name\"><a href=\"https:\/\/twitter.com\/greenpeace_be\" target=\"_blank\" rel=\"noopener noreferrer\">\nTwitter\n<\/a><\/td>\n<td class=\"icon\"><a href=\"https:\/\/www.youtube.com\/user\/GreenpeaceBelgium\" target=\"_blank\" rel=\"noopener noreferrer\">\n<img decoding=\"async\" title=\"YouTube\" src=\"https:\/\/storage.googleapis.com\/planet4-belgium-stateless\/2019\/09\/4fd7759c-yt.png\" alt=\"YouTube\" width=\"100%\">\n<\/a><\/td>\n<td class=\"name\"><a href=\"https:\/\/www.youtube.com\/user\/GreenpeaceBelgium\" target=\"_blank\" rel=\"noopener noreferrer\">\nYouTube\n<\/a><\/td>\n<td class=\"icon\"><a href=\"https:\/\/www.pinterest.com\/greenpeacebe\/\" target=\"_blank\" rel=\"noopener noreferrer\">\n<img decoding=\"async\" title=\"YouTube\" src=\"https:\/\/storage.googleapis.com\/planet4-belgium-stateless\/2020\/05\/4454201c-pinterest.png\" alt=\"Pinterest\" width=\"100%\">\n<\/a><\/td>\n<td class=\"name\"><a href=\"https:\/\/www.pinterest.com\/greenpeacebe\/\" target=\"_blank\" rel=\"noopener noreferrer\">\nPinterest\n<\/a><\/td>\n<\/tr>\n<\/tbody>\n<\/table>\n<div class=\"EmptyMessage\">Block content is empty. Check the block&rsquo;s settings or remove it.<\/div>","protected":false},"excerpt":{"rendered":"<p>Peut-\u00eatre avez-vous d\u00e9j\u00e0 entendu parler des \u00ab baleines bleues pygm\u00e9es \u00bb qui vivent dans l\u2019oc\u00e9an Indien. Elles sont confront\u00e9es \u00e0 des menaces croissantes. Ensemble, agissons !<\/p>\n","protected":false},"author":49,"featured_media":20508,"comment_status":"closed","ping_status":"closed","sticky":false,"template":"","format":"standard","meta":{"ep_exclude_from_search":false,"p4_og_title":"Connaissez-vous les \u201cpetites\u201d baleines de l\u2019oc\u00e9an Indien ?","p4_og_description":"Peut-\u00eatre avez-vous d\u00e9j\u00e0 entendu parler des \u00ab baleines bleues pygm\u00e9es \u00bb qui vivent dans l\u2019oc\u00e9an Indien. Elles sont confront\u00e9es \u00e0 des menaces croissantes. Ensemble, agissons !","p4_og_image":"","p4_og_image_id":"","p4_seo_canonical_url":"","p4_campaign_name":"not set","p4_local_project":"not set","p4_basket_name":"not set","p4_department":"","footnotes":""},"categories":[1,105],"tags":[82],"p4-page-type":[116],"class_list":["post-20450","post","type-post","status-publish","format-standard","has-post-thumbnail","hentry","category-non-classifiee","category-preserver-la-beaute-de-notre-planete","tag-oceans","p4-page-type-actualites-blog"],"_links":{"self":[{"href":"https:\/\/www.greenpeace.org\/belgium\/fr\/wp-json\/wp\/v2\/posts\/20450","targetHints":{"allow":["GET"]}}],"collection":[{"href":"https:\/\/www.greenpeace.org\/belgium\/fr\/wp-json\/wp\/v2\/posts"}],"about":[{"href":"https:\/\/www.greenpeace.org\/belgium\/fr\/wp-json\/wp\/v2\/types\/post"}],"author":[{"embeddable":true,"href":"https:\/\/www.greenpeace.org\/belgium\/fr\/wp-json\/wp\/v2\/users\/49"}],"replies":[{"embeddable":true,"href":"https:\/\/www.greenpeace.org\/belgium\/fr\/wp-json\/wp\/v2\/comments?post=20450"}],"version-history":[{"count":9,"href":"https:\/\/www.greenpeace.org\/belgium\/fr\/wp-json\/wp\/v2\/posts\/20450\/revisions"}],"predecessor-version":[{"id":25159,"href":"https:\/\/www.greenpeace.org\/belgium\/fr\/wp-json\/wp\/v2\/posts\/20450\/revisions\/25159"}],"wp:featuredmedia":[{"embeddable":true,"href":"https:\/\/www.greenpeace.org\/belgium\/fr\/wp-json\/wp\/v2\/media\/20508"}],"wp:attachment":[{"href":"https:\/\/www.greenpeace.org\/belgium\/fr\/wp-json\/wp\/v2\/media?parent=20450"}],"wp:term":[{"taxonomy":"category","embeddable":true,"href":"https:\/\/www.greenpeace.org\/belgium\/fr\/wp-json\/wp\/v2\/categories?post=20450"},{"taxonomy":"post_tag","embeddable":true,"href":"https:\/\/www.greenpeace.org\/belgium\/fr\/wp-json\/wp\/v2\/tags?post=20450"},{"taxonomy":"p4-page-type","embeddable":true,"href":"https:\/\/www.greenpeace.org\/belgium\/fr\/wp-json\/wp\/v2\/p4-page-type?post=20450"}],"curies":[{"name":"wp","href":"https:\/\/api.w.org\/{rel}","templated":true}]}}