{"id":20986,"date":"2021-03-12T08:00:00","date_gmt":"2021-03-12T07:00:00","guid":{"rendered":"https:\/\/www.greenpeace.org\/belgium\/?p=20986"},"modified":"2021-03-11T18:32:47","modified_gmt":"2021-03-11T17:32:47","slug":"les-efforts-climatiques-de-volkswagen-bmw-et-daimler-reposent-sur-des-astuces-de-comptabilite","status":"publish","type":"post","link":"https:\/\/www.greenpeace.org\/belgium\/fr\/communique-de-presse\/20986\/les-efforts-climatiques-de-volkswagen-bmw-et-daimler-reposent-sur-des-astuces-de-comptabilite\/","title":{"rendered":"Les efforts climatiques de  Volkswagen, BMW et Daimler reposent sur des astuces de comptabilit\u00e9"},"content":{"rendered":"\n<p><strong>Bruxelles, 12 mars 2021 &#8211; Une analyse de Greenpeace Allemagne r\u00e9v\u00e8le que les \u00e9missions moyennes r\u00e9elles de CO<\/strong><strong><sub>2<\/sub><\/strong><strong> des nouvelles voitures fabriqu\u00e9es par Volkswagen, Daimler et BMW ont \u00e0 peine diminu\u00e9 ces 14 derni\u00e8res ann\u00e9es. En cause : des lacunes dans les&nbsp; normes europ\u00e9ennes en mati\u00e8re de CO<\/strong><strong><sub>2<\/sub><\/strong><strong> pour les voitures. La Commission europ\u00e9enne va r\u00e9viser ces normes dans les prochains mois.<\/strong><\/p>\n\n<p><a href=\"https:\/\/act.gp\/3exNVzZ\">L&rsquo;analyse de Greenpeace Allemagne<\/a> montre que la baisse des \u00e9missions de CO<sub>2<\/sub> des nouvelles voitures est beaucoup moins importante dans la r\u00e9alit\u00e9 que sur papier. Par exemple, depuis 2006, les \u00e9missions r\u00e9elles moyennes des nouvelles voitures de Daimler ont diminu\u00e9 d&rsquo;\u00e0 peine 9 %. Le chiffre correspondant pour Volkswagen est de 15 %, et pour BMW de 18 %.<\/p>\n\n<p>\u00ab\u00a0<em>Les trois plus grands constructeurs automobiles allemands usent d\u2019astuces de comptabilit\u00e9 pour dissimuler leur impact climatique. Sur papier, VW, Daimler et BMW pr\u00e9tendent prot\u00e9ger le climat, alors qu&rsquo;en r\u00e9alit\u00e9 leurs voitures sont presque aussi polluantes aujourd&rsquo;hui qu&rsquo;il y a 14 ans<\/em>\u00ab\u00a0, d\u00e9clare Elodie Mertz, experte Mobilit\u00e9 chez Greenpeace.<br><\/p>\n\n<p>L&rsquo;<a href=\"https:\/\/act.gp\/3exNVzZ\">\u00e9tude<\/a> calcule l&rsquo;effet des astuces de comptabilit\u00e9 en termes de CO<sub>2<\/sub>, des astuces avec lesquelles le lobby automobile allemand en particulier a syst\u00e9matiquement affaibli les normes europ\u00e9ennes de CO<sub>2<\/sub> au fil des ans. Il s&rsquo;agit notamment de lacunes telles que le \u00ab\u00a0facteur poids\u00a0\u00bb qui favorise les constructeurs de voitures lourdes, les \u00ab\u00a0super-cr\u00e9dits\u00a0\u00bb qui offrent, dans le calcul, une pond\u00e9ration plus forte pour les v\u00e9hicules \u00e9lectriques et surtout des chiffres de consommation de carburant irr\u00e9alistes. [1]&nbsp;<\/p>\n\n<p>Pour Volkswagen, par exemple, cela se traduit par 45 millions de tonnes d&rsquo;\u00e9missions de CO<sub>2<\/sub> suppl\u00e9mentaires pour environ 3 millions de voitures VW vendues dans l\u2019Union europ\u00e9enne en 2020. D&rsquo;autres fabricants utilisent aussi ces failles \u00e0 profit, bien qu&rsquo;ils soient principalement adapt\u00e9s aux fabricants allemands.<br><br>\u00ab\u00a0<em>Passer le plus rapidement possible \u00e0 des v\u00e9hicules qui ne consomment pas d\u2019\u00e9nergie fossile est une \u00e9vidence dans la t\u00e2che difficile qui consiste \u00e0 d\u00e9carboner notre mobilit\u00e9. Le lobby de l&rsquo;automobile a trop \u00e9t\u00e9 \u00e0 la man\u0153uvre dans le pass\u00e9 et a sap\u00e9 les progr\u00e8s avec des failles comme celle-ci. Ce n&rsquo;est plus acceptable<\/em>\u00ab\u00a0, d\u00e9clare Elodie Mertz. \u00ab\u00a0<em>Nous attendons de nos ministres qu&rsquo;ils prennent prennent le volant au niveau europ\u00e9en et qu&rsquo;ils suivent l&rsquo;exemple d&rsquo;autres pays en appuyant sur le champignon et en introduisant une date de fin pour la vente de voitures et de camionnettes \u00e0 moteur \u00e0 combustion <\/em><a href=\"https:\/\/www.greenpeace.org\/belgium\/nl\/rapport\/1178\/2028-game-over-voor-de-verbrandingsmotor\/\"><em>d&rsquo;ici 2028 au plus tard<\/em><\/a><em> dans notre pays<\/em>.\u201d<\/p>\n\n<p>Selon <a href=\"https:\/\/www.greenpeace.org\/belgium\/fr\/rapports\/17321\/lheure-dun-changement-radical-a-sonne\/\">une \u00e9tude<\/a> command\u00e9e par Greenpeace, l&rsquo;Union europ\u00e9enne doit prendre des mesures plus audacieuses pour mettre le secteur des transports en conformit\u00e9 avec l&rsquo;objectif climatique de 1,5 \u00b0C. L&rsquo;\u00e9tude montre que les ventes europ\u00e9ennes de v\u00e9hicules \u00e0 essence, diesel et hybrides doivent cesser au plus tard en 2028, tandis que le nombre de voitures particuli\u00e8res doit diminuer de 27 % d&rsquo;ici \u00e0 2030 (par rapport \u00e0 2015).<\/p>\n\n<p>La Commission europ\u00e9enne devrait r\u00e9examiner les normes de CO<sub>2<\/sub> d&rsquo;ici juin 2021 et envisage de proposer une date pour interdire la vente de voitures \u00e0 essence et diesel dans l&rsquo;Union europ\u00e9enne. En d\u00e9but de semaine, neuf pays europ\u00e9ens, dont la Belgique, ont <a href=\"https:\/\/www.permanentrepresentations.nl\/permanent-representations\/pr-eu-brussels\/documents\/publications\/2021\/03\/10\/non-paper---transition-to-zero-emission-light-duty-vehicles\">appel\u00e9<\/a> \u00e0 une \u00e9limination progressive des voitures diesel et \u00e0 essence dans toute l&rsquo;Europe.<\/p>\n\n<p><strong>Note:&nbsp;<\/strong><\/p>\n\n<p>[1] L&rsquo;encadr\u00e9 ci-dessous donne un aper\u00e7u des failles que le lobby automobile a cr\u00e9\u00e9es dans les normes europ\u00e9ennes sur le CO<sub>2<\/sub>. L&rsquo;objectif initial \u00e9tait une \u00e9mission moyenne de 95 g de CO2\/km pour les voitures neuves.<\/p>\n\n<figure class=\"wp-block-table\"><table><tbody><tr><td><strong>Principaux \u00ab\u00a0m\u00e9canismes de flexibilit\u00e9\u00a0\u00bb ou lacunes des normes europ\u00e9ennes en mati\u00e8re de CO<sub>2<\/sub><\/strong><br>Plus d&rsquo;informations dans <a href=\"https:\/\/act.gp\/3exNVzZ\">l\u2019\u00e9tude de Greenpeace Allemagne<\/a>.<br><br><strong>Le facteur poids (\u2018weight factor\u2019)<\/strong>Le lobby automobile a affaibli la limite de 95g de CO<sub>2<\/sub>\/km \u00e0 un stade pr\u00e9coce et a r\u00e9ussi \u00e0 introduire des objectifs diff\u00e9rents pour les constructeurs automobiles. Un objectif de CO<sub>2<\/sub> sp\u00e9cifique est calcul\u00e9 pour chaque constructeur, sur la base du poids moyen des voitures neuves vendues par le constructeur. Cela signifie que plus les voitures d&rsquo;un constructeur sont lourdes, plus son objectif en mati\u00e8re de CO<sub>2<\/sub> est faible. Cela stimule \u00e9galement la vente de voitures hybrides plus lourdes, alors que leur avantage CO<sub>2<\/sub> est tr\u00e8s d\u00e9cevant dans la pratique.<br><br><strong>L\u2019introduction progressive (\u2018phase in\u2019)<\/strong>Sous la pression du lobby automobile, l&rsquo;Union europ\u00e9enne a int\u00e9gr\u00e9 dans la l\u00e9gislation une courte p\u00e9riode transitoire avant 2020, permettant ainsi que, parmi les voitures nouvellement immatricul\u00e9es, les 5 % les plus polluantes ne soient pas prises en compte dans le calcul des \u00e9missions moyennes du parc automobile. C&rsquo;est un avantage particulier pour les constructeurs automobiles qui proposent une large gamme de mod\u00e8les. Gr\u00e2ce \u00e0 l&rsquo;introduction progressive, les voitures de sport particuli\u00e8rement puissantes, les lourds SUV (<em>Sport Utility Vehicles<\/em>) et les berlines de luxe ne sont pas inclus dans les calculs.<br><br><strong>Comptage multiple de mod\u00e8les \u00e0 faibles \u00e9missions (\u00ab\u00a0super cr\u00e9dits\u00a0\u00bb)<\/strong><br>Dans une phase de transition, l&rsquo;Union europ\u00e9enne donne aux constructeurs automobiles une incitation suppl\u00e9mentaire \u00e0 vendre des voitures \u00e9lectriques et des hybrides rechargeables dont les \u00e9missions au test NEDC (<em>New European Driving Cycle<\/em>) sont inf\u00e9rieures \u00e0 50 g CO<sub>2<\/sub> \/ km. Les \u00ab super cr\u00e9dits \u00bb permettent \u00e0 ces v\u00e9hicules \u00e0 z\u00e9ro et faibles \u00e9missions de profiter d\u2019une pond\u00e9ration plus importante dans les calculs d&rsquo;\u00e9missions de CO<sub>2<\/sub>, ce qui permet aux constructeurs d&rsquo;atteindre plus facilement la valeur limite sp\u00e9cifique de consommation moyenne.<br>En vertu de cette disposition, les voitures neuves d&rsquo;une valeur NEDC inf\u00e9rieure \u00e0 50 g CO<sub>2 <\/sub>\/ km comptent double lors du calcul de la moyenne du parc pour 2020. En 2021, le multiplicateur diminuera \u00e0 1,67 puis \u00e0 1,33 en 2022. L&rsquo;effet des \u00ab super cr\u00e9dits \u00bb sur les chiffres d&rsquo;\u00e9missions du parc de v\u00e9hicules sont limit\u00e9s \u00e0 7,5 grammes.<br><br><strong>Eco-innovations<\/strong>L&rsquo;Union europ\u00e9enne r\u00e9compense les fabricants pour les innovations qui contribuent \u00e0 r\u00e9duire les \u00e9missions de CO<sub>2 <\/sub>\u00a0mais dont l\u2019effet ne peut pas \u00eatre mesur\u00e9 avec des cycles de test officiels (NEDC \/ WLTP &#8211; <em>Worldwide harmonized Light vehicles Test Procedures<\/em>). Il s\u2019agit d\u2019innovations comme l&rsquo;\u00e9clairage LED, l&rsquo;installation de panneaux solaires sur le toit des voitures et la fonction qui permet au moteur de tourner au ralenti pour \u00e9conomiser du carburant dans les phases de stationnements. Ces \u00e9co-innovations peuvent r\u00e9duire la valeur CO<sub>2 <\/sub>\u00a0du parc automobile des constructeurs automobiles jusqu&rsquo;\u00e0 7 grammes. Jusqu&rsquo;\u00e0 pr\u00e9sent, les \u00e9co-innovations n&rsquo;ont jou\u00e9 qu&rsquo;un r\u00f4le limit\u00e9, mais leur importance pourrait augmenter.<br><br><strong>La mise en commun (\u201cpooling\u201d)<\/strong>Les constructeurs automobiles sont autoris\u00e9s \u00e0 travailler ensemble et \u00e0 agir conjointement pour atteindre les normes de CO<sub>2<\/sub> de l&rsquo;Union europ\u00e9enne. Gr\u00e2ce \u00e0 cette soi-disant \u00ab mutualisation \u00bb, les constructeurs automobiles dont les \u00e9missions moyennes de flotte sont \u00e9lev\u00e9es peuvent \u00e9viter les amendes en compensant leurs soldes d\u2019\u00e9missions avec des constructeurs dont les \u00e9missions moyennes sont plus faibles. Ford et Volvo, par exemple, ont form\u00e9 une telle mutualisation, tout comme Mazda et Toyota. Volkswagen travaille \u00e9galement avec plusieurs petits constructeurs automobiles depuis l&rsquo;ann\u00e9e derni\u00e8re.<br><br><strong>La diff\u00e9rence entre les \u00e9missions mesur\u00e9es (cycle de test) et les r\u00e9elles<\/strong>Selon les donn\u00e9es de l&rsquo;Agence europ\u00e9enne pour l&rsquo;environnement (AEE), les \u00e9missions moyennes de CO<sub>2 <\/sub>des voitures neuves en Europe ont consid\u00e9rablement diminu\u00e9 depuis le d\u00e9but du mill\u00e9naire. Selon l&rsquo;AEE, la voiture neuve moyenne \u00e9mettait 172 g de CO<sub>2<\/sub>\/km en 2000 ; en 2019, ce chiffre \u00e9tait tomb\u00e9 \u00e0 122 g. La pr\u00e9tendue baisse de la consommation de pr\u00e8s de 30 % pose toutefois un probl\u00e8me : elle ne peut \u00eatre mesur\u00e9e que sur le banc d&rsquo;essai.<br><br>Le Conseil international pour le transport propre (<em>International Council on Clean Transportation, <\/em>ICCT) a montr\u00e9 pour la premi\u00e8re fois en 2013 que l&rsquo;\u00e9cart entre la consommation de carburant (et les \u00e9missions) officielle mesur\u00e9e sur le cycle d&rsquo;essai et la consommation r\u00e9elle se creuse. Dans sa derni\u00e8re mise \u00e0 jour en 2019, <strong>l&rsquo;ICCT a analys\u00e9 les donn\u00e9es d&rsquo;environ 1,3 million de v\u00e9hicules provenant de 15 sources<\/strong>. La conclusion principale est la suivante : pour les voitures construites <strong>en 2001, la consommation en conditions r\u00e9elles s&rsquo;\u00e9cartait en moyenne de 8 % des chiffres du cycle d&rsquo;essai NEDC<\/strong>. Pour les voitures construites <strong>en 2017, la consommation r\u00e9elle \u00e9tait sup\u00e9rieure de 39 %<\/strong> aux donn\u00e9es publi\u00e9es par les constructeurs.<br><br>En revanche, les progr\u00e8s r\u00e9els en mati\u00e8re d&rsquo;efficacit\u00e9 \u00e9nerg\u00e9tique des moteurs \u00e0 combustion interne n&rsquo;ont pas entra\u00een\u00e9 une baisse de la consommation dans la pratique. La raison ? Les constructeurs ont utilis\u00e9 l&rsquo;am\u00e9lioration du rendement \u00e9nerg\u00e9tique pour compenser l&rsquo;augmentation de la taille et de la puissance des moteurs des nouveaux mod\u00e8les. <strong>Le poids moyen des voitures neuves dans l&rsquo;Union europ\u00e9enne a augment\u00e9 de 12 % entre 2001 et 2019<\/strong>, gr\u00e2ce notamment \u00e0 la popularit\u00e9 des SUV. La puissance moyenne des nouvelles voitures a encore augment\u00e9 et \u00e9tait environ 37 % plus \u00e9lev\u00e9e en 2019 qu&rsquo;en 2001.<br>Les v\u00e9hicules hybrides rechargeables (PHEV) jouent un r\u00f4le particulier dans la diff\u00e9rence entre la consommation de carburant dans le monde r\u00e9el et la consommation de carburant lors des essais. Ces voitures combinent un moteur \u00e0 combustion interne et une propulsion \u00e9lectrique, ce qui les rend extr\u00eamement \u00e9conomes en carburant sur le papier et en fait un \u00e9l\u00e9ment cl\u00e9 des efforts d\u00e9ploy\u00e9s par de nombreux constructeurs pour atteindre leurs objectifs en mati\u00e8re de CO<sub>2<\/sub>. Les constructeurs automobiles allemands se concentrent sur les PHEV, notamment pour leurs mod\u00e8les SUV, afin de compenser &#8211; du moins sur papier &#8211; les inconv\u00e9nients caus\u00e9s par le poids et la consommation de carburant plus \u00e9lev\u00e9s typiques de ces types de voitures.<br><br>Les moteurs hybrides sont pourtant critiqu\u00e9s depuis des ann\u00e9es, car la consommation de carburant en situation r\u00e9elle est g\u00e9n\u00e9ralement plusieurs fois sup\u00e9rieure aux performances sur banc d&rsquo;essai. <strong>En 2020, une analyse des donn\u00e9es de plus de 100.000 PHEV <\/strong>r\u00e9alis\u00e9e par l&rsquo;Institut Fraunhofer ISI et l&rsquo;ICCT <strong>a conclu que la consommation r\u00e9elle de carburant et donc les \u00e9missions de CO<sub>2<\/sub> \u00e9taient deux \u00e0 quatre fois plus \u00e9lev\u00e9es<\/strong> que les r\u00e9sultats du cycle d&rsquo;essai. Pour les voitures, les \u00e9missions r\u00e9elles de CO<sub>2<\/sub> d\u00e9passaient de 200 \u00e0 240 % les valeurs NEDC annonc\u00e9es par les constructeurs, et de 205 \u00e0 295 % pour les v\u00e9hicules utilitaires.<br><br><strong>L\u2019effet Norv\u00e8ge<\/strong> L&rsquo;extension de la r\u00e9glementation europ\u00e9enne \u00e0 la Norv\u00e8ge et \u00e0 l&rsquo;Islande n&rsquo;est pas vraiment une astuce de comptabilit\u00e9, mais repr\u00e9sente n\u00e9anmoins une aubaine pour les constructeurs automobiles. L&rsquo;inclusion de ces march\u00e9s bien d\u00e9velopp\u00e9s pour les voitures \u00e9lectriques a aid\u00e9 les constructeurs automobiles \u00e0 atteindre leurs objectifs. Les constructeurs qui ont vendu un nombre relativement important de voitures \u00e9lectriques en Norv\u00e8ge en ont le plus profit\u00e9. Cela vaut \u00e9galement pour le groupe Volkswagen.<\/td><\/tr><\/tbody><\/table><\/figure>\n","protected":false},"excerpt":{"rendered":"<p>Bruxelles, 12 mars 2021 &#8211; Une analyse de Greenpeace Allemagne r\u00e9v\u00e8le que les \u00e9missions moyennes r\u00e9elles de CO2 des nouvelles voitures fabriqu\u00e9es par Volkswagen, Daimler et BMW ont \u00e0 peine&hellip;<\/p>\n","protected":false},"author":50,"featured_media":20987,"comment_status":"closed","ping_status":"closed","sticky":false,"template":"","format":"standard","meta":{"ep_exclude_from_search":false,"p4_og_title":"","p4_og_description":"","p4_og_image":"","p4_og_image_id":"","p4_seo_canonical_url":"","p4_campaign_name":"not set","p4_local_project":"not set","p4_basket_name":"not set","p4_department":"","footnotes":""},"categories":[1],"tags":[74],"p4-page-type":[117],"class_list":["post-20986","post","type-post","status-publish","format-standard","has-post-thumbnail","hentry","category-non-classifiee","tag-mobilite","p4-page-type-communique-de-presse"],"_links":{"self":[{"href":"https:\/\/www.greenpeace.org\/belgium\/fr\/wp-json\/wp\/v2\/posts\/20986","targetHints":{"allow":["GET"]}}],"collection":[{"href":"https:\/\/www.greenpeace.org\/belgium\/fr\/wp-json\/wp\/v2\/posts"}],"about":[{"href":"https:\/\/www.greenpeace.org\/belgium\/fr\/wp-json\/wp\/v2\/types\/post"}],"author":[{"embeddable":true,"href":"https:\/\/www.greenpeace.org\/belgium\/fr\/wp-json\/wp\/v2\/users\/50"}],"replies":[{"embeddable":true,"href":"https:\/\/www.greenpeace.org\/belgium\/fr\/wp-json\/wp\/v2\/comments?post=20986"}],"version-history":[{"count":1,"href":"https:\/\/www.greenpeace.org\/belgium\/fr\/wp-json\/wp\/v2\/posts\/20986\/revisions"}],"predecessor-version":[{"id":20989,"href":"https:\/\/www.greenpeace.org\/belgium\/fr\/wp-json\/wp\/v2\/posts\/20986\/revisions\/20989"}],"wp:featuredmedia":[{"embeddable":true,"href":"https:\/\/www.greenpeace.org\/belgium\/fr\/wp-json\/wp\/v2\/media\/20987"}],"wp:attachment":[{"href":"https:\/\/www.greenpeace.org\/belgium\/fr\/wp-json\/wp\/v2\/media?parent=20986"}],"wp:term":[{"taxonomy":"category","embeddable":true,"href":"https:\/\/www.greenpeace.org\/belgium\/fr\/wp-json\/wp\/v2\/categories?post=20986"},{"taxonomy":"post_tag","embeddable":true,"href":"https:\/\/www.greenpeace.org\/belgium\/fr\/wp-json\/wp\/v2\/tags?post=20986"},{"taxonomy":"p4-page-type","embeddable":true,"href":"https:\/\/www.greenpeace.org\/belgium\/fr\/wp-json\/wp\/v2\/p4-page-type?post=20986"}],"curies":[{"name":"wp","href":"https:\/\/api.w.org\/{rel}","templated":true}]}}