{"id":21160,"date":"2021-03-19T09:10:28","date_gmt":"2021-03-19T08:10:28","guid":{"rendered":"https:\/\/www.greenpeace.org\/belgium\/?p=21160"},"modified":"2021-12-01T14:01:03","modified_gmt":"2021-12-01T13:01:03","slug":"exploration-miniere-en-eaux-profondes-des-tests-belges-prevus-dans-le-pacifique","status":"publish","type":"post","link":"https:\/\/www.greenpeace.org\/belgium\/fr\/actualites-blog\/21160\/exploration-miniere-en-eaux-profondes-des-tests-belges-prevus-dans-le-pacifique\/","title":{"rendered":"Exploration mini\u00e8re en eaux profondes : des tests belges pr\u00e9vus dans le Pacifique"},"content":{"rendered":"\n<p><\/p>\n\n<p><strong>Global Sea Mineral Resources (GSR), soci\u00e9t\u00e9 belge d&rsquo;<\/strong><a href=\"https:\/\/www.greenpeace.org\/belgium\/fr\/blog\/15241\/mais-que-se-trame-t-il-au-fond-des-oceans\/\"><strong>exploitation mini\u00e8re en eaux profondes<\/strong><\/a><strong>, a officiellement annonc\u00e9 en janvier, son intention de proc\u00e9der \u00e0 des tests impliquant le Patania II, une immense machine servant \u00e0 collecter des nodules de mangan\u00e8se. Ces tests auront lieu ce printemps dans une partie recul\u00e9e de l&rsquo;oc\u00e9an Pacifique.<\/strong><\/p>\n\n<p>Concr\u00e8tement, en avril et mai de cette ann\u00e9e, GSR, qui a un contrat d&rsquo;exploration parrain\u00e9 par la Belgique dans une zone du Pacifique appel\u00e9e Clarion Clipperton, pr\u00e9voit de descendre son robot pour ensuite l\u2019actionner sur le fond de l&rsquo;oc\u00e9an, \u00e0 une profondeur jusqu\u2019\u00e0 4000 m\u00e8tres.<\/p>\n\n<figure class=\"wp-block-image size-large  caption-style-medium caption-alignment-center\"><img loading=\"lazy\" decoding=\"async\" width=\"999\" height=\"663\" src=\"https:\/\/www.greenpeace.org\/static\/planet4-belgium-stateless\/2021\/03\/3cc38106-dsm_patania.jpg\" alt=\"Exploration mini\u00e8re en eaux profondes : des tests belges pr\u00e9vus dans le Pacifique\" class=\"wp-image-21161\" srcset=\"https:\/\/www.greenpeace.org\/static\/planet4-belgium-stateless\/2021\/03\/3cc38106-dsm_patania.jpg 999w, https:\/\/www.greenpeace.org\/static\/planet4-belgium-stateless\/2021\/03\/3cc38106-dsm_patania-300x199.jpg 300w, https:\/\/www.greenpeace.org\/static\/planet4-belgium-stateless\/2021\/03\/3cc38106-dsm_patania-768x510.jpg 768w, https:\/\/www.greenpeace.org\/static\/planet4-belgium-stateless\/2021\/03\/3cc38106-dsm_patania-510x338.jpg 510w\" sizes=\"auto, (max-width: 999px) 100vw, 999px\" \/><figcaption>Patania II &#8211; copyright Sarah Vanden Eede<\/figcaption><\/figure>\n\n<h3 class=\"wp-block-heading\">Oc\u00e9an : l\u2019exploitation mini\u00e8re bouleverse les \u00e9cosyst\u00e8mes marins<\/h3>\n\n<p>On y trouve des nodules polym\u00e9talliques, qui contiennent des min\u00e9raux pouvant notamment \u00eatre utilis\u00e9s dans les batteries des smartphones et des voitures \u00e9lectriques. Mais la zone de Clarion Clipperton abrite \u00e9galement un \u00e9cosyst\u00e8me ancien, pratiquement intact et tr\u00e8s fragile, dont les scientifiques ont d\u00e9j\u00e0 montr\u00e9 qu&rsquo;il souffrirait grandement de l&rsquo;impact d&rsquo;une activit\u00e9 aussi destructrice que l&rsquo;exploitation mini\u00e8re en eaux profondes. Il pourrait ne jamais s&rsquo;en remettre compl\u00e8tement.<\/p>\n\n<span class=\"mid-button-fix\"><a class=\"cta-blog-button-mid\" href=\"https:\/\/act.greenpeace.org\/page\/63109\/petition\/1?locale=fr-BE\" target=\"_blank\" rel=\"noopener noreferrer\">Je dis NON \u00e0 l&rsquo;exploitation mini\u00e8re dans les grands fonds marins<\/a><\/span>\n\n<p>Outre le fait que nous avons besoin d&rsquo;oc\u00e9ans sains pour la survie de notre plan\u00e8te, des activit\u00e9s telles que l&rsquo;exploitation mini\u00e8re en eaux profondes entra\u00eeneront une perte irr\u00e9vocable de la biodiversit\u00e9. Le poulpe \u00ab\u00a0Casper\u00a0\u00bb, par exemple, pond ses \u0153ufs dans des \u00e9ponges qui ne se trouvent que sur les nodules de mangan\u00e8se que GSR veut exploiter. Sans oublier que de nombreuses esp\u00e8ces qui vivent dans les profondeurs de la mer sont encore inconnues \u00e0 ce jour.<\/p>\n\n<figure class=\"wp-block-image size-large is-resized  caption-style-medium caption-alignment-center\"><img loading=\"lazy\" decoding=\"async\" src=\"https:\/\/www.greenpeace.org\/static\/planet4-belgium-stateless\/2021\/01\/d9113fb2-gp0sttn9m_web_size.jpg\" alt=\"Exploration mini\u00e8re en eaux profondes : des tests belges pr\u00e9vus dans le Pacifique\" class=\"wp-image-20141\" width=\"999\" height=\"663\"\/><\/figure>\n\n<h3 class=\"wp-block-heading\">Les grands fonds marins doivent rester libres de toute exploitation mini\u00e8re<\/h3>\n\n<p>C&rsquo;est pourquoi nous avons envoy\u00e9 une lettre \u00e0 DEME, la soci\u00e9t\u00e9 m\u00e8re de GSR, lui demandant de ne pas proc\u00e9der aux tests pr\u00e9vus. Les grands fonds marins doivent rester libres de toute exploitation mini\u00e8re, comme l&rsquo;ont d\u00e9j\u00e0 \u00e9crit 30 \u00e9minents scientifiques dans une <a href=\"https:\/\/www.greenpeace.org\/static\/planet4-international-stateless\/2019\/07\/23dc9f03-isa-scientists-letter-2019.pdf\">lettre ouverte<\/a>.<\/p>\n\n<p>Mais en fin de compte, les entreprises comme GSR ne peuvent pas proc\u00e9der \u00e0 de telles activit\u00e9s sans le soutien de gouvernements comme le n\u00f4tre. C&rsquo;est pourquoi nous demandons au ministre Van Quickenborne, qui se pr\u00e9sente comme Blue Leader et protecteur des oc\u00e9ans, de veiller \u00e0 ce que la Belgique cesse de soutenir cette industrie destructrice et fasse r\u00e9ellement de la protection des oc\u00e9ans une priorit\u00e9.<\/p>\n\n<a class=\"cta-blog-button\" href=\"https:\/\/act.greenpeace.org\/page\/63109\/petition\/1?locale=fr-BE\" target=\"_blank\" rel=\"noopener noreferrer\">Demandez \u00e0 notre ministre d\u2019agir<\/a>\n\n<span class=\"shareSocialArea\">\n<a class=\"shareFacebook\" href=\"https:\/\/www.facebook.com\/sharer\/sharer.php?u=https:\/\/www.greenpeace.org\/belgium\/fr\/blog\/21160\/exploration-miniere-en-eaux-profondes-des-tests-belges-prevus-dans-le-pacifique\/\" target=\"_blank\" rel=\"noopener noreferrer\">Je partage sur Facebook<\/a>\n<a class=\"shareTwitter\" href=\"https:\/\/twitter.com\/share?url=https:\/\/www.greenpeace.org\/belgium\/fr\/blog\/21160\/exploration-miniere-en-eaux-profondes-des-tests-belges-prevus-dans-le-pacifique\/&#038;text=Exploration%20mini%C3%A8re%20en%20eaux%20profondes%20%3A%20des%20tests%20belges%20pr%C3%A9vus%20dans%20le%20Pacifique%20-%20Global%20Sea%20Mineral%20Resources%20(GSR),%20soci%C3%A9t%C3%A9%20belge%20d%27exploitation%20mini%C3%A8re%20en%20eaux%20profondes,%20a%20officiellement%20annonc%C3%A9%20son%20intention%20de%20proc%C3%A9der%20%C3%A0%20des%20tests%20%20dans%20une%20partie%20recul%C3%A9e%20de%20l%27oc%C3%A9an%20Pacifique.%20via%20@greenpeace_be&#038;related=greenpeace_be\" target=\"_blank\" rel=\"noopener noreferrer\">Je partage sur Twitter<\/a>\n<a class=\"shareWhatsapp\" href=\"https:\/\/api.whatsapp.com\/send?text=Exploration+mini%C3%A8re+en+eaux+profondes+%3A+des+tests+belges+pr%C3%A9vus+dans+le+Pacifique+https%3A%2F%2Fwww.greenpeace.org%2Fbelgium%2Ffr%2Fblog%2F21160%2Fexploration-miniere-en-eaux-profondes-des-tests-belges-prevus-dans-le-pacifique%2F\" target=\"_blank\" rel=\"noopener noreferrer\">Je partage sur Whatsapp<\/a>\n<\/span>\n\n\n<table class=\"hideme\" style=\"width: 100%;\" width=\"100%\">\n<tbody>\n<tr style=\"width: 100%;\">\n<td class=\"icon\"><a href=\"https:\/\/www.facebook.com\/greenpeace.belgium\" target=\"_blank\" rel=\"noopener noreferrer\">\n<img decoding=\"async\" title=\"Facebook\" src=\"https:\/\/storage.googleapis.com\/planet4-belgium-stateless\/2019\/09\/09281872-fb.png\" alt=\"Facebook\" width=\"100%\">\n<\/a><\/td>\n<td class=\"name\"><a href=\"https:\/\/www.facebook.com\/greenpeace.belgium\" target=\"_blank\" rel=\"noopener noreferrer\">\nFacebook\n<\/a><\/td>\n<td class=\"icon\"><a href=\"https:\/\/www.instagram.com\/greenpeace_be\/\" target=\"_blank\" rel=\"noopener noreferrer\">\n<img decoding=\"async\" title=\"Instagram\" src=\"https:\/\/storage.googleapis.com\/planet4-belgium-stateless\/2019\/09\/89871ad4-insta.png\" alt=\"Instagram\" width=\"100%\">\n<\/a><\/td>\n<td class=\"name\"><a href=\"https:\/\/www.instagram.com\/greenpeace_be\/\" target=\"_blank\" rel=\"noopener noreferrer\">\nInstagram\n<\/a><\/td>\n<td class=\"icon\"><a href=\"https:\/\/twitter.com\/greenpeace_be\" target=\"_blank\" rel=\"noopener noreferrer\">\n<img decoding=\"async\" title=\"Twitter\" src=\"https:\/\/storage.googleapis.com\/planet4-belgium-stateless\/2019\/09\/aebb8c6a-tw.png\" alt=\"Twitter\" width=\"100%\">\n<\/a><\/td>\n<td class=\"name\"><a href=\"https:\/\/twitter.com\/greenpeace_be\" target=\"_blank\" rel=\"noopener noreferrer\">\nTwitter\n<\/a><\/td>\n<td class=\"icon\"><a href=\"https:\/\/www.youtube.com\/user\/GreenpeaceBelgium\" target=\"_blank\" rel=\"noopener noreferrer\">\n<img decoding=\"async\" title=\"YouTube\" src=\"https:\/\/storage.googleapis.com\/planet4-belgium-stateless\/2019\/09\/4fd7759c-yt.png\" alt=\"YouTube\" width=\"100%\">\n<\/a><\/td>\n<td class=\"name\"><a href=\"https:\/\/www.youtube.com\/user\/GreenpeaceBelgium\" target=\"_blank\" rel=\"noopener noreferrer\">\nYouTube\n<\/a><\/td>\n<td class=\"icon\"><a href=\"https:\/\/www.pinterest.com\/greenpeacebe\/\" target=\"_blank\" rel=\"noopener noreferrer\">\n<img decoding=\"async\" title=\"YouTube\" src=\"https:\/\/storage.googleapis.com\/planet4-belgium-stateless\/2020\/05\/4454201c-pinterest.png\" alt=\"Pinterest\" width=\"100%\">\n<\/a><\/td>\n<td class=\"name\"><a href=\"https:\/\/www.pinterest.com\/greenpeacebe\/\" target=\"_blank\" rel=\"noopener noreferrer\">\nPinterest\n<\/a><\/td>\n<\/tr>\n<\/tbody>\n<\/table>\n\n<div class=\"EmptyMessage\">Block content is empty. Check the block&rsquo;s settings or remove it.<\/div>","protected":false},"excerpt":{"rendered":"<p>Global Sea Mineral Resources (GSR), soci\u00e9t\u00e9 belge d&rsquo;exploitation mini\u00e8re en eaux profondes, a officiellement annonc\u00e9 son intention de proc\u00e9der \u00e0 des tests  dans une partie recul\u00e9e de l&rsquo;oc\u00e9an Pacifique.<\/p>\n","protected":false},"author":49,"featured_media":20141,"comment_status":"closed","ping_status":"closed","sticky":false,"template":"","format":"standard","meta":{"ep_exclude_from_search":false,"p4_og_title":"Exploration mini\u00e8re en eaux profondes : des tests belges pr\u00e9vus dans le Pacifique","p4_og_description":"Global Sea Mineral Resources (GSR), soci\u00e9t\u00e9 belge d'exploitation mini\u00e8re en eaux profondes, a officiellement annonc\u00e9 son intention de proc\u00e9der \u00e0 des tests  dans une partie recul\u00e9e de l'oc\u00e9an Pacifique.","p4_og_image":"","p4_og_image_id":"","p4_seo_canonical_url":"","p4_campaign_name":"not set","p4_local_project":"not set","p4_basket_name":"not set","p4_department":"","footnotes":""},"categories":[105],"tags":[82],"p4-page-type":[116],"class_list":["post-21160","post","type-post","status-publish","format-standard","has-post-thumbnail","hentry","category-preserver-la-beaute-de-notre-planete","tag-oceans","p4-page-type-actualites-blog"],"_links":{"self":[{"href":"https:\/\/www.greenpeace.org\/belgium\/fr\/wp-json\/wp\/v2\/posts\/21160","targetHints":{"allow":["GET"]}}],"collection":[{"href":"https:\/\/www.greenpeace.org\/belgium\/fr\/wp-json\/wp\/v2\/posts"}],"about":[{"href":"https:\/\/www.greenpeace.org\/belgium\/fr\/wp-json\/wp\/v2\/types\/post"}],"author":[{"embeddable":true,"href":"https:\/\/www.greenpeace.org\/belgium\/fr\/wp-json\/wp\/v2\/users\/49"}],"replies":[{"embeddable":true,"href":"https:\/\/www.greenpeace.org\/belgium\/fr\/wp-json\/wp\/v2\/comments?post=21160"}],"version-history":[{"count":5,"href":"https:\/\/www.greenpeace.org\/belgium\/fr\/wp-json\/wp\/v2\/posts\/21160\/revisions"}],"predecessor-version":[{"id":25128,"href":"https:\/\/www.greenpeace.org\/belgium\/fr\/wp-json\/wp\/v2\/posts\/21160\/revisions\/25128"}],"wp:featuredmedia":[{"embeddable":true,"href":"https:\/\/www.greenpeace.org\/belgium\/fr\/wp-json\/wp\/v2\/media\/20141"}],"wp:attachment":[{"href":"https:\/\/www.greenpeace.org\/belgium\/fr\/wp-json\/wp\/v2\/media?parent=21160"}],"wp:term":[{"taxonomy":"category","embeddable":true,"href":"https:\/\/www.greenpeace.org\/belgium\/fr\/wp-json\/wp\/v2\/categories?post=21160"},{"taxonomy":"post_tag","embeddable":true,"href":"https:\/\/www.greenpeace.org\/belgium\/fr\/wp-json\/wp\/v2\/tags?post=21160"},{"taxonomy":"p4-page-type","embeddable":true,"href":"https:\/\/www.greenpeace.org\/belgium\/fr\/wp-json\/wp\/v2\/p4-page-type?post=21160"}],"curies":[{"name":"wp","href":"https:\/\/api.w.org\/{rel}","templated":true}]}}