{"id":21225,"date":"2021-03-25T12:25:54","date_gmt":"2021-03-25T11:25:54","guid":{"rendered":"https:\/\/www.greenpeace.org\/belgium\/?p=21225"},"modified":"2023-07-03T12:24:59","modified_gmt":"2023-07-03T11:24:59","slug":"on-est-dans-la-m-stop-a-la-pollution-de-leau","status":"publish","type":"post","link":"https:\/\/www.greenpeace.org\/belgium\/fr\/actualites-blog\/21225\/on-est-dans-la-m-stop-a-la-pollution-de-leau\/","title":{"rendered":"On est dans la m**** : stop \u00e0 la pollution de l\u2019eau !"},"content":{"rendered":"\n<p><strong>Si vous vous \u00eates&nbsp; promen\u00e9 \u00e0 pied ou \u00e0 v\u00e9lo dans les campagnes, vous l\u2019avez s\u00fbrement vu, et surtout senti: les \u00e9pandages d&rsquo;engrais ont commenc\u00e9. Bien s\u00fbr, il n\u2019y a pas d&rsquo;agriculture sans fertilisation. Toutefois, en Flandre, le b\u00e9tail en surnombre produit tellement de d\u00e9jections qu&rsquo;il est impossible pour la nature de les assimiler. Cela entra\u00eene des fraudes et une pollution massive des cours d&rsquo;eau dans les zones agricoles. Arr\u00eatons cette crise. Le gouvernement flamand doit prendre des mesures drastiques pour inverser la tendance.<\/strong><\/p>\n\n<figure class=\"wp-block-image size-large  caption-style-medium caption-alignment-center\"><img loading=\"lazy\" decoding=\"async\" width=\"1024\" height=\"683\" src=\"https:\/\/www.greenpeace.org\/static\/planet4-belgium-stateless\/2021\/03\/c9a703c5-water_pollution-1024x683.jpg\" alt=\"On est dans la m**** : stop \u00e0 la pollution de l\u2019eau !\" class=\"wp-image-21228\" srcset=\"https:\/\/www.greenpeace.org\/static\/planet4-belgium-stateless\/2021\/03\/c9a703c5-water_pollution-1024x683.jpg 1024w, https:\/\/www.greenpeace.org\/static\/planet4-belgium-stateless\/2021\/03\/c9a703c5-water_pollution-300x200.jpg 300w, https:\/\/www.greenpeace.org\/static\/planet4-belgium-stateless\/2021\/03\/c9a703c5-water_pollution-768x512.jpg 768w, https:\/\/www.greenpeace.org\/static\/planet4-belgium-stateless\/2021\/03\/c9a703c5-water_pollution-510x340.jpg 510w, https:\/\/www.greenpeace.org\/static\/planet4-belgium-stateless\/2021\/03\/c9a703c5-water_pollution.jpg 1200w\" sizes=\"auto, (max-width: 1024px) 100vw, 1024px\" \/><\/figure>\n\n<span class=\"mid-button-fix\"><a class=\"cta-blog-button-mid\" href=\"https:\/\/act.greenpeace.org\/page\/78162\/petition\/1?locale=fr-BE\" target=\"_blank\" rel=\"noopener noreferrer\">Soutenez notre demande et signez la p\u00e9tition<\/a><\/span>\n\n<h3 class=\"wp-block-heading\">Qu&rsquo;est-ce que le nitrate ?<\/h3>\n\n<p>Pour bien comprendre le probl\u00e8me, replongeons-nous dans nos cours de biologie. Les plantes ont besoin d&rsquo;<strong>azote (N)<\/strong> pour se d\u00e9velopper. Le <strong>phosphate (P)<\/strong>, comme l&rsquo;azote, sont des nutriments importants pour les plantes ainsi que des composants essentiels de tous les \u00eatres vivants.&nbsp;<\/p>\n\n<p>Pour fertiliser les sols, l&rsquo;agriculture utilise des engrais d\u2019origine animale: le lisier et le fumier&nbsp; qui contiennent du nitrate (NO3), un \u00e9l\u00e9ment nutritif facilement absorbable. Toutefois, le nitrate qui n\u2019est pas absorb\u00e9 par les plantes finit par se retrouver dans les ruisseaux et les rivi\u00e8res.&nbsp;<\/p>\n\n<p><strong>Or, une concentration \u00e9lev\u00e9e de nitrates et de phosphates dans les eaux de surface peut entra\u00eener la prolif\u00e9ration d&rsquo;algues vertes<\/strong> et de lentilles d&rsquo;eau. Ces algues sont nocives pour notre sant\u00e9 ainsi que celle des animaux. De plus, leur pr\u00e9sence croissante r\u00e9duit fortement la biodiversit\u00e9 pr\u00e9sente dans les cours d\u2019eau. En effet, lorsqu&rsquo;elles meurent, les algues entra\u00eenent la formation de \u00ab\u00a0zones mortes\u00a0\u00bb.<\/p>\n\n<h3 class=\"wp-block-heading\">Mauvais \u00e0 quel point ?&nbsp;<\/h3>\n\n<figure class=\"wp-block-image size-large  caption-style-medium caption-alignment-center\"><img loading=\"lazy\" decoding=\"async\" width=\"1024\" height=\"684\" src=\"https:\/\/www.greenpeace.org\/static\/planet4-belgium-stateless\/2021\/03\/9fc36266-water_pollution1-1024x684.jpg\" alt=\"On est dans la m**** : stop \u00e0 la pollution de l\u2019eau !\" class=\"wp-image-21230\" srcset=\"https:\/\/www.greenpeace.org\/static\/planet4-belgium-stateless\/2021\/03\/9fc36266-water_pollution1-1024x684.jpg 1024w, https:\/\/www.greenpeace.org\/static\/planet4-belgium-stateless\/2021\/03\/9fc36266-water_pollution1-300x200.jpg 300w, https:\/\/www.greenpeace.org\/static\/planet4-belgium-stateless\/2021\/03\/9fc36266-water_pollution1-768x513.jpg 768w, https:\/\/www.greenpeace.org\/static\/planet4-belgium-stateless\/2021\/03\/9fc36266-water_pollution1-510x340.jpg 510w, https:\/\/www.greenpeace.org\/static\/planet4-belgium-stateless\/2021\/03\/9fc36266-water_pollution1.jpg 1200w\" sizes=\"auto, (max-width: 1024px) 100vw, 1024px\" \/><\/figure>\n\n<p>Le probl\u00e8me n&rsquo;est pas nouveau, mais les chiffres officiels montrent une d\u00e9t\u00e9rioration constante de la qualit\u00e9 de l&rsquo;eau dans les zones agricoles depuis des ann\u00e9es.&nbsp;<\/p>\n\n<p>La teneur maximale en nitrate recommand\u00e9e par l&rsquo;OMS est de 50 mg par litre.&nbsp;<\/p>\n\n<p>On constate qu\u2019apr\u00e8s une l\u00e9g\u00e8re baisse, en 2013 la teneur en nitrate a atteint un pic beaucoup trop \u00e9lev\u00e9 . Et depuis, environ 20 % des points de surveillance enregistrent, chaque ann\u00e9e, un d\u00e9passement du seuil des 50 mg\/l.&nbsp;<\/p>\n\n<p>Durant l\u2019hiver 2017-2018, jusqu\u2019\u00e0 28%, et en 2018-2019 pas moins de 38% des points de mesure \u00e9taient en infraction. Or le gouvernement flamand, dans son pr\u00e9c\u00e9dent plan d&rsquo;action de gestion des effluents d\u2019\u00e9levage, s&rsquo;\u00e9tait fix\u00e9 comme objectif d&rsquo;avoir un maximum de 5% de points de mesure dans le rouge. On constate donc un \u00e9cart important entre l&rsquo;objectif et la r\u00e9alit\u00e9.<\/p>\n\n<p>L\u2019hiver pass\u00e9 (2019-2020), 32% des points de surveillance avaient d\u00e9pass\u00e9 au moins une fois la valeur seuil de 50 mg de nitrate par litre. Cela pourrait ressembler \u00e0 une l\u00e9g\u00e8re am\u00e9lioration par rapport \u00e0 l&rsquo;ann\u00e9e pr\u00e9c\u00e9dente. Cependant, si on prend en compte d&rsquo;autres indicateurs, on constate en fait une hausse des concentrations moyennes annuelles dans l\u2019eau.&nbsp;<\/p>\n\n<p>En d&rsquo;autres termes, les choses \u00e9voluent dans la mauvaise direction. &nbsp;<\/p>\n\n<h3 class=\"wp-block-heading\">En quoi le nitrate est-il polluant ?<\/h3>\n\n<p>Les nitrates proviennent principalement de l&rsquo;\u00e9pandage de lisier et d\u2019autres engrais chimiques. Les d\u00e9jections produites par les \u00e9levages intensifs flamands (environ 49 millions de porcs, poulets et bovins) sont ing\u00e9rables pour les agriculteurs. Le surplus de fumier\/lisier doit en principe \u00eatre trait\u00e9 selon un protocole strict, mais cela est tr\u00e8s co\u00fbteux pour les \u00e9leveurs. Dans un march\u00e9 o\u00f9 les marges b\u00e9n\u00e9ficiaires sont tr\u00e8s minces, cela peut facilement mener \u00e0 des fraudes: les effluents sont d\u00e9vers\u00e9s sur des terres d\u00e9j\u00e0 surfertilis\u00e9es, gorg\u00e9es de nitrates. Le syst\u00e8me de fermes-usines est intenable si on veut rester dans les limites que la nature peut absorber. Il est donc essentiel de r\u00e9duire le cheptel et de revenir \u00e0 un \u00e9levage \u00e0 taille humaine.<\/p>\n\n<p>Lorsque l&rsquo;on compare sur une carte les points de mesure dans le rouge et les communes \u00e0 forte concentration de b\u00e9tail, on constate une <a href=\"https:\/\/www.greenpeace.org\/static\/planet4-belgium-stateless\/2019\/05\/80b6e3f0-correlatie_intensieve_veeteelt_watervervuiling_vlaanderen.pdf\">corr\u00e9lation marquante entre l&rsquo;\u00e9levage intensif et la pollution de l&rsquo;eau<\/a>.&nbsp;<\/p>\n\n<p>Certains attribuent ces mauvais r\u00e9sultats aux p\u00e9riodes d\u2019<strong>extr\u00eame s\u00e9cheresse<\/strong> que nous avons connues ces derni\u00e8res ann\u00e9es. Les agriculteurs r\u00e9pandent du fumier sur leurs champs en pr\u00e9vision d\u2019un \u00ab\u00a0\u00e9t\u00e9 normal\u00a0\u00bb avec des pr\u00e9cipitations suffisantes. Cependant, lors des longues p\u00e9riodes de s\u00e9cheresse, les cultures poussent moins bien, entra\u00eenant une moins bonne absorption de l&rsquo;azote et du phosphore. Par cons\u00e9quent, une plus grande quantit\u00e9 de ces composants reste sur le sol et pollue les eaux de surface.&nbsp;<\/p>\n\n<p>Il est vrai que la s\u00e9cheresse joue un r\u00f4le, mais elle ne doit pas \u00eatre une excuse pour autant. Les p\u00e9riodes de s\u00e9cheresse sont malheureusement une r\u00e9alit\u00e9, directement li\u00e9e au r\u00e9chauffement climatique. Si l\u2019impact des s\u00e9cheresses est tel, notre gouvernement doit s&rsquo;adapter et prendre des mesures plus radicales.&nbsp;<\/p>\n\n<p>Une autre explication couramment entendue : certains \u00ab\u00a0cow-boys\u00a0\u00bb ou gros acteurs fraudent et salissent l\u2019ensemble du secteur. Les <strong>mauvaises pratiques de fertilisation et la fraude au lisier<\/strong> jouent un r\u00f4le dans la mauvaise qualit\u00e9 de l&rsquo;eau. C&rsquo;est pourquoi il est important de <a href=\"https:\/\/www.vrt.be\/vrtnws\/nl\/2021\/02\/11\/mestfraude-onderzoek\/\">mettre en place des mesures s\u00e9v\u00e8res pour contrecarrer ces pratiques<\/a>. Cependant, cette fraude n&rsquo;est que la cons\u00e9quence d&rsquo;une politique agricole d\u00e9faillante. C\u2019est un sympt\u00f4me. Le racine du probl\u00e8me: une quantit\u00e9 de b\u00e9tail beaucoup trop importante pour un territoire comme la Flandre.&nbsp;<\/p>\n\n<p>Dans la lutte pour une eau plus propre, nous avons besoin de diminuer drastiquement le nombre de fermes-usines et d\u2019augmenter les pratiques d&rsquo;agriculture agro-\u00e9cologique pr\u00e9servant les sols. C&rsquo;est \u00e9galement ce que confirme l&rsquo;Agence europ\u00e9enne pour l&rsquo;environnement dans son <a href=\"https:\/\/www.eea.europa.eu\/highlights\/agricultural-policy-needs-to-secure\">nouveau rapport<\/a>.<\/p>\n\n<h3 class=\"wp-block-heading\">Soutenez nos agriculteur.trice.s<\/h3>\n\n<p>Le mod\u00e8le agricole flamand actuel est non seulement inefficace face \u00e0 la crise climatique et celle de la biodiversit\u00e9, mais il entra\u00eene \u00e9galement des abus sociaux. Les agriculteurs sont enferm\u00e9s dans un mod\u00e8le de croissance qui les pousse \u00e0 s&rsquo;endetter toujours plus. Ceux-ci se retrouvent trop souvent la corde au cou face aux frais de gestion des effluents toujours plus \u00e9lev\u00e9s, entra\u00eenant parfois des fraudes.&nbsp;<\/p>\n\n<p>La transition vers une agriculture plus \u00e9cologique va donc toujours de pair avec un soutien financier et des compensations pour nos agriculteur.trice.s, que ce soit au niveau flamand, ou au niveau europ\u00e9en.&nbsp;<\/p>\n\n<h3 class=\"wp-block-heading\">De la crise \u00e9cologique \u00e0 la solution<\/h3>\n\n<p>Tout comme les Pays-Bas, la Flandre est en pleine crise : la qualit\u00e9 de l&rsquo;eau se d\u00e9t\u00e9riore et nous \u00e9touffons sous l&rsquo;azote. Le<em> <\/em>Conseil pour les contestations de permis (RvVb)<em> <\/em>l&rsquo;a d\u2019ailleurs r\u00e9cemment confirm\u00e9 dans <a href=\"https:\/\/www.vrt.be\/vrtnws\/nl\/2021\/02\/27\/kippenstal-kortessem\/\"><em>son arr\u00eat dit \u00ab azote \u00bb<\/em><\/a>. Des r\u00e9formes structurelles &#8211; telles que la r\u00e9duction de nos cheptels &#8211; sont devenues in\u00e9vitables pour prot\u00e9ger notre nature.&nbsp;<\/p>\n\n<p>Nous voulons donc :<\/p>\n\n<ul class=\"wp-block-list\">\n<li><strong>Une solution qui s&rsquo;attaque \u00e0 la racine du probl\u00e8me des effluents d\u2019\u00e9levage, avec des mesures de r\u00e9duction du cheptel et un soutien aux agriculteurs concern\u00e9s.<\/strong><\/li>\n\n\n\n<li><strong>La fin des fermes-usines et une augmentation de l\u2019agriculture agro-\u00e9cologique sur le terrain.<\/strong><\/li>\n<\/ul>\n\n<p>D\u00e9but mars, Greenpeace a envoy\u00e9 une mise en demeure \u00e0 la Ministre flamande de l&rsquo;Environnement, Zuhal Demir. Le gouvernement flamand dispose de 30 jours pour r\u00e9pondre. Sinon, nous nous rendrons au tribunal afin de nous battre pour une meilleure qualit\u00e9 de l&rsquo;eau.<\/p>\n\n<a class=\"cta-blog-button\" href=\"https:\/\/act.greenpeace.org\/page\/78162\/petition\/1?locale=fr-BE\" target=\"_blank\" rel=\"noopener noreferrer\">Soutenez notre demande, signez la p\u00e9tition !<\/a>\n\n<span class=\"shareSocialArea\">\n<a class=\"shareFacebook\" href=\"https:\/\/www.facebook.com\/sharer\/sharer.php?u=https:\/\/www.greenpeace.org\/belgium\/fr\/blog\/21225\/on-est-dans-la-m-stop-a-la-pollution-de-leau\/\" target=\"_blank\" rel=\"noopener noreferrer\">Je partage sur Facebook<\/a>\n<a class=\"shareTwitter\" href=\"https:\/\/twitter.com\/share?url=https:\/\/www.greenpeace.org\/belgium\/fr\/blog\/21225\/on-est-dans-la-m-stop-a-la-pollution-de-leau\/&amp;text=On%20est%20dans%20la%20m%2A%2A%2A%2A%20%3A%20stop%20%C3%A0%20la%20pollution%20de%20l%E2%80%99eau%20%21%20-%20En%20Flandre%20principalement,%20l%27%C3%A9norme%20quantit%C3%A9%20de%20b%C3%A9tail%20produit%20tellement%20de%20d%C3%A9jections%20qu%27il%20est%20impossible%20de%20traiter%20tout%20ce%20fumier.%20Cela%20entra%C3%AEne%20une%20pollution%20massive%20des%20cours%20d%27eau%20et%20des%20rivi%C3%A8res%20dans%20les%20zones%20agricoles.%20via%20@greenpeace_be&amp;related=greenpeace_be\" target=\"_blank\" rel=\"noopener noreferrer\">Je partage sur Twitter<\/a>\n<a class=\"shareWhatsapp\" href=\"https:\/\/api.whatsapp.com\/send?text=On+est+dans+la+m%2A%2A%2A%2A+%3A+stop+%C3%A0+la+pollution+de+l%E2%80%99eau+%21+https%3A%2F%2Fwww.greenpeace.org%2Fbelgium%2Ffr%2Fblog%2F21225%2Fon-est-dans-la-m-stop-a-la-pollution-de-leau%2F\" target=\"_blank\" rel=\"noopener noreferrer\">Je partage sur Whatsapp<\/a>\n<\/span>\n\n<table class=\"hideme\" style=\"width: 100%;\" width=\"100%\">\n<tbody>\n<tr style=\"width: 100%;\">\n<td class=\"icon\"><a href=\"https:\/\/www.facebook.com\/greenpeace.belgium\" target=\"_blank\" rel=\"noopener noreferrer\">\n<img decoding=\"async\" title=\"Facebook\" src=\"https:\/\/storage.googleapis.com\/planet4-belgium-stateless\/2019\/09\/09281872-fb.png\" alt=\"Facebook\" width=\"100%\">\n<\/a><\/td>\n<td class=\"name\"><a href=\"https:\/\/www.facebook.com\/greenpeace.belgium\" target=\"_blank\" rel=\"noopener noreferrer\">\nFacebook\n<\/a><\/td>\n<td class=\"icon\"><a href=\"https:\/\/www.instagram.com\/greenpeace_be\/\" target=\"_blank\" rel=\"noopener noreferrer\">\n<img decoding=\"async\" title=\"Instagram\" src=\"https:\/\/storage.googleapis.com\/planet4-belgium-stateless\/2019\/09\/89871ad4-insta.png\" alt=\"Instagram\" width=\"100%\">\n<\/a><\/td>\n<td class=\"name\"><a href=\"https:\/\/www.instagram.com\/greenpeace_be\/\" target=\"_blank\" rel=\"noopener noreferrer\">\nInstagram\n<\/a><\/td>\n<td class=\"icon\"><a href=\"https:\/\/twitter.com\/greenpeace_be\" target=\"_blank\" rel=\"noopener noreferrer\">\n<img decoding=\"async\" title=\"Twitter\" src=\"https:\/\/storage.googleapis.com\/planet4-belgium-stateless\/2019\/09\/aebb8c6a-tw.png\" alt=\"Twitter\" width=\"100%\">\n<\/a><\/td>\n<td class=\"name\"><a href=\"https:\/\/twitter.com\/greenpeace_be\" target=\"_blank\" rel=\"noopener noreferrer\">\nTwitter\n<\/a><\/td>\n<td class=\"icon\"><a href=\"https:\/\/www.youtube.com\/user\/GreenpeaceBelgium\" target=\"_blank\" rel=\"noopener noreferrer\">\n<img decoding=\"async\" title=\"YouTube\" src=\"https:\/\/storage.googleapis.com\/planet4-belgium-stateless\/2019\/09\/4fd7759c-yt.png\" alt=\"YouTube\" width=\"100%\">\n<\/a><\/td>\n<td class=\"name\"><a href=\"https:\/\/www.youtube.com\/user\/GreenpeaceBelgium\" target=\"_blank\" rel=\"noopener noreferrer\">\nYouTube\n<\/a><\/td>\n<td class=\"icon\"><a href=\"https:\/\/www.pinterest.com\/greenpeacebe\/\" target=\"_blank\" rel=\"noopener noreferrer\">\n<img decoding=\"async\" title=\"YouTube\" src=\"https:\/\/storage.googleapis.com\/planet4-belgium-stateless\/2020\/05\/4454201c-pinterest.png\" alt=\"Pinterest\" width=\"100%\">\n<\/a><\/td>\n<td class=\"name\"><a href=\"https:\/\/www.pinterest.com\/greenpeacebe\/\" target=\"_blank\" rel=\"noopener noreferrer\">\nPinterest\n<\/a><\/td>\n<\/tr>\n<\/tbody>\n<\/table>\n<div class=\"EmptyMessage\">Block content is empty. Check the block&rsquo;s settings or remove it.<\/div>","protected":false},"excerpt":{"rendered":"<p>En Flandre principalement, l&rsquo;\u00e9norme quantit\u00e9 de b\u00e9tail produit tellement de d\u00e9jections qu&rsquo;il est impossible de traiter tout ce fumier. Cela entra\u00eene une pollution massive des cours d&rsquo;eau et des rivi\u00e8res dans les zones agricoles.<\/p>\n","protected":false},"author":49,"featured_media":21228,"comment_status":"closed","ping_status":"closed","sticky":false,"template":"","format":"standard","meta":{"ep_exclude_from_search":false,"p4_og_title":"On est dans la m**** : stop \u00e0 la pollution de l\u2019eau !","p4_og_description":"En Flandre principalement, l'\u00e9norme quantit\u00e9 de b\u00e9tail produit tellement de d\u00e9jections qu'il est impossible de traiter tout ce fumier. Cela entra\u00eene une pollution massive des cours d'eau et des rivi\u00e8res dans les zones agricoles.","p4_og_image":"","p4_og_image_id":"","p4_seo_canonical_url":"","p4_campaign_name":"not set","p4_local_project":"not set","p4_basket_name":"not set","p4_department":"","footnotes":""},"categories":[150,106],"tags":[85],"p4-page-type":[116],"class_list":["post-21225","post","type-post","status-publish","format-standard","has-post-thumbnail","hentry","category-actualites","category-il-est-encore-temps","tag-agriculture","p4-page-type-actualites-blog"],"_links":{"self":[{"href":"https:\/\/www.greenpeace.org\/belgium\/fr\/wp-json\/wp\/v2\/posts\/21225","targetHints":{"allow":["GET"]}}],"collection":[{"href":"https:\/\/www.greenpeace.org\/belgium\/fr\/wp-json\/wp\/v2\/posts"}],"about":[{"href":"https:\/\/www.greenpeace.org\/belgium\/fr\/wp-json\/wp\/v2\/types\/post"}],"author":[{"embeddable":true,"href":"https:\/\/www.greenpeace.org\/belgium\/fr\/wp-json\/wp\/v2\/users\/49"}],"replies":[{"embeddable":true,"href":"https:\/\/www.greenpeace.org\/belgium\/fr\/wp-json\/wp\/v2\/comments?post=21225"}],"version-history":[{"count":9,"href":"https:\/\/www.greenpeace.org\/belgium\/fr\/wp-json\/wp\/v2\/posts\/21225\/revisions"}],"predecessor-version":[{"id":53083,"href":"https:\/\/www.greenpeace.org\/belgium\/fr\/wp-json\/wp\/v2\/posts\/21225\/revisions\/53083"}],"wp:featuredmedia":[{"embeddable":true,"href":"https:\/\/www.greenpeace.org\/belgium\/fr\/wp-json\/wp\/v2\/media\/21228"}],"wp:attachment":[{"href":"https:\/\/www.greenpeace.org\/belgium\/fr\/wp-json\/wp\/v2\/media?parent=21225"}],"wp:term":[{"taxonomy":"category","embeddable":true,"href":"https:\/\/www.greenpeace.org\/belgium\/fr\/wp-json\/wp\/v2\/categories?post=21225"},{"taxonomy":"post_tag","embeddable":true,"href":"https:\/\/www.greenpeace.org\/belgium\/fr\/wp-json\/wp\/v2\/tags?post=21225"},{"taxonomy":"p4-page-type","embeddable":true,"href":"https:\/\/www.greenpeace.org\/belgium\/fr\/wp-json\/wp\/v2\/p4-page-type?post=21225"}],"curies":[{"name":"wp","href":"https:\/\/api.w.org\/{rel}","templated":true}]}}