{"id":21374,"date":"2021-04-02T11:31:05","date_gmt":"2021-04-02T10:31:05","guid":{"rendered":"https:\/\/www.greenpeace.org\/belgium\/?p=21374"},"modified":"2021-12-01T14:00:31","modified_gmt":"2021-12-01T13:00:31","slug":"le-compteur-numerique-panacee-ou-fleau","status":"publish","type":"post","link":"https:\/\/www.greenpeace.org\/belgium\/fr\/actualites-blog\/21374\/le-compteur-numerique-panacee-ou-fleau\/","title":{"rendered":"Le compteur num\u00e9rique : panac\u00e9e ou fl\u00e9au ?"},"content":{"rendered":"\n<p><strong>Compteur num\u00e9rique, compteur intelligent ou compteur double flux : trois noms pour un m\u00eame appareil. Certains propri\u00e9taires de panneaux solaires fr\u00e9missent d\u00e9j\u00e0 en entendant ces mots, car ils craignent une augmentation de leur facture d\u2019\u00e9lectricit\u00e9. D\u2019autres au contraire voient dans le compteur num\u00e9rique de nombreuses possibilit\u00e9s pour r\u00e9duire consid\u00e9rablement leur facture. Dans<a href=\"https:\/\/act.greenpeace.org\/page\/74516\/action\/1?locale=fr-BE&amp;_ga=2.245141509.1098300436.1616336929-1997536609.1616336929\"> notre p\u00e9tition<\/a>, nous demandons de ne pas retarder le d\u00e9ploiement du compteur num\u00e9rique. Pourquoi ? Nous sommes heureux de pouvoir vous l\u2019expliquer !&nbsp;<\/strong><\/p>\n\n<span class=\"mid-button-fix\"><a class=\"cta-blog-button-mid\" href=\"https:\/\/act.greenpeace.org\/page\/74516\/action\/1?locale=fr-BE\" target=\"_blank\" rel=\"noopener noreferrer\">Je signe la p\u00e9tition<\/a><\/span>\n\n<h3 class=\"wp-block-heading\">Qu\u2019est-ce qu\u2019un compteur num\u00e9rique ?<\/h3>\n\n<p>Il y a de fortes chances que votre maison soit encore \u00e9quip\u00e9e d\u2019un compteur ordinaire ou analogique avec un indicateur r\u00e9versible. Ce compteur augmente lorsque vous consommez de l\u2019\u00e9lectricit\u00e9 du r\u00e9seau et diminue lorsque vous injectez de l\u2019\u00e9lectricit\u00e9 non consomm\u00e9e sur le r\u00e9seau, provenant par exemple de panneaux solaires.&nbsp;<\/p>\n\n<p>Un compteur num\u00e9rique mesure s\u00e9par\u00e9ment l\u2019\u00e9lectricit\u00e9 que vous pr\u00e9levez sur le r\u00e9seau et celle que vous lui rendez. En outre, un compteur num\u00e9rique peut lire ces donn\u00e9es \u00e0 intervalles tr\u00e8s courts, par exemple de quinze minutes.&nbsp;<\/p>\n\n<h3 class=\"wp-block-heading\">Quelques diff\u00e9rences r\u00e9gionales&nbsp;<\/h3>\n\n<figure class=\"wp-block-image size-large  caption-style-medium caption-alignment-center\"><img loading=\"lazy\" decoding=\"async\" width=\"999\" height=\"663\" src=\"https:\/\/www.greenpeace.org\/static\/planet4-belgium-stateless\/2021\/02\/698c21b1-impact_report_2020_1.jpg\" alt=\"Le compteur num\u00e9rique : panac\u00e9e ou fl\u00e9au ?\" class=\"wp-image-20402\" srcset=\"https:\/\/www.greenpeace.org\/static\/planet4-belgium-stateless\/2021\/02\/698c21b1-impact_report_2020_1.jpg 999w, https:\/\/www.greenpeace.org\/static\/planet4-belgium-stateless\/2021\/02\/698c21b1-impact_report_2020_1-300x199.jpg 300w, https:\/\/www.greenpeace.org\/static\/planet4-belgium-stateless\/2021\/02\/698c21b1-impact_report_2020_1-768x510.jpg 768w, https:\/\/www.greenpeace.org\/static\/planet4-belgium-stateless\/2021\/02\/698c21b1-impact_report_2020_1-510x338.jpg 510w\" sizes=\"auto, (max-width: 999px) 100vw, 999px\" \/><\/figure>\n\n<p>L\u2019introduction du compteur num\u00e9rique ne se fait pas de mani\u00e8re identique dans toutes les r\u00e9gions. \u00c0 Bruxelles, le compteur num\u00e9rique est obligatoire pour toute nouvelle installation de panneaux solaires depuis 2020, et les compteurs analogiques font l\u2019objet d\u2019une campagne de remplacement active. En Flandre, le compteur num\u00e9rique est obligatoire pour les nouveaux panneaux solaires depuis janvier 2021, mais il est encore possible de demander un report jusqu\u2019en 2025 pour les installations plus anciennes. En Wallonie, le d\u00e9ploiement du compteur num\u00e9rique se fait toujours attendre.&nbsp;<\/p>\n\n<p>La tarification, c\u2019est-\u00e0-dire ce qui appara\u00eetra sur votre facture d\u2019\u00e9lectricit\u00e9, d\u00e9pend \u00e9galement de votre lieu de r\u00e9sidence. Il s\u2019agit d\u2019une question complexe impliquant \u00e0 la fois les autorit\u00e9s f\u00e9d\u00e9rales et r\u00e9gionales et les r\u00e9gulateurs. Avec un compteur num\u00e9rique, vous pouvez soit compenser l\u2019\u00e9nergie que vous achetez ou injectez sur le r\u00e9seau jusqu\u2019\u00e0 atteindre z\u00e9ro (comme avec le compteur r\u00e9versible), soit comptabiliser les deux s\u00e9par\u00e9ment. Une modification des tarifs n\u2019est donc pas la cons\u00e9quence de l\u2019introduction du compteur num\u00e9rique, mais bien d\u2019un choix politique.<\/p>\n\n<p>Malheureusement, trop de parties sont impliqu\u00e9es, et de nombreux co\u00fbts suppl\u00e9mentaires sont venus s\u2019ajouter \u00e0 la facture d\u2019\u00e9lectricit\u00e9 ces derni\u00e8res ann\u00e9es. En ce qui nous concerne, le temps est venu de faire un grand nettoyage ! Il est \u00e9galement n\u00e9cessaire de transf\u00e9rer une partie de la charge financi\u00e8re de l\u2019\u00e9lectricit\u00e9 vers le mazout et le gaz fossile. La facture d\u2019\u00e9lectricit\u00e9 s\u2019en trouvera ainsi all\u00e9g\u00e9e, et passer \u00e0 un chauffage plus durable par pompe \u00e0 chaleur sera financi\u00e8rement plus int\u00e9ressant, ce qui est \u00e0 la fois positif pour notre portefeuille et pour le climat.<\/p>\n\n<h3 class=\"wp-block-heading\">Alors, pourquoi le compteur num\u00e9rique ?<\/h3>\n\n<p>Le compteur num\u00e9rique ouvre tout un monde de possibilit\u00e9s. Vous pouvez suivre votre profil de consommation et voir quand vous consommez beaucoup d\u2019\u00e9nergie et quels appareils y contribuent. Si vous voulez aller plus loin, vous pouvez opter pour un contrat d\u2019\u00e9lectricit\u00e9 dynamique, par lequel vous payez le prix de l\u2019\u00e9lectricit\u00e9 au moment o\u00f9 vous la pr\u00e9levez sur le r\u00e9seau. Cela peut s\u2019av\u00e9rer particuli\u00e8rement int\u00e9ressant pour les propri\u00e9taires d\u2019une voiture \u00e9lectrique ou d\u2019une pompe \u00e0 chaleur, qui peuvent ainsi adapter leur consommation aux p\u00e9riodes de bas prix de l\u2019\u00e9lectricit\u00e9.&nbsp;<\/p>\n\n<p>La consommation d&rsquo;\u00e9lectricit\u00e9 \u00e9tant mieux r\u00e9partie tout au long de la journ\u00e9e, il faut moins de capacit\u00e9 de pointe (comme les centrales \u00e0 gaz) pour r\u00e9pondre \u00e0 la demande aux heures g\u00e9n\u00e9ralement les plus convoit\u00e9es. Et comme la charge sur le r\u00e9seau est ainsi mieux r\u00e9partie, il faudra investir moins vite dans son renforcement, un co\u00fbt qui est r\u00e9percut\u00e9 sur la facture d&rsquo;\u00e9lectricit\u00e9.<\/p>\n\n<p>Enfin, la transposition de la \u00ab directive europ\u00e9enne sur les \u00e9nergies renouvelables \u00bb offre \u00e9galement de nombreuses nouvelles possibilit\u00e9s impossibles \u00e0 concr\u00e9tiser sans compteur num\u00e9rique. Par exemple, acheter, vendre et \u00e9changer de l\u2019\u00e9lectricit\u00e9 au sein d\u2019une communaut\u00e9 \u00e9nerg\u00e9tique sera bient\u00f4t possible. Les \u00e9coles, les habitants, les petites entreprises, etc. pourront \u00e9changer de l\u2019\u00e9lectricit\u00e9 entre eux, ce qui peut \u00eatre tr\u00e8s int\u00e9ressant financi\u00e8rement pour les familles, qu\u2019elles soient \u00e9quip\u00e9es de panneaux solaires ou non.&nbsp;<\/p>\n\n<h3 class=\"wp-block-heading\">Signez notre p\u00e9tition\u2009!<\/h3>\n\n<p>Le compteur num\u00e9rique est un maillon indispensable de la transition \u00e9nerg\u00e9tique, et ouvre tout un monde de possibilit\u00e9s. Avec ou sans panneaux solaires, ceux qui utilisent intelligemment leur compteur num\u00e9rique, peuvent r\u00e9aliser des \u00e9conomies substantielles. Nous sommes donc<a href=\"https:\/\/act.greenpeace.org\/page\/74516\/action\/1?locale=fr-BE&amp;_ga=2.245141509.1098300436.1616336929-1997536609.1616336929\"> demandeurs<\/a> du d\u00e9ploiement rapide du compteur num\u00e9rique, en donnant la priorit\u00e9 aux propri\u00e9taires de panneaux solaires et aux membres des communaut\u00e9s d&rsquo;\u00e9nergie qui souhaitent exploiter activement ce type de compteurs. Le d\u00e9ploiement du compteur num\u00e9rique doit \u00eatre totalement gratuit, y compris pour ceux qui en font eux-m\u00eames la demande. \u00c0 terme, tout le monde passera au compteur num\u00e9rique.\u00a0<\/p>\n\n<p>Pour rendre possibles de nouveaux mod\u00e8les, comme le partage de l\u2019\u00e9nergie, les communaut\u00e9s d&rsquo;\u00e9nergie et les contrats dynamiques, les gouvernements doivent d\u00e9ployer le compteur num\u00e9rique de mani\u00e8re optimale, rapide et d\u00e9mocratique. Si vous soutenez nos revendications en faveur des communaut\u00e9s d&rsquo;\u00e9nergie et pour une transition \u00e9nerg\u00e9tique rapide, merci de signer<a href=\"https:\/\/act.greenpeace.org\/page\/74516\/action\/1?locale=fr-BE&amp;_ga=2.245141509.1098300436.1616336929-1997536609.1616336929\"> notre p\u00e9tition.<\/a>\u00a0<\/p>\n\n<a class=\"cta-blog-button\" href=\"https:\/\/act.greenpeace.org\/page\/74516\/action\/1?locale=fr-BE\" target=\"_blank\" rel=\"noopener noreferrer\">Je signe la p\u00e9tition<\/a>\n\n<span class=\"shareSocialArea\">\n<a class=\"shareFacebook\" href=\"https:\/\/www.facebook.com\/sharer\/sharer.php?u=https:\/\/www.greenpeace.org\/belgium\/fr\/blog\/21374\/le-compteur-numerique-panacee-ou-fleau\/\" target=\"_blank\" rel=\"noopener noreferrer\">Je partage sur Facebook<\/a>\n<a class=\"shareTwitter\" href=\"https:\/\/twitter.com\/share?url=https:\/\/www.greenpeace.org\/belgium\/fr\/blog\/21374\/le-compteur-numerique-panacee-ou-fleau\/&amp;text=Le%20compteur%20num%C3%A9rique%20%3A%20panac%C3%A9e%20ou%20fl%C3%A9au%20%3F%20-%20Compteur%20num%C3%A9rique,%20compteur%20intelligent%20ou%20compteur%20double%20flux%20:%20trois%20noms%20pour%20un%20m%C3%AAme%20appareil.%20Nous%20demandons%20de%20ne%20pas%20retarder%20le%20d%C3%A9ploiement%20du%20compteur%20num%C3%A9rique.%20Pourquoi%20?%20Nous%20sommes%20heureux%20de%20pouvoir%20vous%20l%E2%80%99expliquer%20!%20via%20@greenpeace_be&amp;related=greenpeace_be\" target=\"_blank\" rel=\"noopener noreferrer\">Je partage sur Twitter<\/a>\n<a class=\"shareWhatsapp\" href=\"https:\/\/api.whatsapp.com\/send?text=Le+compteur+num%C3%A9rique+%3A+panac%C3%A9e+ou+fl%C3%A9au+%3F+https%3A%2F%2Fwww.greenpeace.org%2Fbelgium%2Ffr%2Fblog%2F21374%2Fle-compteur-numerique-panacee-ou-fleau%2F\" target=\"_blank\" rel=\"noopener noreferrer\">Je partage sur Whatsapp<\/a>\n<\/span>\n\n<table class=\"hideme\" style=\"width: 100%;\" width=\"100%\">\n<tbody>\n<tr style=\"width: 100%;\">\n<td class=\"icon\"><a href=\"https:\/\/www.facebook.com\/greenpeace.belgium\" target=\"_blank\" rel=\"noopener noreferrer\">\n<img decoding=\"async\" title=\"Facebook\" src=\"https:\/\/storage.googleapis.com\/planet4-belgium-stateless\/2019\/09\/09281872-fb.png\" alt=\"Facebook\" width=\"100%\">\n<\/a><\/td>\n<td class=\"name\"><a href=\"https:\/\/www.facebook.com\/greenpeace.belgium\" target=\"_blank\" rel=\"noopener noreferrer\">\nFacebook\n<\/a><\/td>\n<td class=\"icon\"><a href=\"https:\/\/www.instagram.com\/greenpeace_be\/\" target=\"_blank\" rel=\"noopener noreferrer\">\n<img decoding=\"async\" title=\"Instagram\" src=\"https:\/\/storage.googleapis.com\/planet4-belgium-stateless\/2019\/09\/89871ad4-insta.png\" alt=\"Instagram\" width=\"100%\">\n<\/a><\/td>\n<td class=\"name\"><a href=\"https:\/\/www.instagram.com\/greenpeace_be\/\" target=\"_blank\" rel=\"noopener noreferrer\">\nInstagram\n<\/a><\/td>\n<td class=\"icon\"><a href=\"https:\/\/twitter.com\/greenpeace_be\" target=\"_blank\" rel=\"noopener noreferrer\">\n<img decoding=\"async\" title=\"Twitter\" src=\"https:\/\/storage.googleapis.com\/planet4-belgium-stateless\/2019\/09\/aebb8c6a-tw.png\" alt=\"Twitter\" width=\"100%\">\n<\/a><\/td>\n<td class=\"name\"><a href=\"https:\/\/twitter.com\/greenpeace_be\" target=\"_blank\" rel=\"noopener noreferrer\">\nTwitter\n<\/a><\/td>\n<td class=\"icon\"><a href=\"https:\/\/www.youtube.com\/user\/GreenpeaceBelgium\" target=\"_blank\" rel=\"noopener noreferrer\">\n<img decoding=\"async\" title=\"YouTube\" src=\"https:\/\/storage.googleapis.com\/planet4-belgium-stateless\/2019\/09\/4fd7759c-yt.png\" alt=\"YouTube\" width=\"100%\">\n<\/a><\/td>\n<td class=\"name\"><a href=\"https:\/\/www.youtube.com\/user\/GreenpeaceBelgium\" target=\"_blank\" rel=\"noopener noreferrer\">\nYouTube\n<\/a><\/td>\n<td class=\"icon\"><a href=\"https:\/\/www.pinterest.com\/greenpeacebe\/\" target=\"_blank\" rel=\"noopener noreferrer\">\n<img decoding=\"async\" title=\"YouTube\" src=\"https:\/\/storage.googleapis.com\/planet4-belgium-stateless\/2020\/05\/4454201c-pinterest.png\" alt=\"Pinterest\" width=\"100%\">\n<\/a><\/td>\n<td class=\"name\"><a href=\"https:\/\/www.pinterest.com\/greenpeacebe\/\" target=\"_blank\" rel=\"noopener noreferrer\">\nPinterest\n<\/a><\/td>\n<\/tr>\n<\/tbody>\n<\/table>\n<div class=\"EmptyMessage\">Block content is empty. Check the block&rsquo;s settings or remove it.<\/div>","protected":false},"excerpt":{"rendered":"<p>Compteur num\u00e9rique, compteur intelligent ou compteur double flux : trois noms pour un m\u00eame appareil. Nous demandons de ne pas retarder le d\u00e9ploiement du compteur num\u00e9rique. Pourquoi ? Nous sommes heureux de pouvoir vous l\u2019expliquer ! <\/p>\n","protected":false},"author":49,"featured_media":20402,"comment_status":"closed","ping_status":"closed","sticky":false,"template":"","format":"standard","meta":{"ep_exclude_from_search":false,"p4_og_title":"Le compteur num\u00e9rique : panac\u00e9e ou fl\u00e9au ?","p4_og_description":"Compteur num\u00e9rique, compteur intelligent ou compteur double flux : trois noms pour un m\u00eame appareil. Nous demandons de ne pas retarder le d\u00e9ploiement du compteur num\u00e9rique. Pourquoi ? Nous sommes heureux de pouvoir vous l\u2019expliquer ! ","p4_og_image":"","p4_og_image_id":"","p4_seo_canonical_url":"","p4_campaign_name":"not set","p4_local_project":"not set","p4_basket_name":"not set","p4_department":"","footnotes":""},"categories":[104],"tags":[70],"p4-page-type":[116],"class_list":["post-21374","post","type-post","status-publish","format-standard","has-post-thumbnail","hentry","category-petits-changements-grandes-consequences","tag-energie","p4-page-type-actualites-blog"],"_links":{"self":[{"href":"https:\/\/www.greenpeace.org\/belgium\/fr\/wp-json\/wp\/v2\/posts\/21374","targetHints":{"allow":["GET"]}}],"collection":[{"href":"https:\/\/www.greenpeace.org\/belgium\/fr\/wp-json\/wp\/v2\/posts"}],"about":[{"href":"https:\/\/www.greenpeace.org\/belgium\/fr\/wp-json\/wp\/v2\/types\/post"}],"author":[{"embeddable":true,"href":"https:\/\/www.greenpeace.org\/belgium\/fr\/wp-json\/wp\/v2\/users\/49"}],"replies":[{"embeddable":true,"href":"https:\/\/www.greenpeace.org\/belgium\/fr\/wp-json\/wp\/v2\/comments?post=21374"}],"version-history":[{"count":6,"href":"https:\/\/www.greenpeace.org\/belgium\/fr\/wp-json\/wp\/v2\/posts\/21374\/revisions"}],"predecessor-version":[{"id":25114,"href":"https:\/\/www.greenpeace.org\/belgium\/fr\/wp-json\/wp\/v2\/posts\/21374\/revisions\/25114"}],"wp:featuredmedia":[{"embeddable":true,"href":"https:\/\/www.greenpeace.org\/belgium\/fr\/wp-json\/wp\/v2\/media\/20402"}],"wp:attachment":[{"href":"https:\/\/www.greenpeace.org\/belgium\/fr\/wp-json\/wp\/v2\/media?parent=21374"}],"wp:term":[{"taxonomy":"category","embeddable":true,"href":"https:\/\/www.greenpeace.org\/belgium\/fr\/wp-json\/wp\/v2\/categories?post=21374"},{"taxonomy":"post_tag","embeddable":true,"href":"https:\/\/www.greenpeace.org\/belgium\/fr\/wp-json\/wp\/v2\/tags?post=21374"},{"taxonomy":"p4-page-type","embeddable":true,"href":"https:\/\/www.greenpeace.org\/belgium\/fr\/wp-json\/wp\/v2\/p4-page-type?post=21374"}],"curies":[{"name":"wp","href":"https:\/\/api.w.org\/{rel}","templated":true}]}}