{"id":21385,"date":"2021-04-06T12:20:19","date_gmt":"2021-04-06T11:20:19","guid":{"rendered":"https:\/\/www.greenpeace.org\/belgium\/?p=21385"},"modified":"2021-12-01T14:00:21","modified_gmt":"2021-12-01T13:00:21","slug":"la-belgique-grande-protectrice-des-oceans-vraiment","status":"publish","type":"post","link":"https:\/\/www.greenpeace.org\/belgium\/fr\/actualites-blog\/21385\/la-belgique-grande-protectrice-des-oceans-vraiment\/","title":{"rendered":"La Belgique, grande protectrice des oc\u00e9ans\u2026 Vraiment ?"},"content":{"rendered":"\n<p><strong>La Belgique et la protection des oc\u00e9ans : une histoire particuli\u00e8re, pleine de contradictions. Car, comment peut-on se proclamer \u00eatre un d\u00e9fenseur des oc\u00e9ans, ou un <\/strong><strong><em>blue leader<\/em><\/strong><strong>, tout en encourageant l\u2019exploitation mini\u00e8re des grands fonds marins ? La Belgique ne pourrait-elle pas \u00eatre coh\u00e9rente et promouvoir la protection des oc\u00e9ans dans leur totalit\u00e9 ?&nbsp;<\/strong><\/p>\n\n<span class=\"mid-button-fix\"><a class=\"cta-blog-button-mid\" href=\"https:\/\/act.greenpeace.org\/page\/63109\/petition\/1?locale=fr-BE\" target=\"_blank\" rel=\"noopener noreferrer\">Signez notre p\u00e9tition contre l\u2019exploitation mini\u00e8re en eaux profondes !<\/a><\/span>\n\n<h3 class=\"wp-block-heading\">La Belgique se proclame \u201cblue leader\u201d<\/h3>\n\n<p>La Belgique a pris l\u2019engagement ambitieux de prot\u00e9ger les oc\u00e9ans. Elle a cr\u00e9\u00e9 un groupe de pays, appel\u00e9s blue leaders, qui appellent \u00e0 agir pour sauver les oc\u00e9ans. Concr\u00e8tement, ils se sont engag\u00e9s \u00e0 strictement prot\u00e9ger au moins 30 % des oc\u00e9ans d&rsquo;ici 2030 (on parle de l\u2019objectif \u00ab\u00a030&#215;30\u00a0\u00bb) et \u00e0 aboutir \u00e0 un nouveau trait\u00e9 fort pour les oc\u00e9ans au niveau des Nations unies.&nbsp;<\/p>\n\n<figure class=\"wp-block-image size-large  caption-style-medium caption-alignment-center\"><img loading=\"lazy\" decoding=\"async\" width=\"999\" height=\"663\" src=\"https:\/\/www.greenpeace.org\/static\/planet4-belgium-stateless\/2019\/09\/a9d0712c-oceans_united_nations2.jpg\" title=\"Quels sont les r\u00e9sultats des n\u00e9gociations \u00e0 l&#039;ONU pour la protection des oc\u00e9ans ?\" alt=\"La Belgique, grande protectrice des oc\u00e9ans\u2026 Vraiment ?\" class=\"wp-image-6738\" srcset=\"https:\/\/www.greenpeace.org\/static\/planet4-belgium-stateless\/2019\/09\/a9d0712c-oceans_united_nations2.jpg 999w, https:\/\/www.greenpeace.org\/static\/planet4-belgium-stateless\/2019\/09\/a9d0712c-oceans_united_nations2-300x199.jpg 300w, https:\/\/www.greenpeace.org\/static\/planet4-belgium-stateless\/2019\/09\/a9d0712c-oceans_united_nations2-768x510.jpg 768w, https:\/\/www.greenpeace.org\/static\/planet4-belgium-stateless\/2019\/09\/a9d0712c-oceans_united_nations2-510x338.jpg 510w\" sizes=\"auto, (max-width: 999px) 100vw, 999px\" \/><\/figure>\n\n<p>C\u2019est une bonne nouvelle. En juillet dernier d\u2019ailleurs, nous n\u2019avions pas h\u00e9sit\u00e9 \u00e0 f\u00e9liciter sur ce point le ministre De Backer, alors charg\u00e9 de la mer du Nord. Nous lui avions par la m\u00eame occasion remis une p\u00e9tition sign\u00e9e par plus de 3 millions de citoyens dans le monde appelant \u00e0 la protection des oc\u00e9ans.<\/p>\n\n<h3 class=\"wp-block-heading\">Oc\u00e9ans : tout va bien alors ?&nbsp;<\/h3>\n\n<p>Non. Nous n\u2019avions pas h\u00e9sit\u00e9 \u00e0 l\u2019\u00e9poque \u00e0 interroger le ministre sur les raisons qui motivent la Belgique \u00e0 prot\u00e9ger les oc\u00e9ans tout en soutenant l&rsquo;exploitation mini\u00e8re des grands fonds marins. Car\u2026 prot\u00e9ger les oc\u00e9ans, cela ne signifie-t-il pas aussi prot\u00e9ger les fonds marins?&nbsp;&nbsp;<\/p>\n\n<p>Depuis, bien de l\u2019eau a coul\u00e9 sous les ponts et nous voil\u00e0 en pr\u00e9sence d\u2019un nouveau ministre, Vincent Van Quickenborne, qui adopte une position tout aussi ambigu\u00eb que celle de son pr\u00e9d\u00e9cesseur : oui \u00e0 la protection des oc\u00e9ans\u2026 tout en parrainant l\u2019exploitation mini\u00e8re en haute mer. Cette position est d&rsquo;autant plus inacceptable que lui-m\u00eame confirme qu\u2019il y a un probl\u00e8me avec les oc\u00e9ans.&nbsp;<\/p>\n\n<h3 class=\"wp-block-heading\">Sous l\u2019oc\u00e9an, la nature est trop peu prot\u00e9g\u00e9e<\/h3>\n\n<figure class=\"wp-block-image size-large  caption-style-medium caption-alignment-center\"><img loading=\"lazy\" decoding=\"async\" width=\"999\" height=\"663\" src=\"https:\/\/www.greenpeace.org\/static\/planet4-belgium-stateless\/31ecbbb1-oceans_dsm3.jpg\" alt=\"La Belgique, grande protectrice des oc\u00e9ans\u2026 Vraiment ?\" class=\"wp-image-19272\"\/><\/figure>\n\n<p>En effet, dans une <a href=\"https:\/\/www.health.belgium.be\/fr\/blue-leaders-30x30-highly-and-fully-protected\">vid\u00e9o (disponible en n\u00e9erlandais uniquement)<\/a>, il d\u00e9clare que dans les eaux internationales, la nature sous eau est trop peu prot\u00e9g\u00e9e. Pourquoi d\u00e8s lors notre pays reste-t-il impliqu\u00e9 dans l\u2019exploitation mini\u00e8re en eau profonde ? Notre pays parraine Global Sea Mineral Resources (GSR), une filiale du groupe DEME, qui a obtenu un contrat pour l\u2019exploration mini\u00e8re des grands fonds marins dans une partie de l\u2019oc\u00e9an Pacifique appel\u00e9e la Zone Clarion-Clipperton. Ce contrat couvre une superficie d\u2019environ 2,5 fois la Belgique qui abrite un \u00e9cosyst\u00e8me fragile et unique pour lequel les connaissances scientifiques sont encore limit\u00e9es. Les recherches d\u00e9j\u00e0 effectu\u00e9es montrent toutefois qu\u2019il y aura des dommages graves et irr\u00e9parables.&nbsp;<\/p>\n\n<p>Valerie Del Re, directrice de Greenpeace Belgique, n\u2019a d\u2019ailleurs pas h\u00e9sit\u00e9, dans une vid\u00e9o relay\u00e9e sur <a href=\"https:\/\/twitter.com\/theblueleaders\">twitter<\/a>, \u00e0 faire un clin d&rsquo;\u0153il \u00e0 cette ambigu\u00eft\u00e9 qui trop souvent caract\u00e9rise notre petit pays. Elle y d\u00e9clare : \u201c<em>Au lieu d&rsquo;aggraver la destruction caus\u00e9e par de nouvelles activit\u00e9s n\u00e9fastes comme l\u2019exploitation mini\u00e8re en eau profonde, il faut aller vers un niveau de protection beaucoup plus \u00e9lev\u00e9 pour les oc\u00e9ans<\/em>.\u201d<\/p>\n\n<figure class=\"wp-block-embed-twitter wp-block-embed is-type-rich is-provider-twitter\"><div class=\"wp-block-embed__wrapper\">\n<blockquote class=\"twitter-tweet\" data-width=\"500\" data-dnt=\"true\"><p lang=\"en\" dir=\"ltr\">. <a href=\"https:\/\/twitter.com\/Greenpeace?ref_src=twsrc%5Etfw\">@Greenpeace<\/a> applauds the work of Belgium and all <a href=\"https:\/\/twitter.com\/theblueleaders?ref_src=twsrc%5Etfw\">@theblueleaders<\/a> to advance a new global target to protect at least 30% of the global ocean through a network of HIGHLY and FULLY protected marine areas by 2030 <a href=\"https:\/\/twitter.com\/hashtag\/30x30?src=hash&amp;ref_src=twsrc%5Etfw\">#30&#215;30<\/a> and successfully negotiate a strong new UN high seas treaty <a href=\"https:\/\/t.co\/gqiR35KmDT\">pic.twitter.com\/gqiR35KmDT<\/a><\/p>&mdash; theblueleaders (@theblueleaders) <a href=\"https:\/\/twitter.com\/theblueleaders\/status\/1367847522325180418?ref_src=twsrc%5Etfw\">March 5, 2021<\/a><\/blockquote><script async src=\"https:\/\/platform.twitter.com\/widgets.js\" charset=\"utf-8\"><\/script>\n<\/div><\/figure>\n\n<p>Tout comme nous, vous pensez que les oc\u00e9ans doivent \u00eatre beaucoup mieux prot\u00e9g\u00e9s ? Dans les eaux nationales et internationales ? En surface et sous l\u2019oc\u00e9an ?&nbsp;<\/p>\n\n<a class=\"cta-blog-button\" href=\"https:\/\/act.greenpeace.org\/page\/63109\/petition\/1?locale=fr-BE\" target=\"_blank\" rel=\"noopener noreferrer\">Signez notre p\u00e9tition contre l\u2019exploitation mini\u00e8re en eaux profondes !<\/a>\n\n<span class=\"shareSocialArea\">\n<a class=\"shareFacebook\" href=\"https:\/\/www.facebook.com\/sharer\/sharer.php?u=https:\/\/www.greenpeace.org\/belgium\/fr\/blog\/21385\/la-belgique-grande-protectrice-des-oceans-vraiment\/\" target=\"_blank\" rel=\"noopener noreferrer\">Je partage sur Facebook<\/a>\n<a class=\"shareTwitter\" href=\"https:\/\/twitter.com\/share?url=https:\/\/www.greenpeace.org\/belgium\/fr\/blog\/21385\/la-belgique-grande-protectrice-des-oceans-vraiment\/&amp;text=La%20Belgique%2C%20grande%20protectrice%20des%20oc%C3%A9ans%E2%80%A6%20Vraiment%20%3F%20-%20La%20Belgique%20et%20la%20protection%20des%20oc%C3%A9ans%20:%20une%20histoire%20particuli%C3%A8re,%20pleine%20de%20contradictions.%20La%20Belgique%20ne%20pourrait-elle%20pas%20%C3%AAtre%20coh%C3%A9rente%20et%20promouvoir%20la%20protection%20des%20oc%C3%A9ans%20dans%20leur%20totalit%C3%A9%20?%20via%20@greenpeace_be&amp;related=greenpeace_be\" target=\"_blank\" rel=\"noopener noreferrer\">Je partage sur Twitter<\/a>\n<a class=\"shareWhatsapp\" href=\"https:\/\/api.whatsapp.com\/send?text=La+Belgique%2C+grande+protectrice+des+oc%C3%A9ans%E2%80%A6+Vraiment+%3F+https%3A%2F%2Fwww.greenpeace.org%2Fbelgium%2Ffr%2Fblog%2F21385%2Fla-belgique-grande-protectrice-des-oceans-vraiment%2F\" target=\"_blank\" rel=\"noopener noreferrer\">Je partage sur Whatsapp<\/a>\n<\/span>\n\n<table class=\"hideme\" style=\"width: 100%;\" width=\"100%\">\n<tbody>\n<tr style=\"width: 100%;\">\n<td class=\"icon\"><a href=\"https:\/\/www.facebook.com\/greenpeace.belgium\" target=\"_blank\" rel=\"noopener noreferrer\">\n<img decoding=\"async\" title=\"Facebook\" src=\"https:\/\/storage.googleapis.com\/planet4-belgium-stateless\/2019\/09\/09281872-fb.png\" alt=\"Facebook\" width=\"100%\">\n<\/a><\/td>\n<td class=\"name\"><a href=\"https:\/\/www.facebook.com\/greenpeace.belgium\" target=\"_blank\" rel=\"noopener noreferrer\">\nFacebook\n<\/a><\/td>\n<td class=\"icon\"><a href=\"https:\/\/www.instagram.com\/greenpeace_be\/\" target=\"_blank\" rel=\"noopener noreferrer\">\n<img decoding=\"async\" title=\"Instagram\" src=\"https:\/\/storage.googleapis.com\/planet4-belgium-stateless\/2019\/09\/89871ad4-insta.png\" alt=\"Instagram\" width=\"100%\">\n<\/a><\/td>\n<td class=\"name\"><a href=\"https:\/\/www.instagram.com\/greenpeace_be\/\" target=\"_blank\" rel=\"noopener noreferrer\">\nInstagram\n<\/a><\/td>\n<td class=\"icon\"><a href=\"https:\/\/twitter.com\/greenpeace_be\" target=\"_blank\" rel=\"noopener noreferrer\">\n<img decoding=\"async\" title=\"Twitter\" src=\"https:\/\/storage.googleapis.com\/planet4-belgium-stateless\/2019\/09\/aebb8c6a-tw.png\" alt=\"Twitter\" width=\"100%\">\n<\/a><\/td>\n<td class=\"name\"><a href=\"https:\/\/twitter.com\/greenpeace_be\" target=\"_blank\" rel=\"noopener noreferrer\">\nTwitter\n<\/a><\/td>\n<td class=\"icon\"><a href=\"https:\/\/www.youtube.com\/user\/GreenpeaceBelgium\" target=\"_blank\" rel=\"noopener noreferrer\">\n<img decoding=\"async\" title=\"YouTube\" src=\"https:\/\/storage.googleapis.com\/planet4-belgium-stateless\/2019\/09\/4fd7759c-yt.png\" alt=\"YouTube\" width=\"100%\">\n<\/a><\/td>\n<td class=\"name\"><a href=\"https:\/\/www.youtube.com\/user\/GreenpeaceBelgium\" target=\"_blank\" rel=\"noopener noreferrer\">\nYouTube\n<\/a><\/td>\n<td class=\"icon\"><a href=\"https:\/\/www.pinterest.com\/greenpeacebe\/\" target=\"_blank\" rel=\"noopener noreferrer\">\n<img decoding=\"async\" title=\"YouTube\" src=\"https:\/\/storage.googleapis.com\/planet4-belgium-stateless\/2020\/05\/4454201c-pinterest.png\" alt=\"Pinterest\" width=\"100%\">\n<\/a><\/td>\n<td class=\"name\"><a href=\"https:\/\/www.pinterest.com\/greenpeacebe\/\" target=\"_blank\" rel=\"noopener noreferrer\">\nPinterest\n<\/a><\/td>\n<\/tr>\n<\/tbody>\n<\/table>\n<div class=\"EmptyMessage\">Block content is empty. Check the block&rsquo;s settings or remove it.<\/div>","protected":false},"excerpt":{"rendered":"<p>La Belgique et la protection des oc\u00e9ans : une histoire particuli\u00e8re, pleine de contradictions. La Belgique ne pourrait-elle pas \u00eatre coh\u00e9rente et promouvoir la protection des oc\u00e9ans dans leur totalit\u00e9 ? <\/p>\n","protected":false},"author":49,"featured_media":21428,"comment_status":"closed","ping_status":"closed","sticky":false,"template":"","format":"standard","meta":{"ep_exclude_from_search":false,"p4_og_title":"La Belgique, grande protectrice des oc\u00e9ans\u2026 Vraiment ?","p4_og_description":"La Belgique et la protection des oc\u00e9ans : une histoire particuli\u00e8re, pleine de contradictions. La Belgique ne pourrait-elle pas \u00eatre coh\u00e9rente et promouvoir la protection des oc\u00e9ans dans leur totalit\u00e9 ? ","p4_og_image":"","p4_og_image_id":"","p4_seo_canonical_url":"","p4_campaign_name":"not set","p4_local_project":"not set","p4_basket_name":"not set","p4_department":"","footnotes":""},"categories":[105],"tags":[82,83],"p4-page-type":[116],"class_list":["post-21385","post","type-post","status-publish","format-standard","has-post-thumbnail","hentry","category-preserver-la-beaute-de-notre-planete","tag-oceans","tag-politique","p4-page-type-actualites-blog"],"_links":{"self":[{"href":"https:\/\/www.greenpeace.org\/belgium\/fr\/wp-json\/wp\/v2\/posts\/21385","targetHints":{"allow":["GET"]}}],"collection":[{"href":"https:\/\/www.greenpeace.org\/belgium\/fr\/wp-json\/wp\/v2\/posts"}],"about":[{"href":"https:\/\/www.greenpeace.org\/belgium\/fr\/wp-json\/wp\/v2\/types\/post"}],"author":[{"embeddable":true,"href":"https:\/\/www.greenpeace.org\/belgium\/fr\/wp-json\/wp\/v2\/users\/49"}],"replies":[{"embeddable":true,"href":"https:\/\/www.greenpeace.org\/belgium\/fr\/wp-json\/wp\/v2\/comments?post=21385"}],"version-history":[{"count":7,"href":"https:\/\/www.greenpeace.org\/belgium\/fr\/wp-json\/wp\/v2\/posts\/21385\/revisions"}],"predecessor-version":[{"id":25110,"href":"https:\/\/www.greenpeace.org\/belgium\/fr\/wp-json\/wp\/v2\/posts\/21385\/revisions\/25110"}],"wp:featuredmedia":[{"embeddable":true,"href":"https:\/\/www.greenpeace.org\/belgium\/fr\/wp-json\/wp\/v2\/media\/21428"}],"wp:attachment":[{"href":"https:\/\/www.greenpeace.org\/belgium\/fr\/wp-json\/wp\/v2\/media?parent=21385"}],"wp:term":[{"taxonomy":"category","embeddable":true,"href":"https:\/\/www.greenpeace.org\/belgium\/fr\/wp-json\/wp\/v2\/categories?post=21385"},{"taxonomy":"post_tag","embeddable":true,"href":"https:\/\/www.greenpeace.org\/belgium\/fr\/wp-json\/wp\/v2\/tags?post=21385"},{"taxonomy":"p4-page-type","embeddable":true,"href":"https:\/\/www.greenpeace.org\/belgium\/fr\/wp-json\/wp\/v2\/p4-page-type?post=21385"}],"curies":[{"name":"wp","href":"https:\/\/api.w.org\/{rel}","templated":true}]}}