{"id":21395,"date":"2021-04-06T11:40:25","date_gmt":"2021-04-06T10:40:25","guid":{"rendered":"https:\/\/www.greenpeace.org\/belgium\/?p=21395"},"modified":"2021-12-01T14:00:26","modified_gmt":"2021-12-01T13:00:26","slug":"action-contre-lexploitation-miniere-des-grands-fonds-marins-du-pacifique","status":"publish","type":"post","link":"https:\/\/www.greenpeace.org\/belgium\/fr\/actualites-blog\/21395\/action-contre-lexploitation-miniere-des-grands-fonds-marins-du-pacifique\/","title":{"rendered":"ACTION : contre l\u2019exploitation mini\u00e8re des grands fonds marins du Pacifique !"},"content":{"rendered":"\n<p><strong>La Belgique d\u00e9fend-elle la sauvegarde des oc\u00e9ans ? C\u2019est ce qu\u2019elle pr\u00e9tend. Mais qu\u2019en est-il r\u00e9ellement ? A des milliers de kilom\u00e8tres de chez nous, des militants ont men\u00e9 une action pacifique dans le port de San Diego, aux Etats-Unis, contre un navire affr\u00e9t\u00e9 par la soci\u00e9t\u00e9 belge Global Sea Mineral Resources (GSR), une filiale de DEME. Cette soci\u00e9t\u00e9, parrain\u00e9e par le gouvernement belge, compte faire des <\/strong><a href=\"https:\/\/www.greenpeace.org\/belgium\/fr\/blog\/21160\/exploration-miniere-en-eaux-profondes-des-tests-belges-prevus-dans-le-pacifique\/\"><strong>tests dans le Pacifique<\/strong><\/a><strong> dans le but d\u2019exploiter les grands fonds marins.&nbsp;<\/strong><\/p>\n\n<figure class=\"wp-block-image size-large  caption-style-medium caption-alignment-center\"><img loading=\"lazy\" decoding=\"async\" width=\"999\" height=\"663\" src=\"https:\/\/www.greenpeace.org\/static\/planet4-belgium-stateless\/2021\/04\/41d9abd0-dsm_normand.jpg\" alt=\"ACTION : contre l\u2019exploitation mini\u00e8re des grands fonds marins du Pacifique !\" class=\"wp-image-21398\" srcset=\"https:\/\/www.greenpeace.org\/static\/planet4-belgium-stateless\/2021\/04\/41d9abd0-dsm_normand.jpg 999w, https:\/\/www.greenpeace.org\/static\/planet4-belgium-stateless\/2021\/04\/41d9abd0-dsm_normand-300x199.jpg 300w, https:\/\/www.greenpeace.org\/static\/planet4-belgium-stateless\/2021\/04\/41d9abd0-dsm_normand-768x510.jpg 768w, https:\/\/www.greenpeace.org\/static\/planet4-belgium-stateless\/2021\/04\/41d9abd0-dsm_normand-510x338.jpg 510w\" sizes=\"auto, (max-width: 999px) 100vw, 999px\" \/><\/figure>\n\n<p>A proximit\u00e9 du navire en question, des militants ont d\u00e9ploy\u00e9 des banni\u00e8res sur lesquelles on pouvait lire : \u00ab\u00a0Stop Deep Sea Mining\u00a0\u00bb (stop \u00e0 l\u2019exploitation mini\u00e8re en eaux profondes). Le navire a en effet l\u2019intention de se rendre dans les jours \u00e0 venir dans la zone du Pacifique appel\u00e9e Clarion-Clipperton, situ\u00e9e entre Hawa\u00ef et le Mexique, pour y proc\u00e9der \u00e0 des tests impliquant le Patania II, une immense machine pouvant descendre \u00e0 plus de 4000 m\u00e8tres de profondeur pour y collecter des <a href=\"https:\/\/www.greenpeace.org\/belgium\/fr\/blog\/21160\/exploration-miniere-en-eaux-profondes-des-tests-belges-prevus-dans-le-pacifique\/\">nodules polym\u00e9talliques<\/a>.&nbsp;<\/p>\n\n<span class=\"mid-button-fix\"><a class=\"cta-blog-button-mid\" href=\"https:\/\/act.greenpeace.org\/page\/63109\/petition\/1?locale=fr-BE\" target=\"_blank\" rel=\"noopener noreferrer\">Signez notre p\u00e9tition contre l\u2019exploitation mini\u00e8re en eaux profondes ! <\/a><\/span>\n\n<h3 class=\"wp-block-heading\">Nouvelle ru\u00e9e vers un nouvel or ?&nbsp;<\/h3>\n\n<p>Il n\u2019y a pas que la Belgique qui a entam\u00e9 cette ru\u00e9e vers le nouvel or des grandes profondeurs. Parall\u00e8lement \u00e0 l\u2019action \u00e0 San Diego, d\u2019autres militants, cette fois \u00e0 bord du Rainbow Warrior, ont men\u00e9 une action dans la zone o\u00f9 une filiale de la soci\u00e9t\u00e9 canadienne DeepGreen Metals envisage \u00e0 son tour d\u2019exploiter les profondeurs du Pacifique. Les militants ont d\u00e9ploy\u00e9 des banderoles sur lesquelles on pouvait lire notamment \u00ab\u00a0Protect the oceans !\u00a0\u00bb.<\/p>\n\n<figure class=\"wp-block-image size-large  caption-style-medium caption-alignment-center\"><img loading=\"lazy\" decoding=\"async\" width=\"999\" height=\"663\" src=\"https:\/\/www.greenpeace.org\/static\/planet4-belgium-stateless\/2021\/04\/b28068a4-dsm_deepgreen.jpg\" alt=\"ACTION : contre l\u2019exploitation mini\u00e8re des grands fonds marins du Pacifique !\" class=\"wp-image-21400\" srcset=\"https:\/\/www.greenpeace.org\/static\/planet4-belgium-stateless\/2021\/04\/b28068a4-dsm_deepgreen.jpg 999w, https:\/\/www.greenpeace.org\/static\/planet4-belgium-stateless\/2021\/04\/b28068a4-dsm_deepgreen-300x199.jpg 300w, https:\/\/www.greenpeace.org\/static\/planet4-belgium-stateless\/2021\/04\/b28068a4-dsm_deepgreen-768x510.jpg 768w, https:\/\/www.greenpeace.org\/static\/planet4-belgium-stateless\/2021\/04\/b28068a4-dsm_deepgreen-510x338.jpg 510w\" sizes=\"auto, (max-width: 999px) 100vw, 999px\" \/><\/figure>\n\n<h3 class=\"wp-block-heading\">Biodiversit\u00e9 menac\u00e9e<\/h3>\n\n<p>En menant ces actions, Greenpeace d\u00e9nonce les dangers de ces nouvelles industries qui en sont encore au stade de test mais qui, si elles re\u00e7oivent le feu vert, menaceront tout un \u00e9cosyst\u00e8me marin. Des machines pesant plus qu&rsquo;une baleine \u00e0 bosse sont pr\u00eates \u00e0 \u00eatre test\u00e9es dans les profondeurs du Pacifique. Or, les scientifiques ont averti \u00e0 plusieurs reprises que l&rsquo;exploitation mini\u00e8re en eaux profondes pourrait avoir des cons\u00e9quences terribles sur les \u00e9cosyst\u00e8mes oc\u00e9aniques que nous comprenons \u00e0 peine. Il ne faut pas les ouvrir \u00e0 l\u2019exploitation mini\u00e8re.<\/p>\n\n<h3 class=\"wp-block-heading\">Populations menac\u00e9es<\/h3>\n\n<p>Victor Pickering, un activiste fidjien actuellement \u00e0 bord du Rainbow Warrior, est \u00e9galement tr\u00e8s inquiet de l\u2019\u00e9volution du danger : \u00ab\u00a0<em>L&rsquo;oc\u00e9an fournit de la nourriture \u00e0 nos familles et nous relie tous, nous, les \u00eeles du Pacifique, d&rsquo;une \u00eele \u00e0 l&rsquo;autre. J&rsquo;agis parce que notre peuple est d\u00e9j\u00e0 confront\u00e9 aux menaces que repr\u00e9sentent les temp\u00eates extr\u00eames, l&rsquo;\u00e9l\u00e9vation du niveau de la mer, la pollution plastique et l&rsquo;\u00e9puisement industriel des populations de poissons. Je ne peux pas rester silencieux et regarder une autre menace &#8211; l&rsquo;exploitation mini\u00e8re en eaux profondes &#8211; nous priver de notre avenir<\/em>\u00ab\u00a0.<\/p>\n\n<p>Heureusement, de bonnes nouvelles nous sont parvenues la semaine derni\u00e8re : des entreprises telles que BMW, Volvo, Google et Samsung ont r\u00e9pondu \u00e0 l\u2019appel de WWF et se sont engag\u00e9es \u00e0 exclure l&rsquo;utilisation de min\u00e9raux extraits des oc\u00e9ans, portant ainsi un premier coup \u00e0 cette industrie \u00e9mergente.&nbsp;<\/p>\n\n<h3 class=\"wp-block-heading\">Vers une meilleure protection des oc\u00e9ans<\/h3>\n\n<figure class=\"wp-block-image size-large  caption-style-medium caption-alignment-center\"><img loading=\"lazy\" decoding=\"async\" width=\"999\" height=\"663\" src=\"https:\/\/www.greenpeace.org\/static\/planet4-belgium-stateless\/2021\/04\/c4faaa5c-dsm_rainbow_warrior.jpg\" alt=\"ACTION : contre l\u2019exploitation mini\u00e8re des grands fonds marins du Pacifique !\" class=\"wp-image-21402\" srcset=\"https:\/\/www.greenpeace.org\/static\/planet4-belgium-stateless\/2021\/04\/c4faaa5c-dsm_rainbow_warrior.jpg 999w, https:\/\/www.greenpeace.org\/static\/planet4-belgium-stateless\/2021\/04\/c4faaa5c-dsm_rainbow_warrior-300x199.jpg 300w, https:\/\/www.greenpeace.org\/static\/planet4-belgium-stateless\/2021\/04\/c4faaa5c-dsm_rainbow_warrior-768x510.jpg 768w, https:\/\/www.greenpeace.org\/static\/planet4-belgium-stateless\/2021\/04\/c4faaa5c-dsm_rainbow_warrior-510x338.jpg 510w\" sizes=\"auto, (max-width: 999px) 100vw, 999px\" \/><\/figure>\n\n<p>Les gouvernements doivent convenir d&rsquo;un trait\u00e9 mondial sur les oc\u00e9ans en 2021 qui place la protection au c\u0153ur de la gouvernance mondiale des oc\u00e9ans au lieu de l&rsquo;exploitation.&nbsp;La Belgique est en faveur de ce trait\u00e9 de protection des oc\u00e9ans mais aussi, en faveur de l\u2019exploitation mini\u00e8re. N\u2019est-il pas temps qu\u2019elle prenne une position claire et qu\u2019elle renonce \u00e0 cette activit\u00e9 destructrice ?&nbsp;<\/p>\n\n<a class=\"cta-blog-button\" href=\"https:\/\/act.greenpeace.org\/page\/63109\/petition\/1?locale=fr-BE\" target=\"_blank\" rel=\"noopener noreferrer\">Signez notre p\u00e9tition contre l\u2019exploitation mini\u00e8re en eaux profondes ! <\/a>\n\n<span class=\"shareSocialArea\">\n<a class=\"shareFacebook\" href=\"https:\/\/www.facebook.com\/sharer\/sharer.php?u=https:\/\/www.greenpeace.org\/belgium\/fr\/blog\/21395\/action-contre-lexploitation-miniere-des-grands-fonds-marins-du-pacifique\/\" target=\"_blank\" rel=\"noopener noreferrer\">Je partage sur Facebook<\/a>\n<a class=\"shareTwitter\" href=\"https:\/\/twitter.com\/share?url=https:\/\/www.greenpeace.org\/belgium\/fr\/blog\/21395\/action-contre-lexploitation-miniere-des-grands-fonds-marins-du-pacifique\/&amp;text=ACTION%20%3A%20contre%20l%E2%80%99exploitation%20mini%C3%A8re%20des%20grands%20fonds%20marins%20du%20Pacifique%20%21%20-%20A%20des%20milliers%20de%20kilom%C3%A8tres%20de%20chez%20nous,%20des%20militants%20ont%20men%C3%A9%20une%20action%20pacifique%20dans%20le%20port%20de%20San%20Diego,%20aux%20Etats-Unis,%20contre%20un%20navire%20affr%C3%A9t%C3%A9%20par%20la%20soci%C3%A9t%C3%A9%20belge%20Global%20Sea%20Mineral%20Resources%20(GSR),%20une%20filiale%20de%20DEME.%20via%20@greenpeace_be&amp;related=greenpeace_be\" target=\"_blank\" rel=\"noopener noreferrer\">Je partage sur Twitter<\/a>\n<a class=\"shareWhatsapp\" href=\"https:\/\/api.whatsapp.com\/send?text=ACTION+%3A+contre+l%E2%80%99exploitation+mini%C3%A8re+des+grands+fonds+marins+du+Pacifique+%21+https%3A%2F%2Fwww.greenpeace.org%2Fbelgium%2Ffr%2Fblog%2F21395%2Faction-contre-lexploitation-miniere-des-grands-fonds-marins-du-pacifique%2F\" target=\"_blank\" rel=\"noopener noreferrer\">Je partage sur Whatsapp<\/a>\n<\/span>\n\n<table class=\"hideme\" style=\"width: 100%;\" width=\"100%\">\n<tbody>\n<tr style=\"width: 100%;\">\n<td class=\"icon\"><a href=\"https:\/\/www.facebook.com\/greenpeace.belgium\" target=\"_blank\" rel=\"noopener noreferrer\">\n<img decoding=\"async\" title=\"Facebook\" src=\"https:\/\/storage.googleapis.com\/planet4-belgium-stateless\/2019\/09\/09281872-fb.png\" alt=\"Facebook\" width=\"100%\">\n<\/a><\/td>\n<td class=\"name\"><a href=\"https:\/\/www.facebook.com\/greenpeace.belgium\" target=\"_blank\" rel=\"noopener noreferrer\">\nFacebook\n<\/a><\/td>\n<td class=\"icon\"><a href=\"https:\/\/www.instagram.com\/greenpeace_be\/\" target=\"_blank\" rel=\"noopener noreferrer\">\n<img decoding=\"async\" title=\"Instagram\" src=\"https:\/\/storage.googleapis.com\/planet4-belgium-stateless\/2019\/09\/89871ad4-insta.png\" alt=\"Instagram\" width=\"100%\">\n<\/a><\/td>\n<td class=\"name\"><a href=\"https:\/\/www.instagram.com\/greenpeace_be\/\" target=\"_blank\" rel=\"noopener noreferrer\">\nInstagram\n<\/a><\/td>\n<td class=\"icon\"><a href=\"https:\/\/twitter.com\/greenpeace_be\" target=\"_blank\" rel=\"noopener noreferrer\">\n<img decoding=\"async\" title=\"Twitter\" src=\"https:\/\/storage.googleapis.com\/planet4-belgium-stateless\/2019\/09\/aebb8c6a-tw.png\" alt=\"Twitter\" width=\"100%\">\n<\/a><\/td>\n<td class=\"name\"><a href=\"https:\/\/twitter.com\/greenpeace_be\" target=\"_blank\" rel=\"noopener noreferrer\">\nTwitter\n<\/a><\/td>\n<td class=\"icon\"><a href=\"https:\/\/www.youtube.com\/user\/GreenpeaceBelgium\" target=\"_blank\" rel=\"noopener noreferrer\">\n<img decoding=\"async\" title=\"YouTube\" src=\"https:\/\/storage.googleapis.com\/planet4-belgium-stateless\/2019\/09\/4fd7759c-yt.png\" alt=\"YouTube\" width=\"100%\">\n<\/a><\/td>\n<td class=\"name\"><a href=\"https:\/\/www.youtube.com\/user\/GreenpeaceBelgium\" target=\"_blank\" rel=\"noopener noreferrer\">\nYouTube\n<\/a><\/td>\n<td class=\"icon\"><a href=\"https:\/\/www.pinterest.com\/greenpeacebe\/\" target=\"_blank\" rel=\"noopener noreferrer\">\n<img decoding=\"async\" title=\"YouTube\" src=\"https:\/\/storage.googleapis.com\/planet4-belgium-stateless\/2020\/05\/4454201c-pinterest.png\" alt=\"Pinterest\" width=\"100%\">\n<\/a><\/td>\n<td class=\"name\"><a href=\"https:\/\/www.pinterest.com\/greenpeacebe\/\" target=\"_blank\" rel=\"noopener noreferrer\">\nPinterest\n<\/a><\/td>\n<\/tr>\n<\/tbody>\n<\/table>\n<div class=\"EmptyMessage\">Block content is empty. Check the block&rsquo;s settings or remove it.<\/div>","protected":false},"excerpt":{"rendered":"<p>A des milliers de kilom\u00e8tres de chez nous, des militants ont men\u00e9 une action pacifique dans le port de San Diego, aux Etats-Unis, contre un navire affr\u00e9t\u00e9 par la soci\u00e9t\u00e9 belge Global Sea Mineral Resources (GSR), une filiale de DEME.<\/p>\n","protected":false},"author":49,"featured_media":21398,"comment_status":"closed","ping_status":"closed","sticky":false,"template":"","format":"standard","meta":{"ep_exclude_from_search":false,"p4_og_title":"ACTION : contre l\u2019exploitation mini\u00e8re des grands fonds marins du Pacifique !","p4_og_description":"A des milliers de kilom\u00e8tres de chez nous, des militants ont men\u00e9 une action pacifique dans le port de San Diego, aux Etats-Unis, contre un navire affr\u00e9t\u00e9 par la soci\u00e9t\u00e9 belge Global Sea Mineral Resources (GSR), une filiale de DEME. A lire!","p4_og_image":"","p4_og_image_id":"","p4_seo_canonical_url":"","p4_campaign_name":"not set","p4_local_project":"not set","p4_basket_name":"not set","p4_department":"","footnotes":""},"categories":[106],"tags":[82,83],"p4-page-type":[116],"class_list":["post-21395","post","type-post","status-publish","format-standard","has-post-thumbnail","hentry","category-il-est-encore-temps","tag-oceans","tag-politique","p4-page-type-actualites-blog"],"_links":{"self":[{"href":"https:\/\/www.greenpeace.org\/belgium\/fr\/wp-json\/wp\/v2\/posts\/21395","targetHints":{"allow":["GET"]}}],"collection":[{"href":"https:\/\/www.greenpeace.org\/belgium\/fr\/wp-json\/wp\/v2\/posts"}],"about":[{"href":"https:\/\/www.greenpeace.org\/belgium\/fr\/wp-json\/wp\/v2\/types\/post"}],"author":[{"embeddable":true,"href":"https:\/\/www.greenpeace.org\/belgium\/fr\/wp-json\/wp\/v2\/users\/49"}],"replies":[{"embeddable":true,"href":"https:\/\/www.greenpeace.org\/belgium\/fr\/wp-json\/wp\/v2\/comments?post=21395"}],"version-history":[{"count":9,"href":"https:\/\/www.greenpeace.org\/belgium\/fr\/wp-json\/wp\/v2\/posts\/21395\/revisions"}],"predecessor-version":[{"id":25112,"href":"https:\/\/www.greenpeace.org\/belgium\/fr\/wp-json\/wp\/v2\/posts\/21395\/revisions\/25112"}],"wp:featuredmedia":[{"embeddable":true,"href":"https:\/\/www.greenpeace.org\/belgium\/fr\/wp-json\/wp\/v2\/media\/21398"}],"wp:attachment":[{"href":"https:\/\/www.greenpeace.org\/belgium\/fr\/wp-json\/wp\/v2\/media?parent=21395"}],"wp:term":[{"taxonomy":"category","embeddable":true,"href":"https:\/\/www.greenpeace.org\/belgium\/fr\/wp-json\/wp\/v2\/categories?post=21395"},{"taxonomy":"post_tag","embeddable":true,"href":"https:\/\/www.greenpeace.org\/belgium\/fr\/wp-json\/wp\/v2\/tags?post=21395"},{"taxonomy":"p4-page-type","embeddable":true,"href":"https:\/\/www.greenpeace.org\/belgium\/fr\/wp-json\/wp\/v2\/p4-page-type?post=21395"}],"curies":[{"name":"wp","href":"https:\/\/api.w.org\/{rel}","templated":true}]}}