{"id":21918,"date":"2021-04-28T12:30:56","date_gmt":"2021-04-28T10:30:56","guid":{"rendered":"https:\/\/www.greenpeace.org\/belgium\/?p=21918"},"modified":"2021-04-28T12:37:07","modified_gmt":"2021-04-28T10:37:07","slug":"un-robot-dexploitation-miniere-coince-au-fond-de-locean-greenpeace-lindustrie-de-lexploitation-miniere-en-eaux-profondes-doit-etre-enterree","status":"publish","type":"post","link":"https:\/\/www.greenpeace.org\/belgium\/fr\/communique-de-presse\/21918\/un-robot-dexploitation-miniere-coince-au-fond-de-locean-greenpeace-lindustrie-de-lexploitation-miniere-en-eaux-profondes-doit-etre-enterree\/","title":{"rendered":"Un robot d\u2019exploitation mini\u00e8re coinc\u00e9 au fond de l\u2019oc\u00e9an. Greenpeace : \u201cL\u2019industrie de l\u2019exploitation mini\u00e8re en eaux profondes doit \u00eatre enterr\u00e9e\u201d"},"content":{"rendered":"\n<p><strong>Pendant l\u2019un des premiers essais d&rsquo;exploitation mini\u00e8re en eaux profondes, un robot-collecteur de tubercules de 25 tonnes a \u00e9t\u00e9 coinc\u00e9 au fond de l&rsquo;oc\u00e9an Pacifique. Il s\u2019agit du Patania II de la soci\u00e9t\u00e9 belge Global Sea Mineral Resources (GSR), filiale de DEME. Greenpeace appelle \u00e0 l\u2019arr\u00eat de cette pratique mena\u00e7ante pour la biodiversit\u00e9, le climat et les oc\u00e9ans.<\/strong><\/p>\n\n<p>GSR a confirm\u00e9 que <em>\u00ab\u00a0la connexion entre le Patania II et le c\u00e2ble de communication et d&rsquo;alimentation a \u00e9t\u00e9 perdue, de sorte que le Patania II se trouve actuellement au fond de la mer\u00a0\u00bb<\/em>, soit \u00e0 plus de 4000m de profondeur.<\/p>\n\n<p><em>\u00ab\u00a0C\u2019est ironique qu&rsquo;une entreprise, qui veut extraire des m\u00e9taux des fonds marins, les ait maintenant accidentellement d\u00e9vers\u00e9s dans l\u2019oc\u00e9an. Il s&rsquo;agit d&rsquo;une erreur op\u00e9rationnelle massive qui devrait servir d&rsquo;avertissement : l&rsquo;exploitation mini\u00e8re en eaux profondes est beaucoup trop risqu\u00e9e. Perdre un robot de 25 tonnes au milieu de l&rsquo;oc\u00e9an Pacifique devrait imm\u00e9diatement faire couler avec lui toute id\u00e9e d&rsquo;exploitation mini\u00e8re en eaux profondes\u00a0\u00bb<\/em>, a d\u00e9clar\u00e9 An Lambrechts, experte Oc\u00e9ans de Greenpeace, depuis le Rainbow Warrior, dans le Pacifique,.<\/p>\n\n<p><em>\u00ab\u00a0L&rsquo;industrie mini\u00e8re en eaux profondes pr\u00e9tend \u00eatre pr\u00eate \u00e0 lancer l\u2019exploitation mais les investisseurs et les gouvernements, qui l\u2019observent aujourd&rsquo;hui, ne voient qu&rsquo;une tentative t\u00e9m\u00e9raire qui a \u00e9chapp\u00e9 \u00e0 tout contr\u00f4le. Cette industrie est trop risqu\u00e9e\u00a0\u00bb<\/em>, poursuit An Lambrechts. <strong><em>\u00ab\u00a0Nous devons mieux prot\u00e9ger les oc\u00e9ans gr\u00e2ce \u00e0 une convention mondiale qui pr\u00e9serverait de grandes parties des oc\u00e9ans de toute activit\u00e9 industrielle.\u00a0\u00bb<\/em><\/strong><\/p>\n\n<div class=\"wp-block-image  caption-style-medium caption-alignment-center\"><figure class=\"aligncenter\"><img decoding=\"async\" src=\"https:\/\/lh5.googleusercontent.com\/Uty_f5EmindIeU0reZ46qiuk_98mBw0J-Q-QV80XI0CBX-f3oHc2sRLEqE6k3tNAdSwOIyfe5vJGUV5EQgukpiIyPmdhBjefYxybcSH7Y5XV9IN0Y1_j_Ah4m0NYv40U4kjfYFTm\" alt=\"\" \/><figcaption>\u00a9 Marten van Dijl \/ Greenpeace. D&rsquo;autres photos et vid\u00e9os sont disponibles <a href=\"https:\/\/media.greenpeace.org\/collection\/27MDHU0XV80\">ici<\/a>. Le mat\u00e9riel est libre d&rsquo;utilisation \u00e0 condition que les droits d&rsquo;auteur soient correctement mentionn\u00e9s.<\/figcaption><\/figure><\/div>\n\n<p><\/p>\n\n<p>Ce n&rsquo;est pas le premier essai rat\u00e9 de GSR avec le Patania II. <a href=\"https:\/\/www.deme-gsr.com\/news\/article\/update-patania-ii-trial\/\">En 2019, l&rsquo;entreprise avait \u00e9galement d\u00fb interrompre ses tests<\/a> avec la m\u00eame machine en raison d&rsquo;un endommagement du c\u00e2ble de communication et d&rsquo;alimentation.<\/p>\n\n<p><a href=\"https:\/\/www.greenpeace.org\/belgium\/fr\/communique-de-presse\/21698\/actions-dans-le-pacifique-et-a-bruxelles-greenpeace-ramene-le-fond-des-oceans-devant-chez-le-ministre-van-quickenborne\/\">La semaine derni\u00e8re, des militants de Greenpeace ont peint \u00ab\u00a0RISK !\u00a0\u00bb<\/a> en lettres de 2 m de haut sur le flanc du navire affr\u00e9t\u00e9 par GSR, Normand Energy, pour souligner la menace que cette exploitation fait peser sur l&rsquo;oc\u00e9an. GSR dispose d&rsquo;une zone contractuelle de 75.000 km\u00b2 &#8211; 2,5 fois la superficie de notre pays &#8211; et pr\u00e9voyait d&rsquo;effectuer d&rsquo;autres tests dans la zone contractuelle allemande. Ces tests devaient constituer une avanc\u00e9e majeure pour l&rsquo;industrie mini\u00e8re en eaux profondes.<\/p>\n\n<p><strong>Mettre fin \u00e0 l\u2019aide belge \u00e0 l&rsquo;exploitation mini\u00e8re en eaux profondes<\/strong><\/p>\n\n<p>Cette exploitation industrielle des fonds marins est soutenue par la Belgique. Notre gouvernement sponsorise le contrat GSR. Mais, en m\u00eame temps, notre pays se positionne sur la sc\u00e8ne mondiale en tant que \u00ab\u00a0Blue leader\u00a0\u00bb et d\u00e9fenseur d&rsquo;une convention mondiale sur les oc\u00e9ans. <strong>Cette position ambigu\u00eb est intenable.<\/strong><\/p>\n\n<p><em>\u00ab\u00a0Notre gouvernement doit vraiment commencer \u00e0 se demander si la Belgique ne parie pas sur le mauvais cheval \u00e9tant donn\u00e9 les risques \u00e9vidents li\u00e9s \u00e0 l&rsquo;exploitation mini\u00e8re en eaux profondes. Il est grand temps de faire un choix fort et de prot\u00e9ger pleinement les oc\u00e9ans au lieu de soutenir des industries risqu\u00e9es\u00a0\u00bb<\/em>, conclut An Lambrechts.<\/p>\n\n<p><strong>Infos :&nbsp;<\/strong><\/p>\n\n<p>Des entretiens avec l&rsquo;experte An Lambrechts sur le Rainbow Warrior sont possibles. Il y a un d\u00e9calage horaire de 9 heures.<br>Des photos et des vid\u00e9os des actions de Greenpeace dans le Pacifique contre GSR sont disponibles <a href=\"https:\/\/media.greenpeace.org\/CS.aspx?VP3=SearchResult&amp;ALID=27MDHU0MI7E&amp;RW=1451&amp;RH=648\">ici<\/a>.<\/p>\n","protected":false},"excerpt":{"rendered":"<p>Pendant l\u2019un des premiers essais d&rsquo;exploitation mini\u00e8re en eaux profondes, un robot-collecteur de tubercules de 25 tonnes a \u00e9t\u00e9 coinc\u00e9 au fond de l&rsquo;oc\u00e9an Pacifique.<\/p>\n","protected":false},"author":50,"featured_media":21919,"comment_status":"closed","ping_status":"closed","sticky":false,"template":"","format":"standard","meta":{"ep_exclude_from_search":false,"p4_og_title":"","p4_og_description":"","p4_og_image":"","p4_og_image_id":"","p4_seo_canonical_url":"","p4_campaign_name":"not set","p4_local_project":"not set","p4_basket_name":"not set","p4_department":"","footnotes":""},"categories":[1],"tags":[82],"p4-page-type":[117],"class_list":["post-21918","post","type-post","status-publish","format-standard","has-post-thumbnail","hentry","category-non-classifiee","tag-oceans","p4-page-type-communique-de-presse"],"_links":{"self":[{"href":"https:\/\/www.greenpeace.org\/belgium\/fr\/wp-json\/wp\/v2\/posts\/21918","targetHints":{"allow":["GET"]}}],"collection":[{"href":"https:\/\/www.greenpeace.org\/belgium\/fr\/wp-json\/wp\/v2\/posts"}],"about":[{"href":"https:\/\/www.greenpeace.org\/belgium\/fr\/wp-json\/wp\/v2\/types\/post"}],"author":[{"embeddable":true,"href":"https:\/\/www.greenpeace.org\/belgium\/fr\/wp-json\/wp\/v2\/users\/50"}],"replies":[{"embeddable":true,"href":"https:\/\/www.greenpeace.org\/belgium\/fr\/wp-json\/wp\/v2\/comments?post=21918"}],"version-history":[{"count":3,"href":"https:\/\/www.greenpeace.org\/belgium\/fr\/wp-json\/wp\/v2\/posts\/21918\/revisions"}],"predecessor-version":[{"id":21928,"href":"https:\/\/www.greenpeace.org\/belgium\/fr\/wp-json\/wp\/v2\/posts\/21918\/revisions\/21928"}],"wp:featuredmedia":[{"embeddable":true,"href":"https:\/\/www.greenpeace.org\/belgium\/fr\/wp-json\/wp\/v2\/media\/21919"}],"wp:attachment":[{"href":"https:\/\/www.greenpeace.org\/belgium\/fr\/wp-json\/wp\/v2\/media?parent=21918"}],"wp:term":[{"taxonomy":"category","embeddable":true,"href":"https:\/\/www.greenpeace.org\/belgium\/fr\/wp-json\/wp\/v2\/categories?post=21918"},{"taxonomy":"post_tag","embeddable":true,"href":"https:\/\/www.greenpeace.org\/belgium\/fr\/wp-json\/wp\/v2\/tags?post=21918"},{"taxonomy":"p4-page-type","embeddable":true,"href":"https:\/\/www.greenpeace.org\/belgium\/fr\/wp-json\/wp\/v2\/p4-page-type?post=21918"}],"curies":[{"name":"wp","href":"https:\/\/api.w.org\/{rel}","templated":true}]}}