{"id":22224,"date":"2021-05-20T10:26:19","date_gmt":"2021-05-20T08:26:19","guid":{"rendered":"https:\/\/www.greenpeace.org\/belgium\/?p=22224"},"modified":"2021-12-01T13:59:02","modified_gmt":"2021-12-01T12:59:02","slug":"actions-contre-lexploitation-miniere-en-eaux-profondes-le-rainbow-warrior-rentre-au-port","status":"publish","type":"post","link":"https:\/\/www.greenpeace.org\/belgium\/fr\/actualites-blog\/22224\/actions-contre-lexploitation-miniere-en-eaux-profondes-le-rainbow-warrior-rentre-au-port\/","title":{"rendered":"Actions contre l\u2019exploitation mini\u00e8re en eaux profondes : le Rainbow Warrior rentre au port"},"content":{"rendered":"\n<p><strong>Au moment o\u00f9 j\u2019\u00e9cris ce blog, le Rainbow Warrior a remis le cap vers Amsterdam, marquant ainsi la fin de notre p\u00e9riple r\u00e9ussi dans le <a href=\"https:\/\/www.greenpeace.org\/belgium\/fr\/blog\/21395\/action-contre-lexploitation-miniere-des-grands-fonds-marins-du-pacifique\/\">Pacifique<\/a>. C\u2019\u00e9tait la premi\u00e8re fois que nous prenions la mer pour nous rendre compte de visu de ce que fabrique l\u2019industrie mini\u00e8re en eaux profondes.\u00a0<\/strong><\/p>\n\n<figure class=\"wp-block-image size-large  caption-style-medium caption-alignment-center\"><img loading=\"lazy\" decoding=\"async\" width=\"999\" height=\"663\" src=\"https:\/\/www.greenpeace.org\/static\/planet4-belgium-stateless\/2021\/04\/1836769c-dsm_rainbow_warrior.jpg\" alt=\"Actions contre l\u2019exploitation mini\u00e8re en eaux profondes : le Rainbow Warrior rentre au port\" class=\"wp-image-21414\" srcset=\"https:\/\/www.greenpeace.org\/static\/planet4-belgium-stateless\/2021\/04\/1836769c-dsm_rainbow_warrior.jpg 999w, https:\/\/www.greenpeace.org\/static\/planet4-belgium-stateless\/2021\/04\/1836769c-dsm_rainbow_warrior-300x199.jpg 300w, https:\/\/www.greenpeace.org\/static\/planet4-belgium-stateless\/2021\/04\/1836769c-dsm_rainbow_warrior-768x510.jpg 768w, https:\/\/www.greenpeace.org\/static\/planet4-belgium-stateless\/2021\/04\/1836769c-dsm_rainbow_warrior-510x338.jpg 510w\" sizes=\"auto, (max-width: 999px) 100vw, 999px\" \/><\/figure>\n\n<h3 class=\"wp-block-heading\">Plus de transparence !<\/h3>\n\n<p>Et le moins qu\u2019on puisse dire, c\u2019est que \u00e7a en valait la peine ! En tant qu\u2019observateurs ind\u00e9pendants, nous pouvons librement communiquer sur ce que nous avons vu, alors que l\u2019industrie elle-m\u00eame fait preuve d\u2019une transparence plut\u00f4t s\u00e9lective \u00e0 cet \u00e9gard. Par exemple, l\u2019entreprise belge GSR refuse toujours de diffuser des images des fonds marins avant et apr\u00e8s le passage du <a href=\"https:\/\/www.greenpeace.org\/belgium\/fr\/communique-de-presse\/21918\/un-robot-dexploitation-miniere-coince-au-fond-de-locean-greenpeace-lindustrie-de-lexploitation-miniere-en-eaux-profondes-doit-etre-enterree\/\">Patania II<\/a>, son robot d\u2019exploitation mini\u00e8re en eaux profondes. L\u2019entreprise se retranche derri\u00e8re le fait que les scientifiques ont besoin d\u2019un temps relativement long apr\u00e8s leur exp\u00e9dition pour traiter et publier leurs analyses et leurs r\u00e9sultats.&nbsp;<\/p>\n\n<figure class=\"wp-block-image size-large  caption-style-medium caption-alignment-center\"><img loading=\"lazy\" decoding=\"async\" width=\"999\" height=\"663\" src=\"https:\/\/www.greenpeace.org\/static\/planet4-belgium-stateless\/6355e2b8-oceans_dsm3.jpg\" alt=\"Actions contre l\u2019exploitation mini\u00e8re en eaux profondes : le Rainbow Warrior rentre au port\" class=\"wp-image-19265\"\/><\/figure>\n\n<p>Or, notre demande est beaucoup plus simple que \u00e7a : les scientifiques n\u2019\u00e9taient m\u00eame pas encore pr\u00e9sents lorsque nous avons vu une grande tache de s\u00e9diments \u00e0 la surface de la mer, ce qui peut \u00eatre le signe d\u2019une perturbation s\u00e9rieuse du fond marin. Il n\u2019est pas difficile de v\u00e9rifier si notre hypoth\u00e8se est correcte : la publication des images de GSR suffirait.&nbsp;<\/p>\n\n<figure class=\"wp-block-image size-large  caption-style-medium caption-alignment-center\"><img loading=\"lazy\" decoding=\"async\" width=\"999\" height=\"663\" src=\"https:\/\/www.greenpeace.org\/static\/planet4-belgium-stateless\/2021\/05\/e5e384de-oceans_dsm_4.jpg\" alt=\"Actions contre l\u2019exploitation mini\u00e8re en eaux profondes : le Rainbow Warrior rentre au port\" class=\"wp-image-22076\" srcset=\"https:\/\/www.greenpeace.org\/static\/planet4-belgium-stateless\/2021\/05\/e5e384de-oceans_dsm_4.jpg 999w, https:\/\/www.greenpeace.org\/static\/planet4-belgium-stateless\/2021\/05\/e5e384de-oceans_dsm_4-300x199.jpg 300w, https:\/\/www.greenpeace.org\/static\/planet4-belgium-stateless\/2021\/05\/e5e384de-oceans_dsm_4-768x510.jpg 768w, https:\/\/www.greenpeace.org\/static\/planet4-belgium-stateless\/2021\/05\/e5e384de-oceans_dsm_4-510x338.jpg 510w\" sizes=\"auto, (max-width: 999px) 100vw, 999px\" \/><\/figure>\n\n<p>Notre gouvernement a \u00e9galement int\u00e9r\u00eat \u00e0 voir ces images, car en tant qu\u2019\u00c9tat sponsor, la Belgique est en partie responsable des dommages \u00e9ventuels caus\u00e9s par GSR. Le ministre Vincent Van Quickenborne a le m\u00e9rite de se montrer ouvert au dialogue avec toutes les parties prenantes depuis notre pr\u00e9sence dans le Pacifique. Il est d\u00e8s lors de la plus haute importance que toutes les informations pertinentes puissent \u00eatre mises sur la table. En effet, les grands fonds marins font partie du patrimoine commun de l\u2019humanit\u00e9, et nous y avons donc tous droit.&nbsp;<\/p>\n\n<span class=\"mid-button-fix\"><a class=\"cta-blog-button-mid\" href=\"https:\/\/www.greenpeace.org\/belgium\/fr\/agir\/deep-sea-mining\/\" target=\"_blank\" rel=\"noopener noreferrer\">Je signe la p\u00e9tition contre l&rsquo;exploitation mini\u00e8re en eaux profondes<\/a><\/span>\n\n<h3 class=\"wp-block-heading\">Notre campagne continue\u2026 avec vous \u00e0 bord ?<\/h3>\n\n<figure class=\"wp-block-image size-large  caption-style-medium caption-alignment-center\"><img loading=\"lazy\" decoding=\"async\" width=\"999\" height=\"663\" src=\"https:\/\/www.greenpeace.org\/static\/planet4-belgium-stateless\/2021\/04\/b28068a4-dsm_deepgreen.jpg\" alt=\"Actions contre l\u2019exploitation mini\u00e8re en eaux profondes : le Rainbow Warrior rentre au port\" class=\"wp-image-21400\" srcset=\"https:\/\/www.greenpeace.org\/static\/planet4-belgium-stateless\/2021\/04\/b28068a4-dsm_deepgreen.jpg 999w, https:\/\/www.greenpeace.org\/static\/planet4-belgium-stateless\/2021\/04\/b28068a4-dsm_deepgreen-300x199.jpg 300w, https:\/\/www.greenpeace.org\/static\/planet4-belgium-stateless\/2021\/04\/b28068a4-dsm_deepgreen-768x510.jpg 768w, https:\/\/www.greenpeace.org\/static\/planet4-belgium-stateless\/2021\/04\/b28068a4-dsm_deepgreen-510x338.jpg 510w\" sizes=\"auto, (max-width: 999px) 100vw, 999px\" \/><\/figure>\n\n<p>La fin de notre exp\u00e9dition en bateau est loin d\u2019\u00eatre la fin de notre campagne. <a href=\"https:\/\/www.greenpeace.org\/belgium\/fr\/blog\/21385\/la-belgique-grande-protectrice-des-oceans-vraiment\/\">Nous attendons toujours que la Belgique joue pleinement son r\u00f4le dans la protection des oc\u00e9ans<\/a> et qu\u2019elle cesse de soutenir une industrie susceptible de causer des dommages irr\u00e9versibles et irr\u00e9parables au plus grand \u00e9cosyst\u00e8me de la plan\u00e8te.&nbsp;<\/p>\n\n<p>Plus de 40 000 personnes ont d\u00e9j\u00e0 sign\u00e9 notre appel au ministre pour qu\u2019il fasse un choix clair et mette fin au soutien belge \u00e0 l\u2019exploitation mini\u00e8re en eaux profondes. Aidez-nous \u00e0 faire passer le message et \u00e0 partager la p\u00e9tition le plus largement possible, afin que nous puissions la brandir cette ann\u00e9e encore, lorsque des d\u00e9cisions politiques importantes seront prises \u00e0 propos de l\u2019exploitation mini\u00e8re en eaux profondes.<\/p>\n\n<p>\u00a0Blog \u00e9crit depuis le Rainbow Warrior par <a href=\"https:\/\/www.greenpeace.org\/belgium\/fr\/blog\/22003\/videos-a-bord-du-rainbow-warrior-dans-le-pacifique-notre-collegue-an-repond-a-vos-questions\/\">An Lambrechts<\/a>, experte oc\u00e9ans \u00e0 Greenpeace Belgique<\/p>\n\n<a class=\"cta-blog-button\" href=\"https:\/\/www.greenpeace.org\/belgium\/fr\/agir\/deep-sea-mining\/\" target=\"_blank\" rel=\"noopener noreferrer\">Je signe la p\u00e9tition contre l&rsquo;exploitation mini\u00e8re en eaux profondes<\/a>\n\n<span class=\"shareSocialArea\">\n<a class=\"shareFacebook\" href=\"https:\/\/www.facebook.com\/sharer\/sharer.php?u=https:\/\/www.greenpeace.org\/belgium\/fr\/blog\/22224\/actions-contre-lexploitation-miniere-en-eaux-profondes-le-rainbow-warrior-rentre-au-port\/\" target=\"_blank\" rel=\"noopener noreferrer\">Je partage sur Facebook<\/a>\n<a class=\"shareTwitter\" href=\"https:\/\/twitter.com\/share?url=https:\/\/www.greenpeace.org\/belgium\/fr\/blog\/22224\/actions-contre-lexploitation-miniere-en-eaux-profondes-le-rainbow-warrior-rentre-au-port\/&#038;text=Actions%20contre%20l%E2%80%99exploitation%20mini%C3%A8re%20en%20eaux%20profondes%20%3A%20le%20Rainbow%20Warrior%20rentre%20au%20port%20-%20Le%20Rainbow%20Warrior%20a%20remis%20le%20cap%20vers%20Amsterdam,%20marquant%20ainsi%20la%20fin%20de%20notre%20p%C3%A9riple%20r%C3%A9ussi%20dans%20le%20Pacifique.%20C%E2%80%99%C3%A9tait%20la%20premi%C3%A8re%20fois%20que%20nous%20prenions%20la%20mer%20pour%20nous%20rendre%20compte%20de%20visu%20de%20ce%20que%20fabrique%20l%E2%80%99industrie%20mini%C3%A8re%20en%20eaux%20profondes.%20via%20@greenpeace_be&#038;related=greenpeace_be\" target=\"_blank\" rel=\"noopener noreferrer\">Je partage sur Twitter<\/a>\n<a class=\"shareWhatsapp\" href=\"https:\/\/api.whatsapp.com\/send?text=Actions+contre+l%E2%80%99exploitation+mini%C3%A8re+en+eaux+profondes+%3A+le+Rainbow+Warrior+rentre+au+port+https%3A%2F%2Fwww.greenpeace.org%2Fbelgium%2Ffr%2Fblog%2F22224%2Factions-contre-lexploitation-miniere-en-eaux-profondes-le-rainbow-warrior-rentre-au-port%2F\" target=\"_blank\" rel=\"noopener noreferrer\">Je partage sur Whatsapp<\/a>\n<\/span>\n\n\n<a class=\"ctaDonateContainer\" target=\"_blank\" href=\"https:\/\/act.greenpeace.org\/page\/35703\/donate\/1?locale=fr-BE&#038;_ga=2.192557353.2055212094.1603091135-347892486.1598958044\" rel=\"noopener noreferrer\">\n<div id=\"cta-donate\">\n<div id=\"cta-donate-text\">\n<h2 style=\"text-shadow: 0 2px 5px rgba(0,0,0,.25); color: #fff;\">Je soutiens Greenpeace<\/h2>\n<\/div>\n<div id=\"cta-donate-button\">\n<a class=\"ctaDonateBtn\" target=\"_blank\" href=\"https:\/\/act.greenpeace.org\/page\/35703\/donate\/1?locale=fr-BE\" rel=\"noopener noreferrer\">Je fais un don<\/a>\n<\/div>\n<\/div>\n<\/a>\n\n\n<table class=\"hideme\" style=\"width: 100%;\" width=\"100%\">\n<tbody>\n<tr style=\"width: 100%;\">\n<td class=\"icon\"><a href=\"https:\/\/www.facebook.com\/greenpeace.belgium\" target=\"_blank\" rel=\"noopener noreferrer\">\n<img decoding=\"async\" title=\"Facebook\" src=\"https:\/\/storage.googleapis.com\/planet4-belgium-stateless\/2019\/09\/09281872-fb.png\" alt=\"Facebook\" width=\"100%\">\n<\/a><\/td>\n<td class=\"name\"><a href=\"https:\/\/www.facebook.com\/greenpeace.belgium\" target=\"_blank\" rel=\"noopener noreferrer\">\nFacebook\n<\/a><\/td>\n<td class=\"icon\"><a href=\"https:\/\/www.instagram.com\/greenpeace_be\/\" target=\"_blank\" rel=\"noopener noreferrer\">\n<img decoding=\"async\" title=\"Instagram\" src=\"https:\/\/storage.googleapis.com\/planet4-belgium-stateless\/2019\/09\/89871ad4-insta.png\" alt=\"Instagram\" width=\"100%\">\n<\/a><\/td>\n<td class=\"name\"><a href=\"https:\/\/www.instagram.com\/greenpeace_be\/\" target=\"_blank\" rel=\"noopener noreferrer\">\nInstagram\n<\/a><\/td>\n<td class=\"icon\"><a href=\"https:\/\/twitter.com\/greenpeace_be\" target=\"_blank\" rel=\"noopener noreferrer\">\n<img decoding=\"async\" title=\"Twitter\" src=\"https:\/\/storage.googleapis.com\/planet4-belgium-stateless\/2019\/09\/aebb8c6a-tw.png\" alt=\"Twitter\" width=\"100%\">\n<\/a><\/td>\n<td class=\"name\"><a href=\"https:\/\/twitter.com\/greenpeace_be\" target=\"_blank\" rel=\"noopener noreferrer\">\nTwitter\n<\/a><\/td>\n<td class=\"icon\"><a href=\"https:\/\/www.youtube.com\/user\/GreenpeaceBelgium\" target=\"_blank\" rel=\"noopener noreferrer\">\n<img decoding=\"async\" title=\"YouTube\" src=\"https:\/\/storage.googleapis.com\/planet4-belgium-stateless\/2019\/09\/4fd7759c-yt.png\" alt=\"YouTube\" width=\"100%\">\n<\/a><\/td>\n<td class=\"name\"><a href=\"https:\/\/www.youtube.com\/user\/GreenpeaceBelgium\" target=\"_blank\" rel=\"noopener noreferrer\">\nYouTube\n<\/a><\/td>\n<td class=\"icon\"><a href=\"https:\/\/www.pinterest.com\/greenpeacebe\/\" target=\"_blank\" rel=\"noopener noreferrer\">\n<img decoding=\"async\" title=\"YouTube\" src=\"https:\/\/storage.googleapis.com\/planet4-belgium-stateless\/2020\/05\/4454201c-pinterest.png\" alt=\"Pinterest\" width=\"100%\">\n<\/a><\/td>\n<td class=\"name\"><a href=\"https:\/\/www.pinterest.com\/greenpeacebe\/\" target=\"_blank\" rel=\"noopener noreferrer\">\nPinterest\n<\/a><\/td>\n<\/tr>\n<\/tbody>\n<\/table>\n\n<div class=\"EmptyMessage\">Block content is empty. Check the block&rsquo;s settings or remove it.<\/div>","protected":false},"excerpt":{"rendered":"<p>Le Rainbow Warrior a remis le cap vers Amsterdam, marquant ainsi la fin de notre p\u00e9riple r\u00e9ussi dans le Pacifique. C\u2019\u00e9tait la premi\u00e8re fois que nous prenions la mer pour nous rendre compte de visu de ce que fabrique l\u2019industrie mini\u00e8re en eaux profondes. <\/p>\n","protected":false},"author":49,"featured_media":21414,"comment_status":"closed","ping_status":"closed","sticky":false,"template":"","format":"standard","meta":{"ep_exclude_from_search":false,"p4_og_title":"Actions contre l\u2019exploitation mini\u00e8re en eaux profondes : le Rainbow Warrior rentre au port","p4_og_description":"Le Rainbow Warrior a remis le cap vers Amsterdam, marquant ainsi la fin de notre p\u00e9riple r\u00e9ussi dans le Pacifique. C\u2019\u00e9tait la premi\u00e8re fois que nous prenions la mer pour nous rendre compte de visu de ce que fabrique l\u2019industrie mini\u00e8re en eaux profondes. ","p4_og_image":"","p4_og_image_id":"","p4_seo_canonical_url":"","p4_campaign_name":"not set","p4_local_project":"not set","p4_basket_name":"not set","p4_department":"","footnotes":""},"categories":[106,1],"tags":[82],"p4-page-type":[116],"class_list":["post-22224","post","type-post","status-publish","format-standard","has-post-thumbnail","hentry","category-il-est-encore-temps","category-non-classifiee","tag-oceans","p4-page-type-actualites-blog"],"_links":{"self":[{"href":"https:\/\/www.greenpeace.org\/belgium\/fr\/wp-json\/wp\/v2\/posts\/22224","targetHints":{"allow":["GET"]}}],"collection":[{"href":"https:\/\/www.greenpeace.org\/belgium\/fr\/wp-json\/wp\/v2\/posts"}],"about":[{"href":"https:\/\/www.greenpeace.org\/belgium\/fr\/wp-json\/wp\/v2\/types\/post"}],"author":[{"embeddable":true,"href":"https:\/\/www.greenpeace.org\/belgium\/fr\/wp-json\/wp\/v2\/users\/49"}],"replies":[{"embeddable":true,"href":"https:\/\/www.greenpeace.org\/belgium\/fr\/wp-json\/wp\/v2\/comments?post=22224"}],"version-history":[{"count":7,"href":"https:\/\/www.greenpeace.org\/belgium\/fr\/wp-json\/wp\/v2\/posts\/22224\/revisions"}],"predecessor-version":[{"id":25076,"href":"https:\/\/www.greenpeace.org\/belgium\/fr\/wp-json\/wp\/v2\/posts\/22224\/revisions\/25076"}],"wp:featuredmedia":[{"embeddable":true,"href":"https:\/\/www.greenpeace.org\/belgium\/fr\/wp-json\/wp\/v2\/media\/21414"}],"wp:attachment":[{"href":"https:\/\/www.greenpeace.org\/belgium\/fr\/wp-json\/wp\/v2\/media?parent=22224"}],"wp:term":[{"taxonomy":"category","embeddable":true,"href":"https:\/\/www.greenpeace.org\/belgium\/fr\/wp-json\/wp\/v2\/categories?post=22224"},{"taxonomy":"post_tag","embeddable":true,"href":"https:\/\/www.greenpeace.org\/belgium\/fr\/wp-json\/wp\/v2\/tags?post=22224"},{"taxonomy":"p4-page-type","embeddable":true,"href":"https:\/\/www.greenpeace.org\/belgium\/fr\/wp-json\/wp\/v2\/p4-page-type?post=22224"}],"curies":[{"name":"wp","href":"https:\/\/api.w.org\/{rel}","templated":true}]}}