{"id":22708,"date":"2021-06-15T10:04:00","date_gmt":"2021-06-15T08:04:00","guid":{"rendered":"https:\/\/www.greenpeace.org\/belgium\/?p=22708"},"modified":"2021-12-01T13:57:54","modified_gmt":"2021-12-01T12:57:54","slug":"leolien-terrestre-un-potentiel-important-mais-des-progres-trop-limites","status":"publish","type":"post","link":"https:\/\/www.greenpeace.org\/belgium\/fr\/actualites-blog\/22708\/leolien-terrestre-un-potentiel-important-mais-des-progres-trop-limites\/","title":{"rendered":"L\u2019\u00e9olien terrestre : un potentiel important, mais des progr\u00e8s (trop) limit\u00e9s"},"content":{"rendered":"\n<p><strong>Ce 15 juin, nous c\u00e9l\u00e9brons la journ\u00e9e europ\u00e9enne du vent. C\u2019est l\u2019occasion id\u00e9ale de r\u00e9fl\u00e9chir \u00e0 cette source d\u2019\u00e9nergie in\u00e9puisable. L\u2019\u00e9nergie \u00e9olienne a un potentiel \u00e9norme, mais les r\u00e9cents succ\u00e8s de l\u2019\u00e9olien en mer ne suffisent pas \u00e0 faire oublier la lenteur exasp\u00e9rante du d\u00e9ploiement de l\u2019\u00e9olien terrestre. Il y a donc encore peu de raisons de se r\u00e9jouir pour l\u2019instant.<\/strong><\/p>\n\n<figure class=\"wp-block-image size-large\"><img loading=\"lazy\" decoding=\"async\" width=\"999\" height=\"663\" src=\"https:\/\/www.greenpeace.org\/static\/planet4-belgium-stateless\/2019\/12\/d59c770d-train1.jpg\" alt=\"L\u2019\u00e9olien terrestre : un potentiel important, mais des progr\u00e8s (trop) limit\u00e9s\" class=\"wp-image-7988\" srcset=\"https:\/\/www.greenpeace.org\/static\/planet4-belgium-stateless\/2019\/12\/d59c770d-train1.jpg 999w, https:\/\/www.greenpeace.org\/static\/planet4-belgium-stateless\/2019\/12\/d59c770d-train1-300x199.jpg 300w, https:\/\/www.greenpeace.org\/static\/planet4-belgium-stateless\/2019\/12\/d59c770d-train1-768x510.jpg 768w, https:\/\/www.greenpeace.org\/static\/planet4-belgium-stateless\/2019\/12\/d59c770d-train1-510x338.jpg 510w\" sizes=\"auto, (max-width: 999px) 100vw, 999px\" \/><\/figure>\n\n<p>Pourtant, l\u2019\u00e9nergie \u00e9olienne terrestre est n\u00e9cessaire pour une transition rapide et abordable vers une \u00e9nergie 100 % renouvelable. Une seule \u00e9olienne fournit de l\u2019\u00e9lectricit\u00e9 verte \u00e0 une moyenne de 2 000 familles, au prix le plus bas et avec les plus faibles \u00e9missions de CO<sub>2<\/sub> par kWh. En outre, les \u00e9nergies solaire et \u00e9olienne se compl\u00e8tent bien et peuvent \u00eatre d\u00e9ploy\u00e9es \u00e0 grande \u00e9chelle \u00e0 court terme. Compte tenu de l\u2019urgence de la crise climatique, ce n\u2019est certainement pas un luxe inutile.&nbsp;<\/p>\n\n<p>Vous souhaitez soutenir l\u2019\u00e9nergie \u00e9olienne ? Optez pour un fournisseur d\u2019\u00e9lectricit\u00e9 verte qui investit pleinement dans les \u00e9nergies renouvelables.<\/p>\n\n<span class=\"mid-button-fix\"><a class=\"cta-blog-button-mid\" href=\"https:\/\/www.greenpeace.org\/belgium\/fr\/agir\/passez-a-lelectricite-verte\/\" target=\"_blank\" rel=\"noopener noreferrer\">Je passe \u00e0 l&rsquo;\u00e9lectricit\u00e9 verte<\/a><\/span>\n\n<h3 class=\"wp-block-heading\">Eolien: champion en mer, \u00e0 la tra\u00eene sur terre<\/h3>\n\n<figure class=\"wp-block-image size-large\"><img loading=\"lazy\" decoding=\"async\" width=\"999\" height=\"663\" src=\"https:\/\/www.greenpeace.org\/static\/planet4-belgium-stateless\/2020\/03\/c03d8dff-offshore_wind_energy.jpg\" alt=\"L\u2019\u00e9olien terrestre : un potentiel important, mais des progr\u00e8s (trop) limit\u00e9s\" class=\"wp-image-9554\" srcset=\"https:\/\/www.greenpeace.org\/static\/planet4-belgium-stateless\/2020\/03\/c03d8dff-offshore_wind_energy.jpg 999w, https:\/\/www.greenpeace.org\/static\/planet4-belgium-stateless\/2020\/03\/c03d8dff-offshore_wind_energy-300x199.jpg 300w, https:\/\/www.greenpeace.org\/static\/planet4-belgium-stateless\/2020\/03\/c03d8dff-offshore_wind_energy-768x510.jpg 768w, https:\/\/www.greenpeace.org\/static\/planet4-belgium-stateless\/2020\/03\/c03d8dff-offshore_wind_energy-510x338.jpg 510w\" sizes=\"auto, (max-width: 999px) 100vw, 999px\" \/><\/figure>\n\n<p>La Belgique fait partie des leaders mondiaux de l\u2019\u00e9nergie \u00e9olienne offshore. Les \u00e9oliennes en mer fournissent d\u00e9j\u00e0 suffisamment d\u2019\u00e9lectricit\u00e9 pour alimenter pr\u00e8s d\u2019une famille belge sur deux, et ce chiffre sera encore doubl\u00e9 dans les ann\u00e9es \u00e0 venir. En mer du Nord, nous travaillons \u00e9galement \u00e0 \u00e9tablir des<a href=\"https:\/\/www.greenpeace.org\/belgium\/fr\/blog\/19948\/le-cable-maritime-avec-le-danemark-montre-comment-les-petits-pays-peuvent-etre-grands-2\/\"> connexions<\/a> avec d\u2019autres pays comme le Danemark.<\/p>\n\n<p>Les succ\u00e8s obtenus en mer contrastent fortement avec le d\u00e9veloppement difficile de l\u2019\u00e9olien terrestre. Tant en Flandre qu\u2019en Wallonie, les porteurs de projets \u00e9oliens ont de plus en plus de mal \u00e0 faire d\u00e9coller leurs nouveaux projets. En 2020, 24 nouvelles \u00e9oliennes ont \u00e9t\u00e9 construites en Wallonie et 31 en Flandre, repr\u00e9sentant respectivement une puissance install\u00e9e d\u2019environ 70 MW et 80 MW. C\u2019est beaucoup moins que les 40 nouvelles \u00e9oliennes, ou 100 MW, qui sont au minimum n\u00e9cessaires chaque ann\u00e9e pour atteindre les objectifs wallons et flamands en mati\u00e8re d\u2019\u00e9nergie \u00e9olienne. La Flandre a d\u00e9j\u00e0 55 \u00e9oliennes de retard sur son propre calendrier pour la p\u00e9riode 2020-2025.<\/p>\n\n<h3 class=\"wp-block-heading\">Objections et recours : les \u00e9viter si possible, les acc\u00e9l\u00e9rer si n\u00e9cessaire<\/h3>\n\n<p>Ce sont principalement les longues proc\u00e9dures de recours qui mettent le d\u00e9veloppement des projets \u00e9oliens en veilleuse. Les riverains sont souvent pr\u00e9occup\u00e9s par l\u2019impact des \u00e9oliennes sur la nature, la sant\u00e9 et le bien-\u00eatre, et introduisent des recours contre les permis d\u00e9livr\u00e9s. Ces proc\u00e9dures entra\u00eenent un retard moyen de 18 mois. Le droit d\u2019opposition ou de recours <a href=\"https:\/\/www.11m.be\/petitions\/maak-onze-natuur-niet-monddood\">doit \u00eatre absolument garanti<\/a>. Toutefois, les longs d\u00e9lais de traitement de ces proc\u00e9dures entra\u00eenent rapidement des ann\u00e9es de retard et d\u2019incertitude pour les investisseurs. La r\u00e9duction du d\u00e9lai de traitement \u00e0 un maximum de six mois contribuerait grandement \u00e0 am\u00e9liorer les choses. Des moyens suppl\u00e9mentaires doivent \u00eatre allou\u00e9s de toute urgence si l\u2019on veut conserver une chance d\u2019atteindre des objectifs climatiques d\u00e9j\u00e0 peu ambitieux.<\/p>\n\n<p>Une proc\u00e9dure d\u2019opposition ou de recours ne devrait en tout cas \u00eatre possible qu\u2019en dernier lieu. Un meilleur processus pr\u00e9liminaire pr\u00e9voyant davantage de concertation peut souvent \u00e9viter ces proc\u00e9dures. Les nouveaux projets \u00e9oliens auront de meilleures chances de succ\u00e8s s\u2019ils tiennent davantage compte des pr\u00e9occupations des riverains lors de l\u2019introduction des demandes de permis. Il va sans dire que les riverains doivent \u00e9galement pouvoir b\u00e9n\u00e9ficier financi\u00e8rement des \u00e9oliennes. \u00c0 l\u2019heure actuelle, les mesures prises \u00e0 cet \u00e9gard sont bien trop peu nombreuses. Pourtant, la participation citoyenne directe permet de compenser en partie les inconv\u00e9nients subis par les riverains, et elle leur permet \u00e9galement de participer aux b\u00e9n\u00e9fices, ce qui ne peut que renforcer le soutien aux projets \u00e9oliens.<\/p>\n\n<h3 class=\"wp-block-heading\">Donnez \u00e0 l\u2019\u00e9nergie \u00e9olienne la place qu\u2019elle m\u00e9rite<\/h3>\n\n<p>Afin de limiter le r\u00e9chauffement de la plan\u00e8te \u00e0 1,5 \u00b0C, il est n\u00e9cessaire de passer rapidement \u00e0 une \u00e9nergie 100 % renouvelable. L\u2019\u00e9nergie \u00e9olienne terrestre joue un r\u00f4le important \u00e0 cet \u00e9gard, car elle offre la solution la plus \u00e9conomique, la plus rapide et la plus s\u00fbre, avec les \u00e9missions les plus faibles. Adoptons donc cette source d\u2019\u00e9nergie et donnons-lui la place qu\u2019elle m\u00e9rite. Faisons de chaque jour la Journ\u00e9e du vent.<\/p>\n\n<span class=\"mid-button-fix\"><a class=\"cta-blog-button-mid\" href=\"https:\/\/www.greenpeace.org\/belgium\/fr\/agir\/passez-a-lelectricite-verte\/\" target=\"_blank\" rel=\"noopener noreferrer\">Je passe \u00e0 l&rsquo;\u00e9lectricit\u00e9 verte<\/a><\/span>\n\n<span class=\"shareSocialArea\">\n<a class=\"shareFacebook\" href=\"https:\/\/www.facebook.com\/sharer\/sharer.php?u=https:\/\/www.greenpeace.org\/belgium\/fr\/blog\/22708\/leolien-terrestre-un-potentiel-important-mais-des-progres-trop-limites\/\" target=\"_blank\" rel=\"noopener noreferrer\">Je partage sur Facebook<\/a>\n<a class=\"shareTwitter\" href=\"https:\/\/twitter.com\/share?url=https:\/\/www.greenpeace.org\/belgium\/fr\/blog\/22708\/leolien-terrestre-un-potentiel-important-mais-des-progres-trop-limites\/&amp;text=L%E2%80%99%C3%A9olien%20terrestre%20%3A%20un%20potentiel%20important%2C%20mais%20des%20progr%C3%A8s%20%28trop%29%20limit%C3%A9s%20-%20Ce%2015%20juin,%20nous%20c%C3%A9l%C3%A9brons%20la%20journ%C3%A9e%20europ%C3%A9enne%20du%20vent.%20C%E2%80%99est%20l%E2%80%99occasion%20id%C3%A9ale%20de%20r%C3%A9fl%C3%A9chir%20%C3%A0%20cette%20source%20d%E2%80%99%C3%A9nergie%20in%C3%A9puisable.%20via%20@greenpeace_be&amp;related=greenpeace_be\" target=\"_blank\" rel=\"noopener noreferrer\">Je partage sur Twitter<\/a>\n<a class=\"shareWhatsapp\" href=\"https:\/\/api.whatsapp.com\/send?text=L%E2%80%99%C3%A9olien+terrestre+%3A+un+potentiel+important%2C+mais+des+progr%C3%A8s+%28trop%29+limit%C3%A9s+https%3A%2F%2Fwww.greenpeace.org%2Fbelgium%2Ffr%2Fblog%2F22708%2Fleolien-terrestre-un-potentiel-important-mais-des-progres-trop-limites%2F\" target=\"_blank\" rel=\"noopener noreferrer\">Je partage sur Whatsapp<\/a>\n<\/span>\n\n<a class=\"ctaDonateContainer\" target=\"_blank\" href=\"https:\/\/act.greenpeace.org\/page\/35703\/donate\/1?locale=fr-BE&#038;_ga=2.192557353.2055212094.1603091135-347892486.1598958044\" rel=\"noopener noreferrer\">\n<div id=\"cta-donate\">\n<div id=\"cta-donate-text\">\n<h2 style=\"text-shadow: 0 2px 5px rgba(0,0,0,.25); color: #fff;\">Je soutiens Greenpeace<\/h2>\n<\/div>\n<div id=\"cta-donate-button\">\n<a class=\"ctaDonateBtn\" target=\"_blank\" href=\"https:\/\/act.greenpeace.org\/page\/35703\/donate\/1?locale=fr-BE\" rel=\"noopener noreferrer\">Je fais un don<\/a>\n<\/div>\n<\/div>\n<\/a>\n\n<table class=\"hideme\" style=\"width: 100%;\" width=\"100%\">\n<tbody>\n<tr style=\"width: 100%;\">\n<td class=\"icon\"><a href=\"https:\/\/www.facebook.com\/greenpeace.belgium\" target=\"_blank\" rel=\"noopener noreferrer\">\n<img decoding=\"async\" title=\"Facebook\" src=\"https:\/\/storage.googleapis.com\/planet4-belgium-stateless\/2019\/09\/09281872-fb.png\" alt=\"Facebook\" width=\"100%\">\n<\/a><\/td>\n<td class=\"name\"><a href=\"https:\/\/www.facebook.com\/greenpeace.belgium\" target=\"_blank\" rel=\"noopener noreferrer\">\nFacebook\n<\/a><\/td>\n<td class=\"icon\"><a href=\"https:\/\/www.instagram.com\/greenpeace_be\/\" target=\"_blank\" rel=\"noopener noreferrer\">\n<img decoding=\"async\" title=\"Instagram\" src=\"https:\/\/storage.googleapis.com\/planet4-belgium-stateless\/2019\/09\/89871ad4-insta.png\" alt=\"Instagram\" width=\"100%\">\n<\/a><\/td>\n<td class=\"name\"><a href=\"https:\/\/www.instagram.com\/greenpeace_be\/\" target=\"_blank\" rel=\"noopener noreferrer\">\nInstagram\n<\/a><\/td>\n<td class=\"icon\"><a href=\"https:\/\/twitter.com\/greenpeace_be\" target=\"_blank\" rel=\"noopener noreferrer\">\n<img decoding=\"async\" title=\"Twitter\" src=\"https:\/\/storage.googleapis.com\/planet4-belgium-stateless\/2019\/09\/aebb8c6a-tw.png\" alt=\"Twitter\" width=\"100%\">\n<\/a><\/td>\n<td class=\"name\"><a href=\"https:\/\/twitter.com\/greenpeace_be\" target=\"_blank\" rel=\"noopener noreferrer\">\nTwitter\n<\/a><\/td>\n<td class=\"icon\"><a href=\"https:\/\/www.youtube.com\/user\/GreenpeaceBelgium\" target=\"_blank\" rel=\"noopener noreferrer\">\n<img decoding=\"async\" title=\"YouTube\" src=\"https:\/\/storage.googleapis.com\/planet4-belgium-stateless\/2019\/09\/4fd7759c-yt.png\" alt=\"YouTube\" width=\"100%\">\n<\/a><\/td>\n<td class=\"name\"><a href=\"https:\/\/www.youtube.com\/user\/GreenpeaceBelgium\" target=\"_blank\" rel=\"noopener noreferrer\">\nYouTube\n<\/a><\/td>\n<td class=\"icon\"><a href=\"https:\/\/www.pinterest.com\/greenpeacebe\/\" target=\"_blank\" rel=\"noopener noreferrer\">\n<img decoding=\"async\" title=\"YouTube\" src=\"https:\/\/storage.googleapis.com\/planet4-belgium-stateless\/2020\/05\/4454201c-pinterest.png\" alt=\"Pinterest\" width=\"100%\">\n<\/a><\/td>\n<td class=\"name\"><a href=\"https:\/\/www.pinterest.com\/greenpeacebe\/\" target=\"_blank\" rel=\"noopener noreferrer\">\nPinterest\n<\/a><\/td>\n<\/tr>\n<\/tbody>\n<\/table>\n<div class=\"EmptyMessage\">Block content is empty. Check the block&rsquo;s settings or remove it.<\/div>","protected":false},"excerpt":{"rendered":"<p>Ce 15 juin, nous c\u00e9l\u00e9brons aujourd\u2019hui la journ\u00e9e europ\u00e9enne du vent. C\u2019est l\u2019occasion id\u00e9ale de r\u00e9fl\u00e9chir \u00e0 cette source d\u2019\u00e9nergie in\u00e9puisable.<\/p>\n","protected":false},"author":49,"featured_media":7988,"comment_status":"closed","ping_status":"closed","sticky":false,"template":"","format":"standard","meta":{"ep_exclude_from_search":false,"p4_og_title":"L\u2019\u00e9olien terrestre : un potentiel important, mais des progr\u00e8s (trop) limit\u00e9s","p4_og_description":"Ce 15 juin, nous c\u00e9l\u00e9brons la journ\u00e9e europ\u00e9enne du vent. C\u2019est l\u2019occasion id\u00e9ale de r\u00e9fl\u00e9chir \u00e0 cette source d\u2019\u00e9nergie in\u00e9puisable.","p4_og_image":"","p4_og_image_id":"","p4_seo_canonical_url":"","p4_campaign_name":"not set","p4_local_project":"not set","p4_basket_name":"not set","p4_department":"","footnotes":""},"categories":[106],"tags":[70],"p4-page-type":[116],"class_list":["post-22708","post","type-post","status-publish","format-standard","has-post-thumbnail","hentry","category-il-est-encore-temps","tag-energie","p4-page-type-actualites-blog"],"_links":{"self":[{"href":"https:\/\/www.greenpeace.org\/belgium\/fr\/wp-json\/wp\/v2\/posts\/22708","targetHints":{"allow":["GET"]}}],"collection":[{"href":"https:\/\/www.greenpeace.org\/belgium\/fr\/wp-json\/wp\/v2\/posts"}],"about":[{"href":"https:\/\/www.greenpeace.org\/belgium\/fr\/wp-json\/wp\/v2\/types\/post"}],"author":[{"embeddable":true,"href":"https:\/\/www.greenpeace.org\/belgium\/fr\/wp-json\/wp\/v2\/users\/49"}],"replies":[{"embeddable":true,"href":"https:\/\/www.greenpeace.org\/belgium\/fr\/wp-json\/wp\/v2\/comments?post=22708"}],"version-history":[{"count":6,"href":"https:\/\/www.greenpeace.org\/belgium\/fr\/wp-json\/wp\/v2\/posts\/22708\/revisions"}],"predecessor-version":[{"id":25047,"href":"https:\/\/www.greenpeace.org\/belgium\/fr\/wp-json\/wp\/v2\/posts\/22708\/revisions\/25047"}],"wp:featuredmedia":[{"embeddable":true,"href":"https:\/\/www.greenpeace.org\/belgium\/fr\/wp-json\/wp\/v2\/media\/7988"}],"wp:attachment":[{"href":"https:\/\/www.greenpeace.org\/belgium\/fr\/wp-json\/wp\/v2\/media?parent=22708"}],"wp:term":[{"taxonomy":"category","embeddable":true,"href":"https:\/\/www.greenpeace.org\/belgium\/fr\/wp-json\/wp\/v2\/categories?post=22708"},{"taxonomy":"post_tag","embeddable":true,"href":"https:\/\/www.greenpeace.org\/belgium\/fr\/wp-json\/wp\/v2\/tags?post=22708"},{"taxonomy":"p4-page-type","embeddable":true,"href":"https:\/\/www.greenpeace.org\/belgium\/fr\/wp-json\/wp\/v2\/p4-page-type?post=22708"}],"curies":[{"name":"wp","href":"https:\/\/api.w.org\/{rel}","templated":true}]}}