{"id":22856,"date":"2021-06-24T11:15:22","date_gmt":"2021-06-24T09:15:22","guid":{"rendered":"https:\/\/www.greenpeace.org\/belgium\/?p=22856"},"modified":"2021-11-17T13:04:29","modified_gmt":"2021-11-17T11:04:29","slug":"ue-sabotage-du-processus-legislatif-par-les-entreprises-impliquees-dans-la-deforestation","status":"publish","type":"post","link":"https:\/\/www.greenpeace.org\/belgium\/fr\/communique-de-presse\/22856\/ue-sabotage-du-processus-legislatif-par-les-entreprises-impliquees-dans-la-deforestation\/","title":{"rendered":"UE : Sabotage du processus l\u00e9gislatif par les entreprises impliqu\u00e9es dans la d\u00e9forestation"},"content":{"rendered":"\n<p><strong>Les entreprises qui tirent profit de la vente de produits li\u00e9s \u00e0 la d\u00e9forestation, et leurs groupes de pression, tentent de saper un projet de loi europ\u00e9en visant \u00e0 limiter l&rsquo;impact de la consommation europ\u00e9enne sur les \u00e9cosyst\u00e8mes mondiaux, selon une nouvelle recherche de Greenpeace.&nbsp;<\/strong><\/p>\n\n<p><a href=\"https:\/\/www.greenpeace.org\/static\/planet4-eu-unit-stateless\/2021\/06\/8c8d1fac-2021-06-24-sabotage-companies-lobby-against-eu-protection-worlds-forests.pdf\">L&rsquo;\u00e9tude<\/a> a analys\u00e9 les contributions de l&rsquo;industrie aux consultations publiques de la Commission europ\u00e9enne, ainsi que leurs d\u00e9clarations publiques et leurs documents de lobbying. Elle a r\u00e9v\u00e9l\u00e9 que les entreprises et les associations de diff\u00e9rents secteurs commerciaux (de la viande \u00e0 l&rsquo;huile de palme en passant par le papier) exercent une pression sur l&rsquo;UE pour obtenir des r\u00e9glementations faibles ou des \u00e9chappatoires pour leurs produits, m\u00eame si elles affirment en m\u00eame temps s&rsquo;engager \u00e0 lutter contre la d\u00e9forestation.<br><br><strong>Une r\u00e9glementation pourtant indispensable et urgente<\/strong><\/p>\n\n<p><em>\u00ab\u00a0La protection des \u00e9cosyst\u00e8mes, notamment des for\u00eats, est <\/em><strong><em>fondamentale pour notre avenir<\/em><\/strong><em>\u201d, <\/em>explique Philippe Verbelen, expert For\u00eats chez Greenpeace Belgique.<em> \u201cC\u2019est un \u00e9l\u00e9ment cl\u00e9 dans la lutte contre le d\u00e9r\u00e8glement climatique mais aussi un moyen fondamental pour prot\u00e9ger l\u2019humanit\u00e9 face \u00e0 l\u2019arriv\u00e9e de nouvelles maladies et soutenir la vie et les moyens de subsistance de millions de personnes. Une nouvelle loi europ\u00e9enne est donc d\u00e9sesp\u00e9r\u00e9ment n\u00e9cessaire pour que la consommation europ\u00e9enne cesse de favoriser la d\u00e9forestation. L\u2019\u00e9tude de Greenpeace montre que les entreprises impliqu\u00e9es dans la d\u00e9forestation sabotent n\u00e9anmoins ce processus. <\/em><strong><em>Elles utilisent la strat\u00e9gie des cancres dans une classe<\/em><\/strong><em> : elles pointent du doigt les autres, en insistant sur le fait qu&rsquo;elles ont d\u00e9j\u00e0 fait le travail, ou en se plaignant d&rsquo;\u00eatre trait\u00e9es injustement.\u00a0\u00bb<\/em><\/p>\n\n<p>En octobre 2020, le Parlement europ\u00e9en a demand\u00e9 \u00e0 la Commission europ\u00e9enne de r\u00e9diger une loi qui obligerait les entreprises pla\u00e7ant des produits sur le march\u00e9 de l&rsquo;UE \u00e0 montrer que leurs cha\u00eenes d&rsquo;approvisionnement sont exemptes de destruction de for\u00eats ou d&rsquo;autres \u00e9cosyst\u00e8mes &#8211; comme les savanes, les prairies, les tourbi\u00e8res &#8211; ou de violation des droits humains. Le Parlement a \u00e9galement demand\u00e9 \u00e0 la Commission d&rsquo;exiger des institutions financi\u00e8res op\u00e9rant en Europe qu&rsquo;elles d\u00e9montrent que leurs investissements ne sont pas li\u00e9s \u00e0 la destruction des for\u00eats et des \u00e9cosyst\u00e8mes ou \u00e0 des violations des droits humains.<\/p>\n\n<p><strong>Une exigence citoyenne<\/strong><\/p>\n\n<p>Plus d&rsquo;un million de personnes ont r\u00e9pondu \u00e0 la consultation publique de la Commission europ\u00e9enne, exigeant une nouvelle loi europ\u00e9enne forte pour \u00e9carter du march\u00e9 europ\u00e9en les produits li\u00e9s \u00e0 la d\u00e9forestation, \u00e0 la d\u00e9gradation des for\u00eats, \u00e0 la destruction de la nature et aux violations des droits humains. L&rsquo;\u00e9tude de Greenpeace a r\u00e9v\u00e9l\u00e9 que les entreprises qui vendent actuellement de tels produits ont fait pression, soit directement, soit par le biais d&rsquo;associations industrielles, pour limiter l&rsquo;impact de toute nouvelle loi europ\u00e9enne sur leurs mod\u00e8les commerciaux. Le rapport de Greenpeace montre que les entreprises se d\u00e9fendent en pointant du doigt d\u2019autres responsables, en assurant avoir d\u00e9j\u00e0 impl\u00e9ment\u00e9 des politiques volontaires et autres syst\u00e8mes de certification. Pour justifier leur inaction, elles affirment que d\u2019autres devraient agir avant elles.&nbsp;<\/p>\n\n<p><em>\u201cLa Commission europ\u00e9enne avait assur\u00e9 que cette proposition de loi serait publi\u00e9e lors du premier semestre 2021\u201d&nbsp; <\/em>explique Philippe Verbelen. <em>\u201cMais sa publication est maintenant <\/em><a href=\"https:\/\/www.gtreview.com\/news\/europe\/deforestation-campaigners-concerned-as-eu-delays-policy-proposals\/\"><strong><em>report\u00e9e<\/em><\/strong><em> apr\u00e8s la pause estivale<\/em><\/a><em>\u2026 Une fois publi\u00e9e par la Commission, le Parlement europ\u00e9en&nbsp;<\/em><\/p>\n\n<p><em>et les gouvernements nationaux commenceront \u00e0 formuler leurs positions et \u00e0 proposer des amendements, ce qui prendra encore beaucoup de temps. Or, en attendant, la d\u00e9forestation et la destruction des \u00e9cosyst\u00e8mes, elles, se poursuivent chaque jour.<\/em><\/p>\n","protected":false},"excerpt":{"rendered":"<p>Les entreprises qui tirent profit de la vente de produits li\u00e9s \u00e0 la d\u00e9forestation, et leurs groupes de pression, tentent de saper un projet de loi europ\u00e9en visant \u00e0 limiter&hellip;<\/p>\n","protected":false},"author":80,"featured_media":2798,"comment_status":"closed","ping_status":"closed","sticky":false,"template":"","format":"standard","meta":{"ep_exclude_from_search":false,"p4_og_title":"","p4_og_description":"","p4_og_image":"","p4_og_image_id":"","p4_seo_canonical_url":"","p4_campaign_name":"not set","p4_local_project":"not set","p4_basket_name":"not set","p4_department":"","footnotes":""},"categories":[1],"tags":[80],"p4-page-type":[117],"class_list":["post-22856","post","type-post","status-publish","format-standard","has-post-thumbnail","hentry","category-non-classifiee","tag-forets","p4-page-type-communique-de-presse"],"_links":{"self":[{"href":"https:\/\/www.greenpeace.org\/belgium\/fr\/wp-json\/wp\/v2\/posts\/22856","targetHints":{"allow":["GET"]}}],"collection":[{"href":"https:\/\/www.greenpeace.org\/belgium\/fr\/wp-json\/wp\/v2\/posts"}],"about":[{"href":"https:\/\/www.greenpeace.org\/belgium\/fr\/wp-json\/wp\/v2\/types\/post"}],"author":[{"embeddable":true,"href":"https:\/\/www.greenpeace.org\/belgium\/fr\/wp-json\/wp\/v2\/users\/80"}],"replies":[{"embeddable":true,"href":"https:\/\/www.greenpeace.org\/belgium\/fr\/wp-json\/wp\/v2\/comments?post=22856"}],"version-history":[{"count":1,"href":"https:\/\/www.greenpeace.org\/belgium\/fr\/wp-json\/wp\/v2\/posts\/22856\/revisions"}],"predecessor-version":[{"id":22857,"href":"https:\/\/www.greenpeace.org\/belgium\/fr\/wp-json\/wp\/v2\/posts\/22856\/revisions\/22857"}],"wp:featuredmedia":[{"embeddable":true,"href":"https:\/\/www.greenpeace.org\/belgium\/fr\/wp-json\/wp\/v2\/media\/2798"}],"wp:attachment":[{"href":"https:\/\/www.greenpeace.org\/belgium\/fr\/wp-json\/wp\/v2\/media?parent=22856"}],"wp:term":[{"taxonomy":"category","embeddable":true,"href":"https:\/\/www.greenpeace.org\/belgium\/fr\/wp-json\/wp\/v2\/categories?post=22856"},{"taxonomy":"post_tag","embeddable":true,"href":"https:\/\/www.greenpeace.org\/belgium\/fr\/wp-json\/wp\/v2\/tags?post=22856"},{"taxonomy":"p4-page-type","embeddable":true,"href":"https:\/\/www.greenpeace.org\/belgium\/fr\/wp-json\/wp\/v2\/p4-page-type?post=22856"}],"curies":[{"name":"wp","href":"https:\/\/api.w.org\/{rel}","templated":true}]}}