{"id":22926,"date":"2021-06-25T12:17:58","date_gmt":"2021-06-25T10:17:58","guid":{"rendered":"https:\/\/www.greenpeace.org\/belgium\/?p=22926"},"modified":"2021-11-17T13:04:34","modified_gmt":"2021-11-17T11:04:34","slug":"accord-europeen-sur-la-nouvelle-pac-un-desastre-environnemental-annonce","status":"publish","type":"post","link":"https:\/\/www.greenpeace.org\/belgium\/fr\/communique-de-presse\/22926\/accord-europeen-sur-la-nouvelle-pac-un-desastre-environnemental-annonce\/","title":{"rendered":"Accord europ\u00e9en sur la nouvelle PAC : \u201cun d\u00e9sastre environnemental annonc\u00e9\u201d"},"content":{"rendered":"\n<p><strong><em>\u201cLe tournant \u00e9cologique annonc\u00e9 de la Politique agricole commune (PAC) de l&rsquo;UE n&rsquo;est rien d&rsquo;autre que du greenwashing\u201d,<\/em><\/strong><strong> r\u00e9agit<\/strong><strong><em> <\/em><\/strong><strong>Greenpeace alors que les institutions europ\u00e9ennes viennent d\u2019aboutir \u00e0 un accord. <\/strong><strong><em>\u201cCette nouvelle PAC augure un d\u00e9sastre pour le climat, la nature et les petites exploitations agricoles. La Flandre et la Wallonie ont n\u00e9anmoins encore les cartes en main pour impl\u00e9menter des politiques fortes.\u201d<\/em><\/strong><\/p>\n\n<p>Apr\u00e8s de longues n\u00e9gociations, les repr\u00e9sentants du Parlement europ\u00e9en, de la Commission europ\u00e9enne et des gouvernements nationaux sont parvenus \u00e0 un accord sur la nouvelle PAC de l&rsquo;UE. \u201c<em>Cet accord s\u2019inscrit largement dans la continuit\u00e9 de la politique agricole de l\u2019UE\u201d <\/em>explique S\u00e9bastien Snoeck, expert Agriculture durable chez Greenpeace Belgique<em>. \u201cIl poursuit le financement d\u00e9sastreux de la viande et des produits laitiers industriels qui d\u00e9truisent notre environnement et mettent les petites exploitations en faillite au rythme de mille par jour.\u201d&nbsp;<\/em><\/p>\n\n<p><em>\u201cLorsqu&rsquo;il s&rsquo;agit d&rsquo;agriculture, l&rsquo;UE n&rsquo;\u00e9coute ni la science, ni les petits agriculteurs, ni m\u00eame ses propres auditeurs, et a mis en place une politique qui ne profite qu&rsquo;aux grands propri\u00e9taires terriens et aux plus grands acteurs agricoles\u201d<\/em>, continue-t-il.<em> \u201cLes dirigeants de l&rsquo;UE vont essayer de faire passer la r\u00e9forme pour un succ\u00e8s environnemental. Nous y voyons <\/em><strong><em>un dangereux greenwashing.<\/em><\/strong><em> Le Parlement ne devrait pas \u00eatre dupe. Nous appelons les d\u00e9put\u00e9s europ\u00e9ens \u00e0 voter contre l&rsquo;accord sur la PAC lorsqu&rsquo;il leur sera pr\u00e9sent\u00e9 en session pl\u00e9ni\u00e8re.\u201d<\/em><\/p>\n\n<p>Cette semaine, la Cour des comptes europ\u00e9enne, le \u201cchien de garde\u201d de l&rsquo;UE, a publi\u00e9 <a href=\"https:\/\/www.eca.europa.eu\/en\/Pages\/DocItem.aspx?did=58913\">un rapport<\/a> qui r\u00e9v\u00e8le que les \u00e9missions de gaz \u00e0 effet de serre de l&rsquo;agriculture n&rsquo;ont pas diminu\u00e9 dans le cadre de la PAC actuelle, malgr\u00e9 l&rsquo;affectation de 100 milliards d&rsquo;euros de son budget \u00e0 la lutte contre le changement climatique. <a href=\"https:\/\/www.eca.europa.eu\/en\/Pages\/DocItem.aspx?did=47751\">La Cour des comptes avait \u00e9galement d\u00e9j\u00e0 critiqu\u00e9<\/a> la proposition de r\u00e9forme d\u2019une <strong>PAC qui continuera \u00e0 subventionner les exploitations en fonction de la superficie des terres<\/strong>, estimant qu&rsquo;elle n&rsquo;\u00e9tait pas adapt\u00e9e \u00e0 une politique plus respectueuse de l&rsquo;environnement.&nbsp;<\/p>\n\n<p><a href=\"https:\/\/ec.europa.eu\/info\/sites\/default\/files\/food-farming-fisheries\/key_policies\/documents\/ext-eval-biodiversity-final-report_2020_en.pdf\">Des \u00e9valuations r\u00e9centes<\/a> de la Commission europ\u00e9enne ont montr\u00e9 que, lors de la mise en \u0153uvre des r\u00e8gles de la PAC, <strong>de nombreux gouvernements nationaux n&rsquo;engendrent pas ou peu de b\u00e9n\u00e9fices environnementaux<\/strong>. La flexibilit\u00e9 accrue accord\u00e9e aux gouvernements nationaux par cette nouvelle PAC rendra exceptionnellement difficile pour la Commission de s&rsquo;assurer que les plans nationaux sont mis en \u0153uvre, avertit Greenpeace.<br><br><em>\u201c<\/em><strong><em>La Flandre et la Wallonie vont devoir reprendre le sort de notre politique agricole en main\u201d<\/em><\/strong>, poursuit S\u00e9bastien Snoeck<em>.<\/em><strong><em> <\/em><\/strong><em>\u201cElles disposent d\u2019une tr\u00e8s grande marge de man\u0153uvre pour d\u00e9cider comment r\u00e9partir les fonds europ\u00e9ens qui d\u00e9couleront de cette PAC. Les plans strat\u00e9giques r\u00e9gionaux peuvent sauver les meubles en encourageant les pratiques agricoles qui prot\u00e8gent nature et climat, comme <\/em><strong><em>l&rsquo;\u00e9levage extensif et autonome, l&rsquo;agriculture biologique et les produits locaux de qualit\u00e9<\/em><\/strong><em> qui r\u00e9pondent \u00e0 nos besoins alimentaires\u201d<\/em>, conclut-il.<br><\/p>\n\n<p>Pour d\u00e9noncer le greenwashing autour de cette r\u00e9forme, les militants de Greenpeace avaient color\u00e9 le Parlement europ\u00e9en en vert fin mai.<\/p>\n\n<figure class=\"wp-block-image size-large\"><img loading=\"lazy\" decoding=\"async\" width=\"800\" height=\"533\" src=\"https:\/\/www.greenpeace.org\/static\/planet4-belgium-stateless\/2021\/05\/b220d21d-gp1sv7q8_web_size.jpg\" alt=\"\" class=\"wp-image-22356\" srcset=\"https:\/\/www.greenpeace.org\/static\/planet4-belgium-stateless\/2021\/05\/b220d21d-gp1sv7q8_web_size.jpg 800w, https:\/\/www.greenpeace.org\/static\/planet4-belgium-stateless\/2021\/05\/b220d21d-gp1sv7q8_web_size-300x200.jpg 300w, https:\/\/www.greenpeace.org\/static\/planet4-belgium-stateless\/2021\/05\/b220d21d-gp1sv7q8_web_size-768x512.jpg 768w, https:\/\/www.greenpeace.org\/static\/planet4-belgium-stateless\/2021\/05\/b220d21d-gp1sv7q8_web_size-510x340.jpg 510w\" sizes=\"auto, (max-width: 800px) 100vw, 800px\" \/><figcaption>Greenpeace EU activists greenwash the ground in front of the European Parliament in Brussels, to protest the negotiations on the EU\u2019s common agricultural policy continuing inside. They display a banner reading \u201cStop Greenwashing European Farming\u201d.<\/figcaption><\/figure>\n","protected":false},"excerpt":{"rendered":"<p>\u201cLe tournant \u00e9cologique annonc\u00e9 de la Politique agricole commune (PAC) de l&rsquo;UE n&rsquo;est rien d&rsquo;autre que du greenwashing\u201d, r\u00e9agit Greenpeace alors que les institutions europ\u00e9ennes viennent d\u2019aboutir \u00e0 un accord.&hellip;<\/p>\n","protected":false},"author":80,"featured_media":22356,"comment_status":"closed","ping_status":"closed","sticky":false,"template":"","format":"standard","meta":{"ep_exclude_from_search":false,"p4_og_title":"","p4_og_description":"","p4_og_image":"","p4_og_image_id":"","p4_seo_canonical_url":"","p4_campaign_name":"not set","p4_local_project":"not set","p4_basket_name":"not set","p4_department":"","footnotes":""},"categories":[1],"tags":[85],"p4-page-type":[117],"class_list":["post-22926","post","type-post","status-publish","format-standard","has-post-thumbnail","hentry","category-non-classifiee","tag-agriculture","p4-page-type-communique-de-presse"],"_links":{"self":[{"href":"https:\/\/www.greenpeace.org\/belgium\/fr\/wp-json\/wp\/v2\/posts\/22926","targetHints":{"allow":["GET"]}}],"collection":[{"href":"https:\/\/www.greenpeace.org\/belgium\/fr\/wp-json\/wp\/v2\/posts"}],"about":[{"href":"https:\/\/www.greenpeace.org\/belgium\/fr\/wp-json\/wp\/v2\/types\/post"}],"author":[{"embeddable":true,"href":"https:\/\/www.greenpeace.org\/belgium\/fr\/wp-json\/wp\/v2\/users\/80"}],"replies":[{"embeddable":true,"href":"https:\/\/www.greenpeace.org\/belgium\/fr\/wp-json\/wp\/v2\/comments?post=22926"}],"version-history":[{"count":2,"href":"https:\/\/www.greenpeace.org\/belgium\/fr\/wp-json\/wp\/v2\/posts\/22926\/revisions"}],"predecessor-version":[{"id":22928,"href":"https:\/\/www.greenpeace.org\/belgium\/fr\/wp-json\/wp\/v2\/posts\/22926\/revisions\/22928"}],"wp:featuredmedia":[{"embeddable":true,"href":"https:\/\/www.greenpeace.org\/belgium\/fr\/wp-json\/wp\/v2\/media\/22356"}],"wp:attachment":[{"href":"https:\/\/www.greenpeace.org\/belgium\/fr\/wp-json\/wp\/v2\/media?parent=22926"}],"wp:term":[{"taxonomy":"category","embeddable":true,"href":"https:\/\/www.greenpeace.org\/belgium\/fr\/wp-json\/wp\/v2\/categories?post=22926"},{"taxonomy":"post_tag","embeddable":true,"href":"https:\/\/www.greenpeace.org\/belgium\/fr\/wp-json\/wp\/v2\/tags?post=22926"},{"taxonomy":"p4-page-type","embeddable":true,"href":"https:\/\/www.greenpeace.org\/belgium\/fr\/wp-json\/wp\/v2\/p4-page-type?post=22926"}],"curies":[{"name":"wp","href":"https:\/\/api.w.org\/{rel}","templated":true}]}}