{"id":22936,"date":"2021-06-25T13:20:12","date_gmt":"2021-06-25T11:20:12","guid":{"rendered":"https:\/\/www.greenpeace.org\/belgium\/?p=22936"},"modified":"2021-06-25T13:24:25","modified_gmt":"2021-06-25T11:24:25","slug":"calendrier-de-la-zone-de-basses-emissions-a-bruxelles-un-grand-pas-en-avant-mais-ladieu-aux-vehicules-thermiques-doit-etre-plus-rapide","status":"publish","type":"post","link":"https:\/\/www.greenpeace.org\/belgium\/fr\/communique-de-presse\/22936\/calendrier-de-la-zone-de-basses-emissions-a-bruxelles-un-grand-pas-en-avant-mais-ladieu-aux-vehicules-thermiques-doit-etre-plus-rapide\/","title":{"rendered":"Calendrier de la zone de basses \u00e9missions \u00e0 Bruxelles : un grand pas en avant, mais l&rsquo;adieu aux v\u00e9hicules thermiques doit \u00eatre plus rapide"},"content":{"rendered":"\n<p><\/p>\n\n<p><\/p>\n\n<p><strong>Avec une mise \u00e0 jour de sa zone de basses \u00e9missions, la R\u00e9gion bruxelloise annonce la fin des v\u00e9hicules thermiques dans la capitale. Greenpeace salue la d\u00e9marche mais en esp\u00e9rait plus, et a \u00e9galement un message pour les peu ambitieuses Flandre et Wallonie.<\/strong><\/p>\n\n<p>Avec ce nouveau calendrier pour la zone de basses \u00e9missions, Bruxelles pr\u00e9voit la fin des v\u00e9hicules diesel en 2030 et des v\u00e9hicules \u00e0 essence et CNG (gaz) en 2035. Cette proposition est actuellement test\u00e9e aupr\u00e8s de diverses parties prenantes et devra ensuite \u00eatre finalis\u00e9e par le gouvernement r\u00e9gional de Bruxelles.<\/p>\n\n<p>\u00ab\u00a0<em>Cette proposition constitue un pr\u00e9c\u00e9dent important qui devrait servir d&rsquo;exemple pour le reste du pays. Car malgr\u00e9 un ralentissement pendant les confinements, le trafic routier reste une source croissante de pollution atmosph\u00e9rique et de CO<\/em><em><sub>2<\/sub><\/em>\u00ab\u00a0, d\u00e9clare Carine Thibaut, porte-parole de Greenpeace Belgique. \u00ab\u00a0<em>La fin programm\u00e9e du diesel, de l\u2019essence et du CNG est un signal important par rapport \u00e0 nos objectifs climatiques et \u00e0 la r\u00e9duction de l\u2019impact du trafic sur la sant\u00e9.<\/em> <em>Cela cr\u00e9e de la clart\u00e9 pour les citoyen.ne.s, les commer\u00e7ant.e.s et ceux qui souhaitent investir \u00e0 Bruxelles<\/em>.\u00a0\u00bb<\/p>\n\n<p><strong>Un pas en avant, mais il faut faire mieux<\/strong><\/p>\n\n<p>La d\u00e9marche bruxelloise m\u00e9rite d&rsquo;\u00eatre salu\u00e9e, mais elle est moins ambitieuse que celles d&rsquo;autres villes europ\u00e9ennes. Par exemple, Amsterdam et Oslo veulent devenir des villes \u00e0 \u00e9mission z\u00e9ro, sans v\u00e9hicules fossiles, d&rsquo;ici 2030. [1]<\/p>\n\n<p>\u00ab\u00a0<em>Nous pr\u00e9conisons de mettre l&rsquo;accent sur les alternatives \u00e0 la voiture et le soutien aux groupes vuln\u00e9rables, notamment dans les grandes villes, et en m\u00eame temps d&rsquo;\u00e9liminer progressivement tout trafic fossile d&rsquo;ici 2030. C\u2019est n\u00e9cessaire au vu de la crise climatique et de l&rsquo;impact de la pollution atmosph\u00e9rique<\/em>\u00ab\u00a0, d\u00e9clare Carine Thibaut.<\/p>\n\n<p><strong>Critique d\u00e9plac\u00e9e de la Flandre et de la Wallonie<\/strong><\/p>\n\n<p>Par le pass\u00e9, la Wallonie et la Flandre ont d\u00e9j\u00e0 tir\u00e9 \u00e0 boulets rouges sur les plans bruxellois. Greenpeace trouve cela tr\u00e8s inappropri\u00e9.<\/p>\n\n<p>\u00ab\u00a0<em>Quel est votre plan ?<\/em>\u00ab\u00a0. Carine Thibaut renvoie la balle aux gouvernements flamand et wallon. \u00ab\u00a0<em>L&rsquo;ambition de la Flandre de supprimer progressivement les v\u00e9hicules thermiques est trop faible <\/em>[2]<em>, et le gouvernement wallon veut m\u00eame miser sur le gaz fossile comme \u00ab\u00a0carburant de transition\u00a0\u00bb. <\/em>[3]<em> Au lieu de se plaindre de l&rsquo;impact sur les navetteurs flamands et wallons vers Bruxelles, les deux R\u00e9gions feraient mieux d\u2019accomplir enfin leurs devoirs et d&rsquo;augmenter leurs propres ambitions. Compte tenu du Green Deal europ\u00e9en et des ambitions climatiques accrues, c&rsquo;est la seule voie possible<\/em>\u00ab\u00a0, rappelle Carine Thibaut.<\/p>\n\n<p><strong>Notes:<\/strong><\/p>\n\n<p>[1] <a href=\"https:\/\/theicct.org\/sites\/default\/files\/publications\/Combustion-engine-phase-out-briefing-may11.2020.pdf\">https:\/\/theicct.org\/sites\/default\/files\/publications\/Combustion-engine-phase-out-briefing-may11.2020.pdf<\/a>&nbsp;<\/p>\n\n<p>[2] Selon le <a href=\"https:\/\/www.vlaanderen.be\/publicaties\/vlaams-energie-en-klimaatplan-2021-2030-algemeen-kader-voor-de-geintegreerde-nationale-energie-en-klimaatplannen\">plan \u00c9nergie-Climat 2030 du gouvernement flamand<\/a>, une bonne moiti\u00e9 des voitures nouvellement vendues en Flandre devraient \u00eatre \u00e9lectriques d&rsquo;ici 2030.<\/p>\n\n<p>[3] Le <a href=\"http:\/\/www.awac.be\/images\/Pierre\/PACE\/PWEC2030\/PWEC%202030%20version%20definitive%2028%20novembre%202019%20approuv%C3%A9e%20par%20le%20GW.pdf\">plan wallon \u00c9nergie-Climat pour 2030<\/a> soutient explicitement le secteur du gaz et pr\u00e9voit une part mod\u00e9r\u00e9e de v\u00e9hicules \u00e9lectriques, <em>\u201cdont la part devrait cro\u00eetre substantiellement \u00e0 partir de 2030 avec un taux de renouvellement annuel fix\u00e9 \u00e0 25% du parc (i.e. entre 40.000 et 45.000 v\u00e9hicules \u00e9lectriques\/an \u00e0 partir de 2030)\u201d<\/em>.<\/p>\n","protected":false},"excerpt":{"rendered":"<p>Avec une mise \u00e0 jour de sa zone de basses \u00e9missions, la R\u00e9gion bruxelloise annonce la fin des v\u00e9hicules thermiques dans la capitale. Greenpeace salue la d\u00e9marche mais en esp\u00e9rait plus, et a \u00e9galement un message pour les peu ambitieuses Flandre et Wallonie.<\/p>\n","protected":false},"author":50,"featured_media":22937,"comment_status":"closed","ping_status":"closed","sticky":false,"template":"","format":"standard","meta":{"ep_exclude_from_search":false,"p4_og_title":"","p4_og_description":"","p4_og_image":"","p4_og_image_id":"","p4_seo_canonical_url":"","p4_campaign_name":"not set","p4_local_project":"not set","p4_basket_name":"not set","p4_department":"","footnotes":""},"categories":[1],"tags":[74],"p4-page-type":[117],"class_list":["post-22936","post","type-post","status-publish","format-standard","has-post-thumbnail","hentry","category-non-classifiee","tag-mobilite","p4-page-type-communique-de-presse"],"_links":{"self":[{"href":"https:\/\/www.greenpeace.org\/belgium\/fr\/wp-json\/wp\/v2\/posts\/22936","targetHints":{"allow":["GET"]}}],"collection":[{"href":"https:\/\/www.greenpeace.org\/belgium\/fr\/wp-json\/wp\/v2\/posts"}],"about":[{"href":"https:\/\/www.greenpeace.org\/belgium\/fr\/wp-json\/wp\/v2\/types\/post"}],"author":[{"embeddable":true,"href":"https:\/\/www.greenpeace.org\/belgium\/fr\/wp-json\/wp\/v2\/users\/50"}],"replies":[{"embeddable":true,"href":"https:\/\/www.greenpeace.org\/belgium\/fr\/wp-json\/wp\/v2\/comments?post=22936"}],"version-history":[{"count":2,"href":"https:\/\/www.greenpeace.org\/belgium\/fr\/wp-json\/wp\/v2\/posts\/22936\/revisions"}],"predecessor-version":[{"id":22940,"href":"https:\/\/www.greenpeace.org\/belgium\/fr\/wp-json\/wp\/v2\/posts\/22936\/revisions\/22940"}],"wp:featuredmedia":[{"embeddable":true,"href":"https:\/\/www.greenpeace.org\/belgium\/fr\/wp-json\/wp\/v2\/media\/22937"}],"wp:attachment":[{"href":"https:\/\/www.greenpeace.org\/belgium\/fr\/wp-json\/wp\/v2\/media?parent=22936"}],"wp:term":[{"taxonomy":"category","embeddable":true,"href":"https:\/\/www.greenpeace.org\/belgium\/fr\/wp-json\/wp\/v2\/categories?post=22936"},{"taxonomy":"post_tag","embeddable":true,"href":"https:\/\/www.greenpeace.org\/belgium\/fr\/wp-json\/wp\/v2\/tags?post=22936"},{"taxonomy":"p4-page-type","embeddable":true,"href":"https:\/\/www.greenpeace.org\/belgium\/fr\/wp-json\/wp\/v2\/p4-page-type?post=22936"}],"curies":[{"name":"wp","href":"https:\/\/api.w.org\/{rel}","templated":true}]}}