{"id":23041,"date":"2021-07-08T11:13:22","date_gmt":"2021-07-08T09:13:22","guid":{"rendered":"https:\/\/www.greenpeace.org\/belgium\/?p=23041"},"modified":"2021-12-01T13:57:13","modified_gmt":"2021-12-01T12:57:13","slug":"communautes-energie-renouvelables","status":"publish","type":"post","link":"https:\/\/www.greenpeace.org\/belgium\/fr\/actualites-blog\/23041\/communautes-energie-renouvelables\/","title":{"rendered":"Communaut\u00e9s d\u2019\u00e9nergie renouvelables : tout le monde pourra bient\u00f4t en b\u00e9n\u00e9ficier"},"content":{"rendered":"\n<p><strong>L\u2019av\u00e8nement des communaut\u00e9s d\u2019\u00e9nergie semble prometteur : les avantages et les b\u00e9n\u00e9fices des \u00e9nergies renouvelables seront enfin accessibles \u00e0 tous les citoyens. Les propri\u00e9taires de panneaux solaires ne seront pas les seuls \u00e0 en profiter : les familles ne disposant pas d\u2019un toit adapt\u00e9 pourront aussi enfin b\u00e9n\u00e9ficier d\u2019une \u00e9nergie solaire moins ch\u00e8re. Mais, avant cela, les politiciens doivent d\u2019abord se mettre au travail.&nbsp;<\/strong><\/p>\n\n<p>Signez maintenant notre p\u00e9tition et demandez au gouvernement r\u00e9gional de rapidement rendre possibles les communaut\u00e9s d\u2019\u00e9nergie renouvelables.<\/p>\n\n<span class=\"mid-button-fix\"><a class=\"cta-blog-button-mid\" href=\"https:\/\/www.greenpeace.org\/belgium\/fr\/agir\/le-soleil-brille\/\" rel=\"noopener noreferrer\">Je signe<\/a><\/span>\n\n<p>Les autorit\u00e9s r\u00e9gionales travaillent activement \u00e0 la transposition de la Directive europ\u00e9enne sur les \u00e9nergies renouvelables. Le nouveau d\u00e9cret rend les communaut\u00e9s d\u2019\u00e9nergie juridiquement possibles, et les d\u00e9crets d\u2019application pratique doivent suivre. Les communaut\u00e9s d\u2019\u00e9nergie sont donc enfin sur la bonne voie, mais il faudra du temps avant d\u2019en avoir une dans chaque quartier ou village.<\/p>\n\n<h2 class=\"wp-block-heading\">Que sont les communaut\u00e9s d\u2019\u00e9nergie renouvelables ?<\/h2>\n\n<p>Une communaut\u00e9 d\u2019\u00e9nergie est une nouvelle entit\u00e9 juridique dans laquelle citoyens, autorit\u00e9s locales et PME peuvent s\u2019associer pour organiser toutes sortes de services \u00e9nerg\u00e9tiques. Il est ainsi possible de vendre, partager ou \u00e9changer l\u2019\u00e9nergie produite au sein de la communaut\u00e9. Vous pouvez \u00e9galement investir ensemble dans l\u2019efficacit\u00e9 \u00e9nerg\u00e9tique, dans un r\u00e9seau de chaleur local, une pompe \u00e0 chaleur ou une batterie \u00e0 l\u2019\u00e9chelle de votre quartier. M\u00eame l\u2019infrastructure de recharge pour les voitures \u00e9lectriques partag\u00e9es peut s\u2019inscrire dans une communaut\u00e9 d\u2019\u00e9nergie.<\/p>\n\n<figure class=\"wp-block-image size-large\"><img loading=\"lazy\" decoding=\"async\" width=\"1024\" height=\"734\" src=\"https:\/\/www.greenpeace.org\/static\/planet4-belgium-stateless\/2021\/07\/04cd3f3d-ec-3-forweb-fr-part1-1024x734.png\" alt=\"Communaut\u00e9s d\u2019\u00e9nergie renouvelables\" class=\"wp-image-23042\" srcset=\"https:\/\/www.greenpeace.org\/static\/planet4-belgium-stateless\/2021\/07\/04cd3f3d-ec-3-forweb-fr-part1-1024x734.png 1024w, https:\/\/www.greenpeace.org\/static\/planet4-belgium-stateless\/2021\/07\/04cd3f3d-ec-3-forweb-fr-part1-300x215.png 300w, https:\/\/www.greenpeace.org\/static\/planet4-belgium-stateless\/2021\/07\/04cd3f3d-ec-3-forweb-fr-part1-768x551.png 768w, https:\/\/www.greenpeace.org\/static\/planet4-belgium-stateless\/2021\/07\/04cd3f3d-ec-3-forweb-fr-part1-1536x1102.png 1536w, https:\/\/www.greenpeace.org\/static\/planet4-belgium-stateless\/2021\/07\/04cd3f3d-ec-3-forweb-fr-part1-2048x1469.png 2048w, https:\/\/www.greenpeace.org\/static\/planet4-belgium-stateless\/2021\/07\/04cd3f3d-ec-3-forweb-fr-part1-1905x1366.png 1905w, https:\/\/www.greenpeace.org\/static\/planet4-belgium-stateless\/2021\/07\/04cd3f3d-ec-3-forweb-fr-part1-474x340.png 474w\" sizes=\"auto, (max-width: 1024px) 100vw, 1024px\" \/><\/figure>\n\n<p>Les citoyens sont au c\u0153ur de la gouvernance des communaut\u00e9s d\u2019\u00e9nergie, mais les autorit\u00e9s locales et les PME peuvent \u00e9galement en faire partie. Imaginons toutes les collaborations possibles entre les habitants d\u2019un quartier, l\u2019\u00e9cole locale, la salle de sport et le boulanger du coin. Gr\u00e2ce aux communaut\u00e9s d\u2019\u00e9nergie, tout le monde a acc\u00e8s \u00e0 une \u00e9nergie renouvelable moins ch\u00e8re et peut en profiter, y compris ceux qui vivent en appartement ou qui ne disposent pas d\u2019un toit adapt\u00e9 pour installer leurs propres panneaux solaires.<\/p>\n\n<p>Investir dans le renouvelable avec d\u2019autres citoyens n\u2019est pas quelque chose de nouveau et est possible depuis un certain temps d\u00e9j\u00e0 via des coop\u00e9ratives d\u2019\u00e9nergie existantes. Celles-ci satisfont d\u00e9j\u00e0 aux conditions des communaut\u00e9s d\u2019\u00e9nergie et forment une base solide pour prendre en main les nouveaux services d\u2019\u00e9nergie qui seront rendus possibles \u00e0 l\u2019avenir.&nbsp;<\/p>\n\n<h2 class=\"wp-block-heading\">Comment partager l&rsquo;\u00e9nergie ?<\/h2>\n\n<p>Les membres de la communaut\u00e9 d\u2019\u00e9nergie peuvent acheter et vendre de l\u2019\u00e9lectricit\u00e9 entre eux. En supprimant l\u2019interm\u00e9diaire (\u00e0 savoir le fournisseur d\u2019\u00e9nergie), le prix de l\u2019\u00e9lectricit\u00e9 au sein de la communaut\u00e9 peut \u00eatre sup\u00e9rieur au tarif d\u2019injection dans le r\u00e9seau (c-\u00e0-d le prix que re\u00e7oit un propri\u00e9taire de panneaux solaires pour son \u00e9nergie qu\u2019il ne consomme pas mais qu\u2019il met sur le r\u00e9seau), mais inf\u00e9rieur \u00e0 ce que facture un fournisseur d\u2019\u00e9nergie ordinaire. Ainsi, celui qui vend obtient plus, celui qui ach\u00e8te paie moins.<\/p>\n\n<p>C\u2019est encore plus int\u00e9ressant lorsque le gestionnaire de r\u00e9seau supprime une partie des co\u00fbts de distribution et de transmission. Comme l\u2019\u00e9lectricit\u00e9 est produite et consomm\u00e9e localement au sein de la communaut\u00e9 \u00e9nerg\u00e9tique, le r\u00e9seau local de distribution est soulag\u00e9 et les r\u00e9seaux haute et moyenne tension ne sont pas sollicit\u00e9s. Un rabais substantiel sur cette partie de la facture d\u2019\u00e9lectricit\u00e9 est donc parfaitement justifi\u00e9 : les co\u00fbts pour l\u2019utilisation du r\u00e9seau refl\u00e8tent mieux la r\u00e9alit\u00e9, et le mod\u00e8le \u00e9conomique de la communaut\u00e9 d\u2019\u00e9nergie est renforc\u00e9.&nbsp;<\/p>\n\n<p>Avec les communaut\u00e9s d\u2019\u00e9nergie renouvables, tout le monde sort donc gagnant. Les familles \u00e9quip\u00e9es de panneaux solaires obtiennent une r\u00e9mun\u00e9ration sup\u00e9rieure au tarif d\u2019injection pour leur surplus d\u2019\u00e9lectricit\u00e9, ce qui augmente le rendement de leurs panneaux solaires. Ceux qui n\u2019ont pas de panneaux solaires peuvent alors profiter de l\u2019\u00e9nergie solaire moins ch\u00e8re produite dans leur quartier. Les \u00e9coles peuvent vendre le surplus de l\u2019\u00e9lectricit\u00e9 qu\u2019elles produisent \u00e0 la population locale, par exemple pendant les vacances d\u2019\u00e9t\u00e9, et l\u2019agriculteur biologique local peut diversifier ses revenus en proposant \u00e9galement de l\u2019\u00e9lectricit\u00e9 solaire locale.<\/p>\n\n<figure class=\"wp-block-image size-large\"><img loading=\"lazy\" decoding=\"async\" width=\"1024\" height=\"618\" src=\"https:\/\/www.greenpeace.org\/static\/planet4-belgium-stateless\/2021\/07\/81616f88-ec-3-forweb-fr-part2-1024x618.png\" alt=\"Communaut\u00e9s d\u2019\u00e9nergie renouvelables\" class=\"wp-image-23044\" srcset=\"https:\/\/www.greenpeace.org\/static\/planet4-belgium-stateless\/2021\/07\/81616f88-ec-3-forweb-fr-part2-1024x618.png 1024w, https:\/\/www.greenpeace.org\/static\/planet4-belgium-stateless\/2021\/07\/81616f88-ec-3-forweb-fr-part2-300x181.png 300w, https:\/\/www.greenpeace.org\/static\/planet4-belgium-stateless\/2021\/07\/81616f88-ec-3-forweb-fr-part2-768x464.png 768w, https:\/\/www.greenpeace.org\/static\/planet4-belgium-stateless\/2021\/07\/81616f88-ec-3-forweb-fr-part2-1536x928.png 1536w, https:\/\/www.greenpeace.org\/static\/planet4-belgium-stateless\/2021\/07\/81616f88-ec-3-forweb-fr-part2-2048x1237.png 2048w, https:\/\/www.greenpeace.org\/static\/planet4-belgium-stateless\/2021\/07\/81616f88-ec-3-forweb-fr-part2-510x308.png 510w\" sizes=\"auto, (max-width: 1024px) 100vw, 1024px\" \/><\/figure>\n\n<p>En outre, les communaut\u00e9s d\u2019\u00e9nergie sont aussi un alli\u00e9 important dans la lutte contre la pauvret\u00e9 \u00e9nerg\u00e9tique. En effet, gr\u00e2ce aux panneaux solaires install\u00e9s sur le toit de la salle de sport ou de la biblioth\u00e8que, les villes et les communes peuvent fournir de l\u2019\u00e9lectricit\u00e9 bon march\u00e9 aux familles vuln\u00e9rables du quartier. Et finalement, les communaut\u00e9s d\u2019\u00e9nergie n\u2019offrent pas que des avantages financiers et sociaux. Notre climat b\u00e9n\u00e9ficie aussi de ces mod\u00e8les collectifs et des<a href=\"https:\/\/www.greenpeace.org\/belgium\/fr\/blog\/18026\/lenergie-solaire-est-lavenir-20-gw-dici-a-2030\/\"> panneaux solaires suppl\u00e9mentaires install\u00e9s<\/a>.<\/p>\n\n<h2 class=\"wp-block-heading\">Le gouvernement doit soutenir les communaut\u00e9s d\u2019\u00e9nergie renouvables<\/h2>\n\n<p>Pour que les communaut\u00e9s d\u2019\u00e9nergie puissent voir le jour, les autorit\u00e9s r\u00e9gionales doivent \u00e9tablir un cadre r\u00e9glementaire solide et un mod\u00e8le financier stable. Tous les participants \u00e0 une communaut\u00e9 d\u2019\u00e9nergie, avec ou sans panneaux solaires, doivent \u00e9galement avoir un compteur num\u00e9rique. Le compteur num\u00e9rique n\u2019a pas bonne r\u00e9putation aujourd\u2019hui, mais il <a href=\"https:\/\/www.greenpeace.org\/belgium\/fr\/blog\/21374\/le-compteur-numerique-panacee-ou-fleau\/\">offre de nombreux avantages<\/a>, allant d\u2019un meilleur contr\u00f4le de votre propre consommation \u00e0 un partage facile de l\u2019\u00e9lectricit\u00e9 avec vos voisins. En communiquant mieux sur ces avantages et en garantissant des rendements stables et \u00e9quitables au sein des communaut\u00e9s d\u2019\u00e9nergie, le gouvernement peut r\u00e9tablir la confiance dans le compteur num\u00e9rique et les panneaux solaires.<\/p>\n\n<figure class=\"wp-block-image size-large\"><img loading=\"lazy\" decoding=\"async\" width=\"1024\" height=\"593\" src=\"https:\/\/www.greenpeace.org\/static\/planet4-belgium-stateless\/2021\/07\/0eb95fae-ec-3-forweb-fr-part3-1024x593.png\" alt=\"\" class=\"wp-image-23046\" srcset=\"https:\/\/www.greenpeace.org\/static\/planet4-belgium-stateless\/2021\/07\/0eb95fae-ec-3-forweb-fr-part3-1024x593.png 1024w, https:\/\/www.greenpeace.org\/static\/planet4-belgium-stateless\/2021\/07\/0eb95fae-ec-3-forweb-fr-part3-300x174.png 300w, https:\/\/www.greenpeace.org\/static\/planet4-belgium-stateless\/2021\/07\/0eb95fae-ec-3-forweb-fr-part3-768x445.png 768w, https:\/\/www.greenpeace.org\/static\/planet4-belgium-stateless\/2021\/07\/0eb95fae-ec-3-forweb-fr-part3-1536x890.png 1536w, https:\/\/www.greenpeace.org\/static\/planet4-belgium-stateless\/2021\/07\/0eb95fae-ec-3-forweb-fr-part3-2048x1187.png 2048w, https:\/\/www.greenpeace.org\/static\/planet4-belgium-stateless\/2021\/07\/0eb95fae-ec-3-forweb-fr-part3-510x296.png 510w\" sizes=\"auto, (max-width: 1024px) 100vw, 1024px\" \/><\/figure>\n\n<p>De nombreux citoyens, entrepreneurs et autorit\u00e9s locales sont impatients de se lancer dans les nouvelles communaut\u00e9s d\u2019\u00e9nergie renouvables. C\u2019est maintenant \u00e0 nos politiciens de donner le signal de d\u00e9part.<\/p>\n\n<a class=\"cta-blog-button\" href=\"https:\/\/www.greenpeace.org\/belgium\/fr\/agir\/le-soleil-brille\/\" rel=\"noopener noreferrer\">Signez notre p\u00e9tition et demandez que les communaut\u00e9s d\u2019\u00e9nergie soient rapidement rendues possibles<\/a>\n\n<span class=\"shareSocialArea\">\n<a class=\"shareFacebook\" href=\"https:\/\/www.facebook.com\/sharer\/sharer.php?u=https:\/\/www.greenpeace.org\/belgium\/fr\/blog\/23041\/communautes-denergie-tout-le-monde-energies-renouvelables\/\" target=\"_blank\" rel=\"noopener noreferrer\">Je partage sur Facebook<\/a>\n<a class=\"shareTwitter\" href=\"https:\/\/twitter.com\/share?url=https:\/\/www.greenpeace.org\/belgium\/fr\/blog\/23041\/communautes-denergie-tout-le-monde-energies-renouvelables\/&amp;text=Gr%C3%A2ce%20aux%20communaut%C3%A9s%20d%E2%80%99%C3%A9nergie%2C%20tout%20le%20monde%20pourra%20bient%C3%B4t%20b%C3%A9n%C3%A9ficier%20des%20%C3%A9nergies%20renouvelables,%20via%20@greenpeace_be&amp;related=greenpeace_be\" target=\"_blank\" rel=\"noopener noreferrer\">Je partage sur Twitter<\/a>\n<a class=\"shareWhatsapp\" href=\"https:\/\/wa.me\/?text=https:\/\/www.greenpeace.org\/belgium\/fr\/blog\/23041\/communautes-denergie-tout-le-monde-energies-renouvelables\/\" target=\"_blank\" rel=\"noopener noreferrer\">Je partage sur Whatsapp<\/a>\n<\/span>\n\n<a class=\"ctaDonateContainer\" target=\"_blank\" href=\"https:\/\/act.greenpeace.org\/page\/35703\/donate\/1?locale=fr-BE&#038;_ga=2.192557353.2055212094.1603091135-347892486.1598958044\" rel=\"noopener noreferrer\">\n<div id=\"cta-donate\">\n<div id=\"cta-donate-text\">\n<h2 style=\"text-shadow: 0 2px 5px rgba(0,0,0,.25); color: #fff;\">Je soutiens Greenpeace<\/h2>\n<\/div>\n<div id=\"cta-donate-button\">\n<a class=\"ctaDonateBtn\" target=\"_blank\" href=\"https:\/\/act.greenpeace.org\/page\/35703\/donate\/1?locale=fr-BE\" rel=\"noopener noreferrer\">Je fais un don<\/a>\n<\/div>\n<\/div>\n<\/a>\n\n<table class=\"hideme\" style=\"width: 100%;\" width=\"100%\">\n<tbody>\n<tr style=\"width: 100%;\">\n<td class=\"icon\"><a href=\"https:\/\/www.facebook.com\/greenpeace.belgium\" target=\"_blank\" rel=\"noopener noreferrer\">\n<img decoding=\"async\" title=\"Facebook\" src=\"https:\/\/storage.googleapis.com\/planet4-belgium-stateless\/2019\/09\/09281872-fb.png\" alt=\"Facebook\" width=\"100%\">\n<\/a><\/td>\n<td class=\"name\"><a href=\"https:\/\/www.facebook.com\/greenpeace.belgium\" target=\"_blank\" rel=\"noopener noreferrer\">\nFacebook\n<\/a><\/td>\n<td class=\"icon\"><a href=\"https:\/\/www.instagram.com\/greenpeace_be\/\" target=\"_blank\" rel=\"noopener noreferrer\">\n<img decoding=\"async\" title=\"Instagram\" src=\"https:\/\/storage.googleapis.com\/planet4-belgium-stateless\/2019\/09\/89871ad4-insta.png\" alt=\"Instagram\" width=\"100%\">\n<\/a><\/td>\n<td class=\"name\"><a href=\"https:\/\/www.instagram.com\/greenpeace_be\/\" target=\"_blank\" rel=\"noopener noreferrer\">\nInstagram\n<\/a><\/td>\n<td class=\"icon\"><a href=\"https:\/\/twitter.com\/greenpeace_be\" target=\"_blank\" rel=\"noopener noreferrer\">\n<img decoding=\"async\" title=\"Twitter\" src=\"https:\/\/storage.googleapis.com\/planet4-belgium-stateless\/2019\/09\/aebb8c6a-tw.png\" alt=\"Twitter\" width=\"100%\">\n<\/a><\/td>\n<td class=\"name\"><a href=\"https:\/\/twitter.com\/greenpeace_be\" target=\"_blank\" rel=\"noopener noreferrer\">\nTwitter\n<\/a><\/td>\n<td class=\"icon\"><a href=\"https:\/\/www.youtube.com\/user\/GreenpeaceBelgium\" target=\"_blank\" rel=\"noopener noreferrer\">\n<img decoding=\"async\" title=\"YouTube\" src=\"https:\/\/storage.googleapis.com\/planet4-belgium-stateless\/2019\/09\/4fd7759c-yt.png\" alt=\"YouTube\" width=\"100%\">\n<\/a><\/td>\n<td class=\"name\"><a href=\"https:\/\/www.youtube.com\/user\/GreenpeaceBelgium\" target=\"_blank\" rel=\"noopener noreferrer\">\nYouTube\n<\/a><\/td>\n<td class=\"icon\"><a href=\"https:\/\/www.pinterest.com\/greenpeacebe\/\" target=\"_blank\" rel=\"noopener noreferrer\">\n<img decoding=\"async\" title=\"YouTube\" src=\"https:\/\/storage.googleapis.com\/planet4-belgium-stateless\/2020\/05\/4454201c-pinterest.png\" alt=\"Pinterest\" width=\"100%\">\n<\/a><\/td>\n<td class=\"name\"><a href=\"https:\/\/www.pinterest.com\/greenpeacebe\/\" target=\"_blank\" rel=\"noopener noreferrer\">\nPinterest\n<\/a><\/td>\n<\/tr>\n<\/tbody>\n<\/table>\n<div class=\"EmptyMessage\">Block content is empty. Check the block&rsquo;s settings or remove it.<\/div>","protected":false},"excerpt":{"rendered":"<p>L\u2019av\u00e8nement des Communaut\u00e9s d\u2019\u00e9nergie renouvelables semble prometteur : les avantages et les b\u00e9n\u00e9fices des \u00e9nergies renouvelables seront enfin accessibles \u00e0 tous les citoyens.<\/p>\n","protected":false},"author":49,"featured_media":23048,"comment_status":"closed","ping_status":"closed","sticky":false,"template":"","format":"standard","meta":{"ep_exclude_from_search":false,"p4_og_title":"","p4_og_description":"","p4_og_image":"","p4_og_image_id":"","p4_seo_canonical_url":"","p4_campaign_name":"not set","p4_local_project":"not set","p4_basket_name":"not set","p4_department":"","footnotes":""},"categories":[104],"tags":[70],"p4-page-type":[116],"class_list":["post-23041","post","type-post","status-publish","format-standard","has-post-thumbnail","hentry","category-petits-changements-grandes-consequences","tag-energie","p4-page-type-actualites-blog"],"_links":{"self":[{"href":"https:\/\/www.greenpeace.org\/belgium\/fr\/wp-json\/wp\/v2\/posts\/23041","targetHints":{"allow":["GET"]}}],"collection":[{"href":"https:\/\/www.greenpeace.org\/belgium\/fr\/wp-json\/wp\/v2\/posts"}],"about":[{"href":"https:\/\/www.greenpeace.org\/belgium\/fr\/wp-json\/wp\/v2\/types\/post"}],"author":[{"embeddable":true,"href":"https:\/\/www.greenpeace.org\/belgium\/fr\/wp-json\/wp\/v2\/users\/49"}],"replies":[{"embeddable":true,"href":"https:\/\/www.greenpeace.org\/belgium\/fr\/wp-json\/wp\/v2\/comments?post=23041"}],"version-history":[{"count":13,"href":"https:\/\/www.greenpeace.org\/belgium\/fr\/wp-json\/wp\/v2\/posts\/23041\/revisions"}],"predecessor-version":[{"id":25029,"href":"https:\/\/www.greenpeace.org\/belgium\/fr\/wp-json\/wp\/v2\/posts\/23041\/revisions\/25029"}],"wp:featuredmedia":[{"embeddable":true,"href":"https:\/\/www.greenpeace.org\/belgium\/fr\/wp-json\/wp\/v2\/media\/23048"}],"wp:attachment":[{"href":"https:\/\/www.greenpeace.org\/belgium\/fr\/wp-json\/wp\/v2\/media?parent=23041"}],"wp:term":[{"taxonomy":"category","embeddable":true,"href":"https:\/\/www.greenpeace.org\/belgium\/fr\/wp-json\/wp\/v2\/categories?post=23041"},{"taxonomy":"post_tag","embeddable":true,"href":"https:\/\/www.greenpeace.org\/belgium\/fr\/wp-json\/wp\/v2\/tags?post=23041"},{"taxonomy":"p4-page-type","embeddable":true,"href":"https:\/\/www.greenpeace.org\/belgium\/fr\/wp-json\/wp\/v2\/p4-page-type?post=23041"}],"curies":[{"name":"wp","href":"https:\/\/api.w.org\/{rel}","templated":true}]}}