{"id":23401,"date":"2021-08-09T10:40:23","date_gmt":"2021-08-09T08:40:23","guid":{"rendered":"https:\/\/www.greenpeace.org\/belgium\/?p=23401"},"modified":"2021-11-17T13:04:37","modified_gmt":"2021-11-17T11:04:37","slug":"greenpeace-reagit-au-nouveau-rapport-du-giec-lhumanite-est-au-pied-du-mur","status":"publish","type":"post","link":"https:\/\/www.greenpeace.org\/belgium\/fr\/communique-de-presse\/23401\/greenpeace-reagit-au-nouveau-rapport-du-giec-lhumanite-est-au-pied-du-mur\/","title":{"rendered":"Greenpeace r\u00e9agit au nouveau rapport du GIEC : \u201cL\u2019humanit\u00e9 est au pied du mur\u201d"},"content":{"rendered":"\n<p><strong>Les scientifiques du GIEC, le Groupe d\u2019experts intergouvernemental sur l\u2019\u00e9volution du climat, ont rendu public ce matin <\/strong><a href=\"https:\/\/www.ipcc.ch\/working-group\/wg1\/\"><strong>le premier volet de leur sixi\u00e8me rapport<\/strong><\/a><strong>. Bilan des derni\u00e8res connaissances scientifiques des changements observ\u00e9s dans notre syst\u00e8me climatique, il constitue un avertissement majeur adress\u00e9 aux \u00e9tats du monde entier.&nbsp;<\/strong><\/p>\n\n<p><em>\u201cLes conclusions du rapport, limpides, doivent sonner comme une injonction ind\u00e9niable et urgente \u00e0 revoir nos ambitions climatiques \u00e0 la hausse\u201d, <\/em>pointe Carine Thibaut, porte-parole de Greenpeace Belgique. <em>\u201cLa connaissance scientifique du lien de causalit\u00e9 directe entre les activit\u00e9s humaines et la survenue de ph\u00e9nom\u00e8nes climatiques extr\u00eames s\u2019affine encore.\u201d<\/em><\/p>\n\n<p>Dans leur rapport, les experts attirent notre attention sur les changements qui sont d\u00e9j\u00e0 \u00e0 l&rsquo;\u0153uvre dans une plan\u00e8te qui se r\u00e9chauffe.<em> <\/em>Il ne s\u2019agit pas seulement de se projeter dans le futur, mais de constater chez nous et partout sur la plan\u00e8te des ph\u00e9nom\u00e8nes extr\u00eames toujours plus r\u00e9currents : <strong>vagues de chaleur, inondations dramatiques, s\u00e9cheresses<\/strong>&#8230; Ces \u00e9pisodes vont, si nous n\u2019agissons pas drastiquement, irr\u00e9m\u00e9diablement s\u2019amplifier et toucher des proportions toujours plus grandes de l&rsquo;humanit\u00e9<em>.<\/em><\/p>\n\n<p><em>\u201cQuelques semaines apr\u00e8s les terribles inondations qui ont touch\u00e9 notre pays et alors que nous assistons ces derniers jours \u00e0 des graves incendies dans le Sud de l\u2019Europe et \u00e0 un \u00e9pisode massif de fonte du Groenland, nous exigeons que des actions soient men\u00e9es par nos responsables politiques\u201d,<\/em> poursuit Carine Thibaut<em>. \u201cLes ambitions climatiques actuelles de la Belgique ne sont pas suffisantes. <\/em><strong><em>Nous plaidons pour que la Belgique s\u2019engage \u00e0 r\u00e9duire de 65% ses \u00e9missions de gaz \u00e0 effet de serre d\u2019ici \u00e0 2030<\/em><\/strong><em>. <\/em><em>\u00c9viter une hausse des temp\u00e9ratures de plus de 1,5 degr\u00e9 doit devenir notre priorit\u00e9 absolue. Chaque dixi\u00e8me de degr\u00e9 comptera. Le moment est d\u00e9cisif pour l&rsquo;humanit\u00e9, et nous devons agir en cons\u00e9quence.\u201d<\/em><\/p>\n\n<p>Le d\u00e9fi est \u00e9norme mais les solutions concr\u00e8tes pour y arriver sont connues. \u201c<em>Les subsides accord\u00e9s \u00e0 l\u2019industrie des \u00e9nergies fossiles doivent cesser\u201d<\/em>,<em> <\/em>explique Carine Thibaut<em>. \u201cDes investissements importants doivent \u00eatre r\u00e9alis\u00e9s dans les \u00e9nergies renouvelables &#8211; le moyen le moins cher de produire de l\u2019\u00e9lectricit\u00e9 -, dans le transport public, dans l\u2019isolation des b\u00e2timents, dans la transformation de notre syst\u00e8me alimentaire et agricole,\u2026 Et il devra imp\u00e9rativement s\u2019agir d\u2019une transition juste, qui ne laisse personne de c\u00f4t\u00e9. Comme les inondations belges nous l\u2019ont montr\u00e9, ce sont les personnes les plus pr\u00e9caris\u00e9es qui sont les premi\u00e8res victimes des d\u00e9r\u00e8glements climatiques\u201d.<\/em><\/p>\n\n<p>La Belgique se rendra en novembre prochain \u00e0 la <strong>COP 26<\/strong>, la conf\u00e9rence internationale pour le climat qui aura lieu \u00e0 <strong>Glasgow. <\/strong>En amont de ce moment d\u00e9cisif, Greenpeace Belgique participera <strong>le 10 octobre<\/strong>, au sein de la Coalition Climat belge, \u00e0 <a href=\"https:\/\/www.backtotheclimate.be\/fr\"><strong>une grande mobilisation<\/strong><\/a><strong> <\/strong>pour afficher ces revendications et mettre la pression sur les responsables politiques.<br><br><strong>Cinq \u00e9l\u00e9ments-cl\u00e9 du rapport du GIEC<\/strong> :<\/p>\n\n<ul class=\"wp-block-list\"><li>L&rsquo;ampleur des changements climatiques r\u00e9cents \u00e0 grande \u00e9chelle est sans pr\u00e9c\u00e9dent dans le contexte de l&rsquo;histoire de l&rsquo;humanit\u00e9. Le r\u00e9chauffement a maintenant atteint 1,09\u00b0C au-dessus du niveau pr\u00e9industriel.<\/li><li>Depuis le dernier rapport, la temp\u00e9rature \u00e0 la surface du globe s&rsquo;est fortement r\u00e9chauff\u00e9e, les cinq derni\u00e8res ann\u00e9es (2016-2020) ayant \u00e9t\u00e9 les plus chaudes depuis au moins 1850.<\/li><li>Les \u00e9v\u00e9nements extr\u00eames continueront \u00e0 s\u2019intensifier, m\u00eame avec un r\u00e9chauffement plan\u00e9taire de 1,5\u00b0C. Mais chaque 0,1\u00b0C suppl\u00e9mentaire augmentera leur fr\u00e9quence et\/ou leur intensit\u00e9.<\/li><li>Le r\u00e9chauffement se poursuivra jusqu&rsquo;\u00e0 ce que les \u00e9missions de carbone atteignent au moins le niveau net z\u00e9ro.<\/li><li>Le respect de l&rsquo;objectif \u00e0 long terme de 1,5 \u00b0C fix\u00e9 par l&rsquo;accord de Paris permettrait de r\u00e9duire l&rsquo;\u00e9l\u00e9vation du niveau des mers, l&rsquo;aggravation des ph\u00e9nom\u00e8nes m\u00e9t\u00e9orologiques extr\u00eames et la d\u00e9gradation des conditions de vie sur terre et dans les oc\u00e9ans, par rapport \u00e0 des niveaux de r\u00e9chauffement plus \u00e9lev\u00e9s.<\/li><\/ul>\n","protected":false},"excerpt":{"rendered":"<p>Les scientifiques du GIEC, le Groupe d\u2019experts intergouvernemental sur l\u2019\u00e9volution du climat, ont rendu public ce matin le premier volet de leur sixi\u00e8me rapport. Bilan des derni\u00e8res connaissances scientifiques des&hellip;<\/p>\n","protected":false},"author":80,"featured_media":7084,"comment_status":"closed","ping_status":"closed","sticky":false,"template":"","format":"standard","meta":{"ep_exclude_from_search":false,"p4_og_title":"","p4_og_description":"","p4_og_image":"","p4_og_image_id":"","p4_seo_canonical_url":"","p4_campaign_name":"not set","p4_local_project":"not set","p4_basket_name":"not set","p4_department":"","footnotes":""},"categories":[1],"tags":[86],"p4-page-type":[117],"class_list":["post-23401","post","type-post","status-publish","format-standard","has-post-thumbnail","hentry","category-non-classifiee","tag-climat","p4-page-type-communique-de-presse"],"_links":{"self":[{"href":"https:\/\/www.greenpeace.org\/belgium\/fr\/wp-json\/wp\/v2\/posts\/23401","targetHints":{"allow":["GET"]}}],"collection":[{"href":"https:\/\/www.greenpeace.org\/belgium\/fr\/wp-json\/wp\/v2\/posts"}],"about":[{"href":"https:\/\/www.greenpeace.org\/belgium\/fr\/wp-json\/wp\/v2\/types\/post"}],"author":[{"embeddable":true,"href":"https:\/\/www.greenpeace.org\/belgium\/fr\/wp-json\/wp\/v2\/users\/80"}],"replies":[{"embeddable":true,"href":"https:\/\/www.greenpeace.org\/belgium\/fr\/wp-json\/wp\/v2\/comments?post=23401"}],"version-history":[{"count":1,"href":"https:\/\/www.greenpeace.org\/belgium\/fr\/wp-json\/wp\/v2\/posts\/23401\/revisions"}],"predecessor-version":[{"id":23402,"href":"https:\/\/www.greenpeace.org\/belgium\/fr\/wp-json\/wp\/v2\/posts\/23401\/revisions\/23402"}],"wp:featuredmedia":[{"embeddable":true,"href":"https:\/\/www.greenpeace.org\/belgium\/fr\/wp-json\/wp\/v2\/media\/7084"}],"wp:attachment":[{"href":"https:\/\/www.greenpeace.org\/belgium\/fr\/wp-json\/wp\/v2\/media?parent=23401"}],"wp:term":[{"taxonomy":"category","embeddable":true,"href":"https:\/\/www.greenpeace.org\/belgium\/fr\/wp-json\/wp\/v2\/categories?post=23401"},{"taxonomy":"post_tag","embeddable":true,"href":"https:\/\/www.greenpeace.org\/belgium\/fr\/wp-json\/wp\/v2\/tags?post=23401"},{"taxonomy":"p4-page-type","embeddable":true,"href":"https:\/\/www.greenpeace.org\/belgium\/fr\/wp-json\/wp\/v2\/p4-page-type?post=23401"}],"curies":[{"name":"wp","href":"https:\/\/api.w.org\/{rel}","templated":true}]}}