{"id":23462,"date":"2021-08-13T12:31:30","date_gmt":"2021-08-13T10:31:30","guid":{"rendered":"https:\/\/www.greenpeace.org\/belgium\/?p=23462"},"modified":"2021-08-16T12:42:13","modified_gmt":"2021-08-16T10:42:13","slug":"temoignages-de-nos-summercampers-emilie-lily-et-marjorie","status":"publish","type":"post","link":"https:\/\/www.greenpeace.org\/belgium\/fr\/actualites-blog\/23462\/temoignages-de-nos-summercampers-emilie-lily-et-marjorie\/","title":{"rendered":"T\u00c9MOIGNAGES DE NOS SUMMERCAMPERS : Emilie, Lily et Marjorie"},"content":{"rendered":"\n<p><strong>Ces derniers mois, vous avez eu l\u2019occasion de d\u00e9couvrir certain.e.s de nos b\u00e9n\u00e9voles gr\u00e2ce \u00e0 nos diff\u00e9rents blogs. Cet \u00e9t\u00e9, nous vous pr\u00e9sentons de nouveaux visages : les jeunes qui ont particip\u00e9 \u00e0 notre camp d\u2019\u00e9t\u00e9.&nbsp;<\/strong><\/p>\n\n<span class=\"mid-button-fix\"><a class=\"cta-blog-button-mid\" href=\"https:\/\/www.greenpeace.org\/belgium\/fr\/agir\/volontaires\/\" target=\"_blank\" rel=\"noopener noreferrer\">Je deviens volontaire<\/a><\/span>\n\n<figure class=\"wp-block-image size-large\"><img loading=\"lazy\" decoding=\"async\" width=\"1024\" height=\"768\" src=\"https:\/\/www.greenpeace.org\/static\/planet4-belgium-stateless\/2021\/08\/59b6239b-20210723_144322-1024x768.jpg\" alt=\"\" class=\"wp-image-23470\" srcset=\"https:\/\/www.greenpeace.org\/static\/planet4-belgium-stateless\/2021\/08\/59b6239b-20210723_144322-1024x768.jpg 1024w, https:\/\/www.greenpeace.org\/static\/planet4-belgium-stateless\/2021\/08\/59b6239b-20210723_144322-300x225.jpg 300w, https:\/\/www.greenpeace.org\/static\/planet4-belgium-stateless\/2021\/08\/59b6239b-20210723_144322-768x576.jpg 768w, https:\/\/www.greenpeace.org\/static\/planet4-belgium-stateless\/2021\/08\/59b6239b-20210723_144322-1536x1152.jpg 1536w, https:\/\/www.greenpeace.org\/static\/planet4-belgium-stateless\/2021\/08\/59b6239b-20210723_144322-2048x1536.jpg 2048w, https:\/\/www.greenpeace.org\/static\/planet4-belgium-stateless\/2021\/08\/59b6239b-20210723_144322-1821x1366.jpg 1821w, https:\/\/www.greenpeace.org\/static\/planet4-belgium-stateless\/2021\/08\/59b6239b-20210723_144322-453x340.jpg 453w\" sizes=\"auto, (max-width: 1024px) 100vw, 1024px\" \/><\/figure>\n\n<p>Pendant notre camp d\u2019\u00e9t\u00e9, des jeunes, \u00e2g\u00e9.e.s entre 16 et 24 ans, en apprennent plus sur Greenpeace et sur la mani\u00e8re dont ils et elles peuvent s\u2019engager. De l\u2019escalade \u00e0 la cr\u00e9ation de banners en passant par des s\u00e9ances d\u2019initiation \u00e0 nos campagnes et \u00e0 nos fa\u00e7ons de mener des actions, les jeunes apprennent toutes les ficelles du m\u00e9tier ! Curieux.se d\u2019en savoir plus sur leur moment favori et sur leur engagement ?<\/p>\n\n<h3 class=\"wp-block-heading\"><strong>Lily, 20 ans<\/strong><\/h3>\n\n<figure class=\"wp-block-image size-large\"><img loading=\"lazy\" decoding=\"async\" width=\"1024\" height=\"768\" src=\"https:\/\/www.greenpeace.org\/static\/planet4-belgium-stateless\/2021\/08\/80603f5d-20210720_212932-1024x768.jpg\" alt=\"\" class=\"wp-image-23464\" srcset=\"https:\/\/www.greenpeace.org\/static\/planet4-belgium-stateless\/2021\/08\/80603f5d-20210720_212932-1024x768.jpg 1024w, https:\/\/www.greenpeace.org\/static\/planet4-belgium-stateless\/2021\/08\/80603f5d-20210720_212932-300x225.jpg 300w, https:\/\/www.greenpeace.org\/static\/planet4-belgium-stateless\/2021\/08\/80603f5d-20210720_212932-768x576.jpg 768w, https:\/\/www.greenpeace.org\/static\/planet4-belgium-stateless\/2021\/08\/80603f5d-20210720_212932-1536x1152.jpg 1536w, https:\/\/www.greenpeace.org\/static\/planet4-belgium-stateless\/2021\/08\/80603f5d-20210720_212932-2048x1536.jpg 2048w, https:\/\/www.greenpeace.org\/static\/planet4-belgium-stateless\/2021\/08\/80603f5d-20210720_212932-1821x1366.jpg 1821w, https:\/\/www.greenpeace.org\/static\/planet4-belgium-stateless\/2021\/08\/80603f5d-20210720_212932-453x340.jpg 453w\" sizes=\"auto, (max-width: 1024px) 100vw, 1024px\" \/><\/figure>\n\n<p>\u201cIl y a un peu plus d&rsquo;un an, j\u2019ai rejoint Greenpeace en tant qu\u2019ambassadrice. Quelques mois plus tard, j\u2019ai d\u00e9cid\u00e9 d\u2019int\u00e9grer <a href=\"https:\/\/www.greenpeace.org\/belgium\/fr\/agir\/rejoignez-greenpeace-youth\/\">Greenpeace Youth<\/a> qui venait d&rsquo;\u00eatre cr\u00e9\u00e9. En voyant d\u2019autres jeunes autour de moi donner de leur temps pour changer les choses \u00e0 leur \u00e9chelle, j\u2019ai moi aussi voulu participer au changement. Je suis convaincue que l\u2019on peut faire \u00e9norm\u00e9ment lorsqu\u2019on agit collectivement. Gr\u00e2ce au camp d\u2019\u00e9t\u00e9, j\u2019en ai appris beaucoup sur Greenpeace, ses valeurs, ses strat\u00e9gies d\u2019action et participer \u00e0 ce camp se compl\u00e8te tr\u00e8s bien avec le job d\u2019ambassadrice !<\/p>\n\n<p>C\u2019est difficile de choisir quel a \u00e9t\u00e9 mon moment pr\u00e9f\u00e9r\u00e9 car la semaine dans son ensemble fut riche en rencontres et en apprentissage. Si je devais retenir un moment pr\u00e9cis, je dirais que <a href=\"https:\/\/www.facebook.com\/greenpeace.belgium\/posts\/10159170078115239\">l\u2019action sur les microplastiques<\/a> que nous avons men\u00e9e \u00e0 Bruxelles \u00e9tait une belle fa\u00e7on de mettre en pratique tout ce que nous avions appris durant ce camp. Aucun.e de nous n\u2019avait jamais pr\u00e9par\u00e9 une action auparavant et on s\u2019en est bien sorti.e.s. Je peux dire que ce camp nous a bien form\u00e9.e.s \u00e0 devenir de futur.e.s acteur.rice.s du changement !&nbsp;<\/p>\n\n<p>A l\u2019heure actuelle o\u00f9 <a href=\"https:\/\/www.greenpeace.org\/belgium\/fr\/blog\/23403\/nouveau-rapport-du-giec-linaction-nest-plus-une-option\/\">les catastrophes environnementales et sociales sont dramatiques<\/a>, je pense que, peu importe notre \u00e2ge, il est de notre devoir \u00e0 tou.te.s d\u2019agir lorsqu\u2019on en est capable car il en va de notre survie. En tant que jeune et future adulte de demain, ce combat me concerne d\u2019autant plus. C\u2019est pourquoi j\u2019ai d\u00e9cid\u00e9 de m\u2019unir avec d\u2019autres pour le combat le plus important auquel nous devons faire face aujourd\u2019hui. Il y a plein de fa\u00e7ons de s\u2019engager, que ce soit au niveau personnel qu\u2019au sein de groupes, comme les <a href=\"https:\/\/www.greenpeace.org\/belgium\/fr\/agir\/agir-dans-mon-quartier\/\">groupes locaux<\/a> de Greenpeace qui sont super accessibles.\u201d<\/p>\n\n<h3 class=\"wp-block-heading\"><strong>Marjorie, 18 ans<\/strong><\/h3>\n\n<figure class=\"wp-block-image size-large\"><img loading=\"lazy\" decoding=\"async\" width=\"987\" height=\"1024\" src=\"https:\/\/www.greenpeace.org\/static\/planet4-belgium-stateless\/2021\/08\/fd714c63-20210719_113952-987x1024.jpg\" alt=\"\" class=\"wp-image-23484\" srcset=\"https:\/\/www.greenpeace.org\/static\/planet4-belgium-stateless\/2021\/08\/fd714c63-20210719_113952-987x1024.jpg 987w, https:\/\/www.greenpeace.org\/static\/planet4-belgium-stateless\/2021\/08\/fd714c63-20210719_113952-289x300.jpg 289w, https:\/\/www.greenpeace.org\/static\/planet4-belgium-stateless\/2021\/08\/fd714c63-20210719_113952-768x797.jpg 768w, https:\/\/www.greenpeace.org\/static\/planet4-belgium-stateless\/2021\/08\/fd714c63-20210719_113952-1481x1536.jpg 1481w, https:\/\/www.greenpeace.org\/static\/planet4-belgium-stateless\/2021\/08\/fd714c63-20210719_113952-1974x2048.jpg 1974w, https:\/\/www.greenpeace.org\/static\/planet4-belgium-stateless\/2021\/08\/fd714c63-20210719_113952-1317x1366.jpg 1317w, https:\/\/www.greenpeace.org\/static\/planet4-belgium-stateless\/2021\/08\/fd714c63-20210719_113952-328x340.jpg 328w\" sizes=\"auto, (max-width: 987px) 100vw, 987px\" \/><\/figure>\n\n<p>\u201cJ\u2019ai eu connaissance du camp d\u2019\u00e9t\u00e9 gr\u00e2ce \u00e0 mon oncle, <a href=\"https:\/\/www.greenpeace.org\/belgium\/fr\/agir\/volontaires\/\">b\u00e9n\u00e9vole chez Greenpeace<\/a>. Je connaissais l\u2019organisation depuis de nombreuses ann\u00e9es, notamment gr\u00e2ce \u00e0 mes parents qui font des dons chaque mois. De ce fait, j\u2019ai eu envie de participer au camp pour en apprendre plus sur Greenpeace et sur la mani\u00e8re dont on peut agir en tant que citoyen.ne pour le climat.<\/p>\n\n<p>Ce que j\u2019ai pr\u00e9f\u00e9r\u00e9 fut l\u2019action sur les microplastiques. C\u2019\u00e9tait vraiment l\u2019apog\u00e9e de la semaine, le moment o\u00f9 tout se met en place. C\u2019est l\u00e0 que je me suis aper\u00e7ue \u00e0 quel point le camp en valait la peine et, qu\u2019apr\u00e8s une semaine pass\u00e9e ensemble, on formait une superbe \u00e9quipe performante. Je me suis tellement bien amus\u00e9e que je n\u2019ai pas vu le temps passer.<\/p>\n\n<p>Je pense que les jeunes peuvent s\u2019engager de plein de mani\u00e8res, notamment en signant des p\u00e9titions ou en allant \u00e0 des manifestations. Nos actions ont un impact direct sur la transition \u00e9cologique. Il est important que la jeune g\u00e9n\u00e9ration s\u2019engage car c\u2019est elle qui fera face aux cons\u00e9quences du r\u00e9chauffement climatique.\u201d<\/p>\n\n<h3 class=\"wp-block-heading\"><strong>Emilie, 20 ans<\/strong><\/h3>\n\n<figure class=\"wp-block-image size-large\"><img loading=\"lazy\" decoding=\"async\" width=\"1024\" height=\"768\" src=\"https:\/\/www.greenpeace.org\/static\/planet4-belgium-stateless\/2021\/08\/107239da-20210721_121844-1024x768.jpg\" alt=\"\" class=\"wp-image-23468\" srcset=\"https:\/\/www.greenpeace.org\/static\/planet4-belgium-stateless\/2021\/08\/107239da-20210721_121844-1024x768.jpg 1024w, https:\/\/www.greenpeace.org\/static\/planet4-belgium-stateless\/2021\/08\/107239da-20210721_121844-300x225.jpg 300w, https:\/\/www.greenpeace.org\/static\/planet4-belgium-stateless\/2021\/08\/107239da-20210721_121844-768x576.jpg 768w, https:\/\/www.greenpeace.org\/static\/planet4-belgium-stateless\/2021\/08\/107239da-20210721_121844-1536x1152.jpg 1536w, https:\/\/www.greenpeace.org\/static\/planet4-belgium-stateless\/2021\/08\/107239da-20210721_121844-2048x1536.jpg 2048w, https:\/\/www.greenpeace.org\/static\/planet4-belgium-stateless\/2021\/08\/107239da-20210721_121844-1821x1366.jpg 1821w, https:\/\/www.greenpeace.org\/static\/planet4-belgium-stateless\/2021\/08\/107239da-20210721_121844-453x340.jpg 453w\" sizes=\"auto, (max-width: 1024px) 100vw, 1024px\" \/><\/figure>\n\n<p>\u201cDepuis des ann\u00e9es, mes connaissances sur les probl\u00e9matiques environnementales et sociales m\u2019ont pouss\u00e9e \u00e0 changer de mode de vie et \u00e0 agir. C\u2019est dans cette optique que mon int\u00e9r\u00eat pour Greenpeace a grandi. J\u2019avais toujours connu l\u2019organisation sans r\u00e9ellement la conna\u00eetre. Alors, quand je suis tomb\u00e9e sur le camp d\u2019\u00e9t\u00e9 via Facebook, je me suis directement inscrite. Qui de mieux que Greenpeace pour enseigner l&rsquo;activisme et sensibiliser \u00e0 la cause environnementale ? Tout \u00e7a, entour\u00e9e de jeunes qui partagent les m\u00eames valeurs que moi et ont une envie commune : secouer un peu le monde dans lequel nous vivons.&nbsp;<\/p>\n\n<p>L&rsquo;activit\u00e9 que j\u2019ai pr\u00e9f\u00e9r\u00e9e pendant le camp fut la s\u00e9rigraphie. J\u2019ai appr\u00e9ci\u00e9 pouvoir personnaliser un t-shirt et laisser libre cours \u00e0 mon imagination et ma cr\u00e9ativit\u00e9 le temps de quelques heures. Par ailleurs, l\u2019ensemble des activit\u00e9s et formations sont vari\u00e9es, tout en gardant un m\u00eame fil conducteur. Au terme de ce camp, j\u2019en ressors enrichie, motiv\u00e9e et grandie. C\u2019\u00e9tait une chouette exp\u00e9rience que je recommande vivement.&nbsp;<\/p>\n\n<p>En tant que jeune, je pense qu\u2019il est important de s\u2019engager et d\u2019agir de plusieurs fa\u00e7ons. Les actions individuelles sont un bon d\u00e9but. Au premier abord, elles peuvent sembler insignifiantes mais je suis convaincue que l\u2019addition de ces comportements individuels cr\u00e9era un effet boule de neige. Outre ces actions individuelles, l\u2019engagement peut se faire aussi en groupe, comme avec Greenpeace Youth. Cela permet de concentrer la force d\u2019action et l\u2019\u00e9nergie de chacun.e pour faire passer un message \u00e0 plus large \u00e9chelle. Pour finir, je suis persuad\u00e9e que les jeunes doivent faire partie du changement. \u00c9tant consid\u00e9r\u00e9.e.s comme le futur, les jeunes qui en ont les moyens doivent se battre pour une soci\u00e9t\u00e9 durable et acceptable. Les choses commencent tout doucement \u00e0 s\u2019emballer dans les quatre coins du monde, il est grand temps de se bouger !\u00a0\u00bb<\/p>\n\n<p>Tu as aussi envie de t\u2019engager chez Greenpeace Youth ?<\/p>\n\n<a class=\"cta-blog-button\" href=\"https:\/\/www.greenpeace.org\/belgium\/fr\/agir\/rejoignez-greenpeace-youth\/\" target=\"_blank\" rel=\"noopener noreferrer\">Je rejoins Greenpeace Youth<\/a>\n\n<span class=\"shareSocialArea\">\n<a class=\"shareFacebook\" href=\"https:\/\/www.facebook.com\/sharer\/sharer.php?u=https:\/\/www.greenpeace.org\/belgium\/fr\/blog\/23462\/temoignages-de-nos-summercampers-emilie-lily-et-marjorie\/\" target=\"_blank\" rel=\"noopener noreferrer\">Je partage sur Facebook<\/a>\n<a class=\"shareTwitter\" href=\"https:\/\/twitter.com\/share?url=https:\/\/www.greenpeace.org\/belgium\/fr\/blog\/23462\/temoignages-de-nos-summercampers-emilie-lily-et-marjorie\/&amp;text=T%C3%89MOIGNAGES%20DE%20NOS%20SUMMERCAMPERS%20%3A%20Emilie%2C%20Lily%20et%20Marjorie,%20via%20@greenpeace_be&amp;related=greenpeace_be\" target=\"_blank\" rel=\"noopener noreferrer\">Je partage sur Twitter<\/a>\n<a class=\"shareWhatsapp\" href=\"https:\/\/wa.me\/?text=https:\/\/www.greenpeace.org\/belgium\/fr\/blog\/23462\/temoignages-de-nos-summercampers-emilie-lily-et-marjorie\/\" target=\"_blank\" rel=\"noopener noreferrer\">Je partage sur Whatsapp<\/a>\n<\/span>\n\n<a class=\"ctaDonateContainer\" target=\"_blank\" href=\"https:\/\/act.greenpeace.org\/page\/35703\/donate\/1?locale=fr-BE&#038;_ga=2.192557353.2055212094.1603091135-347892486.1598958044\" rel=\"noopener noreferrer\">\n<div id=\"cta-donate\">\n<div id=\"cta-donate-text\">\n<h2 style=\"text-shadow: 0 2px 5px rgba(0,0,0,.25); color: #fff;\">Je soutiens Greenpeace<\/h2>\n<\/div>\n<div id=\"cta-donate-button\">\n<a class=\"ctaDonateBtn\" target=\"_blank\" href=\"https:\/\/act.greenpeace.org\/page\/35703\/donate\/1?locale=fr-BE\" rel=\"noopener noreferrer\">Je fais un don<\/a>\n<\/div>\n<\/div>\n<\/a>\n\n\n<table class=\"hideme\" style=\"width: 100%;\" width=\"100%\">\n<tbody>\n<tr style=\"width: 100%;\">\n<td class=\"icon\"><a href=\"https:\/\/www.facebook.com\/greenpeace.belgium\" target=\"_blank\" rel=\"noopener noreferrer\">\n<img decoding=\"async\" title=\"Facebook\" src=\"https:\/\/storage.googleapis.com\/planet4-belgium-stateless\/2019\/09\/09281872-fb.png\" alt=\"Facebook\" width=\"100%\">\n<\/a><\/td>\n<td class=\"name\"><a href=\"https:\/\/www.facebook.com\/greenpeace.belgium\" target=\"_blank\" rel=\"noopener noreferrer\">\nFacebook\n<\/a><\/td>\n<td class=\"icon\"><a href=\"https:\/\/www.instagram.com\/greenpeace_be\/\" target=\"_blank\" rel=\"noopener noreferrer\">\n<img decoding=\"async\" title=\"Instagram\" src=\"https:\/\/storage.googleapis.com\/planet4-belgium-stateless\/2019\/09\/89871ad4-insta.png\" alt=\"Instagram\" width=\"100%\">\n<\/a><\/td>\n<td class=\"name\"><a href=\"https:\/\/www.instagram.com\/greenpeace_be\/\" target=\"_blank\" rel=\"noopener noreferrer\">\nInstagram\n<\/a><\/td>\n<td class=\"icon\"><a href=\"https:\/\/twitter.com\/greenpeace_be\" target=\"_blank\" rel=\"noopener noreferrer\">\n<img decoding=\"async\" title=\"Twitter\" src=\"https:\/\/storage.googleapis.com\/planet4-belgium-stateless\/2019\/09\/aebb8c6a-tw.png\" alt=\"Twitter\" width=\"100%\">\n<\/a><\/td>\n<td class=\"name\"><a href=\"https:\/\/twitter.com\/greenpeace_be\" target=\"_blank\" rel=\"noopener noreferrer\">\nTwitter\n<\/a><\/td>\n<td class=\"icon\"><a href=\"https:\/\/www.youtube.com\/user\/GreenpeaceBelgium\" target=\"_blank\" rel=\"noopener noreferrer\">\n<img decoding=\"async\" title=\"YouTube\" src=\"https:\/\/storage.googleapis.com\/planet4-belgium-stateless\/2019\/09\/4fd7759c-yt.png\" alt=\"YouTube\" width=\"100%\">\n<\/a><\/td>\n<td class=\"name\"><a href=\"https:\/\/www.youtube.com\/user\/GreenpeaceBelgium\" target=\"_blank\" rel=\"noopener noreferrer\">\nYouTube\n<\/a><\/td>\n<td class=\"icon\"><a href=\"https:\/\/www.pinterest.com\/greenpeacebe\/\" target=\"_blank\" rel=\"noopener noreferrer\">\n<img decoding=\"async\" title=\"YouTube\" src=\"https:\/\/storage.googleapis.com\/planet4-belgium-stateless\/2020\/05\/4454201c-pinterest.png\" alt=\"Pinterest\" width=\"100%\">\n<\/a><\/td>\n<td class=\"name\"><a href=\"https:\/\/www.pinterest.com\/greenpeacebe\/\" target=\"_blank\" rel=\"noopener noreferrer\">\nPinterest\n<\/a><\/td>\n<\/tr>\n<\/tbody>\n<\/table>\n\n","protected":false},"excerpt":{"rendered":"<p>Ces derniers mois, vous avez eu l\u2019occasion de d\u00e9couvrir certain.e.s de nos b\u00e9n\u00e9voles gr\u00e2ce \u00e0 nos diff\u00e9rents blogs. Cet \u00e9t\u00e9, nous vous pr\u00e9sentons de nouveaux visages : les jeunes qui ont particip\u00e9 \u00e0 notre camp d&rsquo;\u00e9t\u00e9.<\/p>\n","protected":false},"author":105,"featured_media":23470,"comment_status":"closed","ping_status":"closed","sticky":false,"template":"","format":"standard","meta":{"ep_exclude_from_search":false,"p4_og_title":"","p4_og_description":"","p4_og_image":"","p4_og_image_id":"","p4_seo_canonical_url":"","p4_campaign_name":"not set","p4_local_project":"not set","p4_basket_name":"not set","p4_department":"","footnotes":""},"categories":[1],"tags":[113],"p4-page-type":[116],"class_list":["post-23462","post","type-post","status-publish","format-standard","has-post-thumbnail","hentry","category-non-classifiee","tag-volontaires","p4-page-type-actualites-blog"],"_links":{"self":[{"href":"https:\/\/www.greenpeace.org\/belgium\/fr\/wp-json\/wp\/v2\/posts\/23462","targetHints":{"allow":["GET"]}}],"collection":[{"href":"https:\/\/www.greenpeace.org\/belgium\/fr\/wp-json\/wp\/v2\/posts"}],"about":[{"href":"https:\/\/www.greenpeace.org\/belgium\/fr\/wp-json\/wp\/v2\/types\/post"}],"author":[{"embeddable":true,"href":"https:\/\/www.greenpeace.org\/belgium\/fr\/wp-json\/wp\/v2\/users\/105"}],"replies":[{"embeddable":true,"href":"https:\/\/www.greenpeace.org\/belgium\/fr\/wp-json\/wp\/v2\/comments?post=23462"}],"version-history":[{"count":8,"href":"https:\/\/www.greenpeace.org\/belgium\/fr\/wp-json\/wp\/v2\/posts\/23462\/revisions"}],"predecessor-version":[{"id":23503,"href":"https:\/\/www.greenpeace.org\/belgium\/fr\/wp-json\/wp\/v2\/posts\/23462\/revisions\/23503"}],"wp:featuredmedia":[{"embeddable":true,"href":"https:\/\/www.greenpeace.org\/belgium\/fr\/wp-json\/wp\/v2\/media\/23470"}],"wp:attachment":[{"href":"https:\/\/www.greenpeace.org\/belgium\/fr\/wp-json\/wp\/v2\/media?parent=23462"}],"wp:term":[{"taxonomy":"category","embeddable":true,"href":"https:\/\/www.greenpeace.org\/belgium\/fr\/wp-json\/wp\/v2\/categories?post=23462"},{"taxonomy":"post_tag","embeddable":true,"href":"https:\/\/www.greenpeace.org\/belgium\/fr\/wp-json\/wp\/v2\/tags?post=23462"},{"taxonomy":"p4-page-type","embeddable":true,"href":"https:\/\/www.greenpeace.org\/belgium\/fr\/wp-json\/wp\/v2\/p4-page-type?post=23462"}],"curies":[{"name":"wp","href":"https:\/\/api.w.org\/{rel}","templated":true}]}}