{"id":23820,"date":"2021-09-13T12:30:57","date_gmt":"2021-09-13T10:30:57","guid":{"rendered":"https:\/\/www.greenpeace.org\/belgium\/?p=23820"},"modified":"2021-11-17T13:04:46","modified_gmt":"2021-11-17T11:04:46","slug":"23820","status":"publish","type":"post","link":"https:\/\/www.greenpeace.org\/belgium\/fr\/communique-de-presse\/23820\/23820\/","title":{"rendered":"Greenpeace : 50 ans d\u2019espoir \u00e0 travers l\u2019action"},"content":{"rendered":"\n<p><strong>Ce 15 septembre 2021, l\u2019organisation Greenpeace c\u00e9l\u00e8bre ses 50 ans d\u2019histoire. L\u2019occasion de revenir sur cinq d\u00e9cennies d\u2019ind\u00e9pendance et de non-violence au service de la paix et de la plan\u00e8te, jalonn\u00e9es par des victoires historiques. Et de se tourner vers l\u2019avenir, dans un monde \u00e9branl\u00e9 par une profonde crise sociale, climatique, et par une perte de biodiversit\u00e9 sans pr\u00e9c\u00e9dent.<\/strong><\/p>\n\n<p>Le 15 septembre 1971, en Alaska, une poign\u00e9e d\u2019activistes d\u00e9termin\u00e9s embarquait pour faire cesser les essais nucl\u00e9aires au large de l&rsquo;\u00cele d\u2019Amchitka, \u00e0 bord d\u2019un bateau baptis\u00e9 Greenpeace. L\u2019organisation non-gouvernementale \u00e9tait n\u00e9e.&nbsp;<\/p>\n\n<p>En cinquante ans, l\u2019organisation a fortement \u00e9volu\u00e9, passant d&rsquo;un petit groupe de Canadiens et d&rsquo;Am\u00e9ricains blancs, majoritairement masculins, qui agissaient sur des probl\u00e8mes locaux, \u00e0 une organisation diversifi\u00e9e op\u00e9rant sur tous les continents.<\/p>\n\n<p>Depuis sa naissance, Greenpeace a marqu\u00e9 les esprits par ses actions spectaculaires et non-violentes, qui ont permis d\u2019alerter l\u2019opinion publique et de faire pression sur les autorit\u00e9s dans des domaines tr\u00e8s larges comme la pr\u00e9servation de la faune et la flore sauvage, les l\u00e9gislations concernant la pollution, la d\u00e9forestation, l\u2019\u00e9nergie \u2026<\/p>\n\n<p><em>\u201cGreenpeace est une organisation rendue unique par sa dimension <\/em><strong><em>apolitique et totalement ind\u00e9pendante <\/em><\/strong>[1]<strong><em>\u201d <\/em><\/strong>explique Val\u00e9rie Del Re, directrice de Greenpeace Belgique.\u201c<em>Nos moyens d\u2019actions sont tr\u00e8s larges et ont \u00e9volu\u00e9 avec le temp<\/em>s<em>. A c\u00f4t\u00e9 de nos actions directes de d\u00e9sob\u00e9issance civile toutes non-violentes, nous sommes \u00e9galement engag\u00e9s dans de nombreuses batailles juridiques, nous menons des investigations de longue haleine avec nos experts, nous sommes investis dans la mobilisation citoyenne, nous dialoguons directement avec nos repr\u00e9sentants politiques, &#8230;. \u201d<\/em><\/p>\n\n<figure class=\"wp-block-table\"><table><tbody><tr><td><strong>Quelques moments-cl\u00e9 de l\u2019histoire de Greenpeace :<\/strong><br><br>&gt; En 1972, suite aux actions de Greenpeace, les Etats-Unis cessent leurs <strong>essais nucl\u00e9aires<\/strong> sur l&rsquo;\u00eele d\u2019Amchitka en Alaska.<br><br>&gt; En 1982, le <strong>Whaling Moratorium<\/strong> interdit la chasse commerciale \u00e0 la baleine.<br><br>&gt; En 1991, le <strong>Trait\u00e9 sur l&rsquo;Antarctique<\/strong> est adopt\u00e9, prot\u00e9geant le continent de toute exploitation mini\u00e8re pour 50 ans minimum.<br><br>&gt; En 2001, apr\u00e8s des ann\u00e9es de n\u00e9gociations et de pression de Greenpeace, un <strong>trait\u00e9 des Nations-Unies bannit les produits chimiques dits POP<\/strong> (polluants organiques persistants).<br><br>&gt; En 2010, l\u2019Europe adopte le European Union Timber Regulation (EUTR), afin de <strong>bannir l\u2019exploitation ill\u00e9gale de bois<\/strong>.<br><br>&gt; En avril 2017, la Belgique interdit la <strong>vente de glyphosate<\/strong> pour les particuliers.<br><br>&gt; En novembre 2018, la justice condamne la <strong>R\u00e9gion flamande<\/strong> pour sa politique insuffisante en mati\u00e8re de <strong>pollution atmosph\u00e9rique <\/strong>suite au proc\u00e8s intent\u00e9 par Greenpeace.<br><br>&gt; Le 2 d\u00e9cembre 2018, la marche pour le climat \u2018Claim the Climate\u2019&nbsp; r\u00e9unit pr\u00e8s de 100 000 personnes dans les rues de Bruxelles, juste avant la COP24.&nbsp;<br><br>&gt; En mai 2021, une <strong>d\u00e9cision historique<\/strong> d\u2019un tribunal n\u00e9erlandais reconna\u00eet la responsabilit\u00e9 du g\u00e9ant p\u00e9trolier <strong>Shell<\/strong> dans la crise climatique et l\u2019oblige \u00e0 r\u00e9duire ses \u00e9missions de gaz \u00e0 effet de serre de 45%.&nbsp;<\/td><\/tr><\/tbody><\/table><\/figure>\n\n<p><em>\u201cQuand nous voyons aujourd\u2019hui la place accord\u00e9e aux enjeux \u00e9cologiques et climatiques dans nos soci\u00e9t\u00e9s, nous pensons que nous pouvons \u00eatre fiers du chemin parcouru par le mouvement environnemental dans son ensemble\u201d, <\/em>explique Carine Thibaut, porte-parole chez Greenpeace Belgique<em>. \u201cMais l\u2019immense crise climatique, sociale, et environnementale que nous connaissons aujourd\u2019hui, nous montre que la mission de Greenpeace reste aujourd\u2019hui essentielle, fondamentale. Avec nos alli\u00e9s, nous continuerons \u00e0 travailler pour changer les syst\u00e8mes actuels, dans lesquels le profit et la pollution priment sur les personnes et la plan\u00e8te.\u201d<br><br><\/em>Le regard tourn\u00e9 vers l\u2019avenir, Greenpeace continue donc \u00e0 questionner les soci\u00e9t\u00e9s humaines sur leur fa\u00e7on d\u2019habiter la terre. <em>\u00ab\u00a0Le plus grand espoir de Greenpeace est de ne plus devoir exister\u201d&nbsp; <\/em>conclut<em> <\/em>Jennifer Morgan, directrice de Greenpeace International<em>. \u201cBien qu\u2019elle soit faite de luttes, notre histoire est d\u2019abord celle de l&rsquo;espoir, rendu possible par l\u2019action et par le pouvoir des gens. Ces d\u00e9cennies nous ont montr\u00e9 qu&rsquo;un changement radical est possible pour autant que nous restions r\u00e9silients et pleins d&rsquo;espoir. Les gens peuvent se montrer extraordinaires, solidaires et courageux face \u00e0 l&rsquo;adversit\u00e9. Greenpeace ne pourrait pas fonctionner sans eux, sans les millions d&rsquo;alli\u00e9s qui partagent ses valeurs.\u00a0\u00bb<\/em><\/p>\n\n<figure class=\"wp-block-table\"><table><tbody><tr><td><strong>Greenpeace en chiffres :<\/strong>&nbsp;<br><br>&gt; Greenpeace compte <strong>3.3 millions de supporters <\/strong>dans le monde. Dans notre pays, cela repr\u00e9sente <strong>91.173<\/strong> personnes.<br><br>&gt; Greenpeace Belgique na\u00eet en <strong>1982.<\/strong><br><br>&gt; La premi\u00e8re action de Greenpeace Belgique se d\u00e9roule le <strong>2 avril 1984<\/strong>, pour lutter contre les causes des pluies acides.<br><br>&gt; A l\u2019\u00e9chelle mondiale, <strong>3532 personnes<\/strong> travaillent pour Greenpeace, r\u00e9partis dans 26 bureaux nationaux et r\u00e9gionaux, qui op\u00e8rent dans <strong>55 pays<\/strong> en Afrique, Europe, Am\u00e9rique du Nord et du Sud, Asie et Oc\u00e9anie.<\/td><\/tr><\/tbody><\/table><\/figure>\n\n<p><strong>Note :&nbsp;<\/strong><\/p>\n\n<p>[1] Greenpeace n\u2019accepte aucun sponsoring d\u2019entreprises, ni de subside. Elle est soutenue uniquement par des citoyen.ne.s.<\/p>\n","protected":false},"excerpt":{"rendered":"<p>Ce 15 septembre 2021, l\u2019organisation Greenpeace c\u00e9l\u00e8bre ses 50 ans d\u2019histoire. L\u2019occasion de revenir sur cinq d\u00e9cennies d\u2019ind\u00e9pendance et de non-violence au service de la paix et de la plan\u00e8te,&hellip;<\/p>\n","protected":false},"author":80,"featured_media":23774,"comment_status":"closed","ping_status":"closed","sticky":false,"template":"","format":"standard","meta":{"ep_exclude_from_search":false,"p4_og_title":"","p4_og_description":"","p4_og_image":"","p4_og_image_id":"","p4_seo_canonical_url":"","p4_campaign_name":"not set","p4_local_project":"not set","p4_basket_name":"not set","p4_department":"","footnotes":""},"categories":[1],"tags":[],"p4-page-type":[117],"class_list":["post-23820","post","type-post","status-publish","format-standard","has-post-thumbnail","hentry","category-non-classifiee","p4-page-type-communique-de-presse"],"_links":{"self":[{"href":"https:\/\/www.greenpeace.org\/belgium\/fr\/wp-json\/wp\/v2\/posts\/23820","targetHints":{"allow":["GET"]}}],"collection":[{"href":"https:\/\/www.greenpeace.org\/belgium\/fr\/wp-json\/wp\/v2\/posts"}],"about":[{"href":"https:\/\/www.greenpeace.org\/belgium\/fr\/wp-json\/wp\/v2\/types\/post"}],"author":[{"embeddable":true,"href":"https:\/\/www.greenpeace.org\/belgium\/fr\/wp-json\/wp\/v2\/users\/80"}],"replies":[{"embeddable":true,"href":"https:\/\/www.greenpeace.org\/belgium\/fr\/wp-json\/wp\/v2\/comments?post=23820"}],"version-history":[{"count":2,"href":"https:\/\/www.greenpeace.org\/belgium\/fr\/wp-json\/wp\/v2\/posts\/23820\/revisions"}],"predecessor-version":[{"id":23822,"href":"https:\/\/www.greenpeace.org\/belgium\/fr\/wp-json\/wp\/v2\/posts\/23820\/revisions\/23822"}],"wp:featuredmedia":[{"embeddable":true,"href":"https:\/\/www.greenpeace.org\/belgium\/fr\/wp-json\/wp\/v2\/media\/23774"}],"wp:attachment":[{"href":"https:\/\/www.greenpeace.org\/belgium\/fr\/wp-json\/wp\/v2\/media?parent=23820"}],"wp:term":[{"taxonomy":"category","embeddable":true,"href":"https:\/\/www.greenpeace.org\/belgium\/fr\/wp-json\/wp\/v2\/categories?post=23820"},{"taxonomy":"post_tag","embeddable":true,"href":"https:\/\/www.greenpeace.org\/belgium\/fr\/wp-json\/wp\/v2\/tags?post=23820"},{"taxonomy":"p4-page-type","embeddable":true,"href":"https:\/\/www.greenpeace.org\/belgium\/fr\/wp-json\/wp\/v2\/p4-page-type?post=23820"}],"curies":[{"name":"wp","href":"https:\/\/api.w.org\/{rel}","templated":true}]}}