{"id":23916,"date":"2021-05-07T16:10:00","date_gmt":"2021-05-07T14:10:00","guid":{"rendered":"https:\/\/www.greenpeace.org\/belgium\/?p=23916"},"modified":"2021-09-14T16:19:02","modified_gmt":"2021-09-14T14:19:02","slug":"et-le-logo-gagnant-est","status":"publish","type":"post","link":"https:\/\/www.greenpeace.org\/belgium\/fr\/actualites-blog\/23916\/et-le-logo-gagnant-est\/","title":{"rendered":"Et le logo gagnant est\u2026"},"content":{"rendered":"\t\t\t<section\n\t\t\tclass=\"boxout  \"\n\t\t\t\n\t\t>\n\t\t\t<a\n\t\t\t\tdata-ga-category=\"Take Action Boxout\"\n\t\t\t\tdata-ga-action=\"Image\"\n\t\t\t\tdata-ga-label=\"n\/a\"\n\t\t\t\tclass=\"cover-card-overlay\"\n\t\t\t\thref=\"https:\/\/www.greenpeace.org\/belgium\/fr\/50-ans\/\" \n\t\t\t><\/a>\n\t\t\t\t\t\t\t<img\n\t\t\t\t\t\tsrc=\"https:\/\/www.greenpeace.org\/static\/planet4-belgium-stateless\/2021\/09\/fa6ad206-01-1024x686.jpg\"\n\t\t\t\t\t\tsrcset=\"https:\/\/www.greenpeace.org\/static\/planet4-belgium-stateless\/2021\/09\/fa6ad206-01-300x201.jpg 300w, https:\/\/www.greenpeace.org\/static\/planet4-belgium-stateless\/2021\/09\/fa6ad206-01-1024x686.jpg 1024w, https:\/\/www.greenpeace.org\/static\/planet4-belgium-stateless\/2021\/09\/fa6ad206-01-768x515.jpg 768w, https:\/\/www.greenpeace.org\/static\/planet4-belgium-stateless\/2021\/09\/fa6ad206-01-507x340.jpg 507w, https:\/\/www.greenpeace.org\/static\/planet4-belgium-stateless\/2021\/09\/fa6ad206-01.jpg 1200w\"\n\t\t\t\t\t\tsizes=\"(min-width: 1000px) 358px, (min-width: 780px) 313px, 88px\"\n\t\t\t\t\t\talt=\"\" title=\"\"\n\t\t\t\t\/>\n            \t\t\t<div class=\"boxout-content\">\n\t\t\t\t\t\t\t\t\t<a\n\t\t\t\t\t\tclass=\"boxout-heading medium\"\n\t\t\t\t\t\tdata-ga-category=\"Take Action Boxout\"\n\t\t\t\t\t\tdata-ga-action=\"Title\"\n\t\t\t\t\t\tdata-ga-label=\"n\/a\"\n\t\t\t\t\t\thref=\"https:\/\/www.greenpeace.org\/belgium\/fr\/50-ans\/\"\n\t\t\t\t\t\t\n\t\t\t\t\t>\n\t\t\t\t\t\tGreenpeace f\u00eate ses cinquante ans\n\t\t\t\t\t<\/a>\n\t\t\t\t\t\t\t\t                                    <a\n                        class=\"btn btn-primary\"\n                        data-ga-category=\"Take Action Boxout\"\n                        data-ga-action=\"Call to Action\"\n                        data-ga-label=\"n\/a\"\n                        href=\"https:\/\/www.greenpeace.org\/belgium\/fr\/50-ans\/\"\n                        \n                    >\n                        #50Years\n                    <\/a>\n                \t\t\t<\/div>\n\t\t\t\t\t<\/section>\n\t\n<p><strong>Greenpeace a 50 ans cette ann\u00e9e et pour nous aider \u00e0 f\u00eater cet anniversaire, nous avons invit\u00e9 des artistes et des cr\u00e9atifs du monde entier \u00e0 participer \u00e0 un concours de <em>design<\/em>.\u00a0<\/strong><\/p>\n\n<p>Nous avons \u00e9t\u00e9 incroyablement touch\u00e9s par la quantit\u00e9 d&rsquo;amour et de cr\u00e9ativit\u00e9 dans les r\u00e9ponses des gens du monde entier.<\/p>\n\n<p>Notre appel mondial a attir\u00e9 plus de 200 candidatures \u00e9tonnantes de la part des supporters de Greenpeace, ce qui a rendu difficile le choix du gagnant par les juges. Nous avons eu la chance d&rsquo;avoir l&rsquo;artiste de rue tha\u00eflandais <a href=\"https:\/\/www.instagram.com\/mue_bon\/\">Muebon<\/a> dans notre jury compos\u00e9 de juges venus du Br\u00e9sil, de Hong Kong, d&rsquo;Indon\u00e9sie, des Philippines, de Russie, de Norv\u00e8ge et d&rsquo;Afrique.&nbsp;<\/p>\n\n<p>Les \u0153uvres envoy\u00e9es allaient de l&rsquo;excentrique au dramatique: de belles images inspir\u00e9es par les gens, la nature et les mouvements sociaux qui travaillent ensemble pour un avenir vert, juste et pacifique.<\/p>\n\n<p>Nous sommes ravis de pr\u00e9senter ici les meilleurs dessins, qui, selon le jury, illustrent l&rsquo;\u00e9volution de Greenpeace \u00e0 travers l&rsquo;histoire et l&rsquo;avenir que nous voulons voir advenir !<\/p>\n\n<h2 class=\"wp-block-heading\">Gagnante : Rainbow Flight par Leire Dominguez<\/h2>\n\n<div class=\"wp-block-image\"><figure class=\"aligncenter size-large\"><img decoding=\"async\" src=\"https:\/\/www.greenpeace.org\/static\/planet4-international-stateless\/2021\/05\/ea9d70d9-leire-dominguez.png\" alt=\"\"\/><figcaption>Greenpeace 50e \u00a9 Leire Dominguez \/ Greenpeace<\/figcaption><\/figure><\/div>\n\n<p>Leire Dominguez est originaire de Barcelone. Son dessin repr\u00e9sente \u00e0 la fois les origines et l&rsquo;\u00e9volution de Greenpeace au cours des 50 derni\u00e8res ann\u00e9es. La \u00ab\u00a0colombe de la paix\u00a0\u00bb, qui d\u00e9colle d&rsquo;un de nos bateaux, montre les origines de l&rsquo;organisation et rappelle la premi\u00e8re action de Greenpeace contre les essais nucl\u00e9aires. Le vol de la colombe, qui a la forme du \u00ab\u00a050\u00a0\u00bb, montre le dynamisme et l&rsquo;\u00e9nergie de Greenpeace, qui \u00e9volue et se remet en question en permanence pour devenir le mouvement qu&rsquo;il est aujourd&rsquo;hui. Greenpeace a parcouru un tr\u00e8s long chemin &#8211; de l&rsquo;action pacifique contre les essais nucl\u00e9aires et la chasse \u00e0 la baleine, \u00e0 la d\u00e9fense de la justice environnementale et sociale pour toutes et tous.\u00a0<\/p>\n\n<p>Leire a d\u00e9clar\u00e9 avoir \u00e9t\u00e9 incit\u00e9e \u00e0 participer au concours par sa profonde admiration pour Greenpeace et le travail de l&rsquo;organisation. \u00ab\u00a0J&rsquo;ai essay\u00e9 de rassembler quelques images simples qui repr\u00e9sentent Greenpeace : la force humaine qui d\u00e9fend la plan\u00e8te, guid\u00e9e par la ligne color\u00e9e qui marque les 50 ans de Greenpeace\u00a0\u00bb.\u00a0<\/p>\n\n<p>Vous pouvez voir plus de travaux de Leire sur <a href=\"https:\/\/leiredomingueztorres.wixsite.com\/portfolio\/about-me\">son site web<\/a> et son <a href=\"https:\/\/www.instagram.com\/leire_domingueztorres\/\">compte Instagram<\/a>.<\/p>\n\n<h2 class=\"wp-block-heading\">Deuxi\u00e8me prix : Rainbow Warrior, Renewable Energies and Wildlife par Nickolay Drozdovskiy&nbsp;<\/h2>\n\n<div class=\"wp-block-image\"><figure class=\"aligncenter size-large\"><img decoding=\"async\" src=\"https:\/\/www.greenpeace.org\/static\/planet4-international-stateless\/2021\/05\/93bafa03-nickolay-drozdovskiy-1024x989.png\" alt=\"\"\/><figcaption>Greenpeace 50 \u00a9 Nickolay Drozdovskiy \/ Greenpeace<\/figcaption><\/figure><\/div>\n\n<p>Nickolay Drozdovskiy est un artiste russe qui travaille comme administrateur de syst\u00e8mes informatiques pour Greenpeace. Il a eu envie de participer au concours car il ne pouvait imaginer quelque chose de plus important que la protection de notre plan\u00e8te.<\/p>\n\n<p>\u00ab\u00a0Nous voulons tous vivre dans un endroit o\u00f9 l&rsquo;air est pur et o\u00f9 les for\u00eats et les oc\u00e9ans peuvent prosp\u00e9rer. Ce qui m&rsquo;a incit\u00e9 \u00e0 participer \u00e0 ce concours, c&rsquo;est la possibilit\u00e9 d&rsquo;explorer ma cr\u00e9ativit\u00e9 et de cr\u00e9er quelque chose qui puisse inspirer d&rsquo;autres personnes et les aider \u00e0 se rassembler autour d&rsquo;un m\u00eame objectif : pr\u00e9server la paix et la sant\u00e9 de notre plan\u00e8te.\u00a0\u00bb<\/p>\n\n<p>Vous pouvez voir plus de travaux de Nickolay sur <a href=\"https:\/\/www.instagram.com\/qball76\/\">son compte Instagram<\/a>.<\/p>\n\n<p>Nous tenons \u00e9galement \u00e0 saluer et \u00e0 f\u00e9liciter certaines des contributions qui ont \u00e9t\u00e9 s\u00e9lectionn\u00e9es lors du concours !<\/p>\n\n<h2 class=\"wp-block-heading\">La nature sur la terre par <a href=\"https:\/\/www.instagram.com\/drgrahambooks\/?hl=en\">Danielle Graham<\/a><\/h2>\n\n<div class=\"wp-block-image\"><figure class=\"aligncenter size-large\"><img decoding=\"async\" src=\"https:\/\/www.greenpeace.org\/static\/planet4-international-stateless\/2021\/05\/97362c72-danielle-graham-1024x1024.png\" alt=\"\"\/><figcaption>Greenpeace 50\u00e8me \u00a9 Danielle Graham \/ Greenpeace<\/figcaption><\/figure><\/div>\n\n<h2 class=\"wp-block-heading\">La fille et la baleine par <a href=\"https:\/\/www.instagram.com\/sound_travel2020\/\">Helen Han<\/a><\/h2>\n\n<div class=\"wp-block-image\"><figure class=\"aligncenter size-large\"><img decoding=\"async\" src=\"https:\/\/www.greenpeace.org\/static\/planet4-international-stateless\/2021\/05\/2cbb5f88-helen-hanmom-e1620390717421-768x1024.png\" alt=\"\"\/><figcaption>Greenpeace 50e \u00a9 Helen Hanmom \/ Greenpeace<\/figcaption><\/figure><\/div>\n\n<h2 class=\"wp-block-heading\">Fourmis faisant l&rsquo;action du drapeau fleuri par Andrea Bertl<\/h2>\n\n<div class=\"wp-block-image\"><figure class=\"aligncenter size-large\"><img decoding=\"async\" src=\"https:\/\/www.greenpeace.org\/static\/planet4-international-stateless\/2021\/05\/c8793353-andrea-bertl-e1620389668415-844x1024.jpg\" alt=\"\"\/><figcaption>Greenpeace 50 \u00a9 Andrea Bertl \/ Greenpeace<\/figcaption><\/figure><\/div>\n\n<h2 class=\"wp-block-heading\">Poign\u00e9e de main terrestre par Gimena<\/h2>\n\n<div class=\"wp-block-image\"><figure class=\"aligncenter size-large\"><img decoding=\"async\" src=\"https:\/\/www.greenpeace.org\/static\/planet4-international-stateless\/2021\/05\/d25fdac4-gimena-barragan-scaled-e1620392538403-745x1024.jpg\" alt=\"\"\/><figcaption>Greenpeace 50 \u00a9 Gimena Barragan \/ Greenpeace<\/figcaption><\/figure><\/div>\n\n<h2 class=\"wp-block-heading\">La Terre entre les mains du parent et de l&rsquo;enfant par <a href=\"https:\/\/www.instagram.com\/lizamirox\/?hl=en\">Elizabeth Mirochnik<\/a><\/h2>\n\n<div class=\"wp-block-image\"><figure class=\"aligncenter size-large\"><img decoding=\"async\" src=\"https:\/\/www.greenpeace.org\/static\/planet4-international-stateless\/2021\/05\/5de9c90a-elizabeth-mirochnik-1024x1024.jpeg\" alt=\"\"\/><figcaption>Greenpeace 50 \u00a9 Elizabeth Mirochnik \/ Greenpeace<\/figcaption><\/figure><\/div>\n\n<p>Continuez \u00e0 nous suivre pour d\u00e9couvrir nos autres fa\u00e7ons originales de c\u00e9l\u00e9brer les 50 ans de Greenpeace.<\/p>\n\n<a class=\"cta-blog-button\" href=\"https:\/\/www.greenpeace.org\/belgium\/fr\/50-ans\/\" rel=\"noopener noreferrer\">#50Years<\/a>\n\n<span class=\"shareSocialArea\">\n<a class=\"shareFacebook\" href=\"https:\/\/www.facebook.com\/sharer\/sharer.php?u=https:\/\/www.greenpeace.org\/belgium\/fr\/blog\/23916\/et-le-logo-gagnant-est\/&#038;utm_source=facebook&#038;utm_medium=share&#038;utm_content=postid-23916\" target=\"_blank\" rel=\"noopener noreferrer\">Je partage sur Facebook<\/a>\n<a class=\"shareTwitter\" href=\"https:\/\/twitter.com\/share?url=https:\/\/www.greenpeace.org\/belgium\/fr\/blog\/23916\/et-le-logo-gagnant-est\/&#038;text=Et%20le%20logo%20gagnant%20est%E2%80%A6,%20via%20@greenpeace_be&#038;related=greenpeace_be&#038;utm_source=twitter&#038;utm_medium=share&#038;utm_content=postid-23916\" target=\"_blank\" rel=\"noopener noreferrer\">Je partage sur Twitter<\/a>\n<a class=\"shareWhatsapp\" href=\"https:\/\/wa.me\/?text=https:\/\/www.greenpeace.org\/belgium\/fr\/blog\/23916\/et-le-logo-gagnant-est\/&#038;utm_source=whatsapp&#038;utm_medium=share&#038;utm_content=postid-23916\" target=\"_blank\" rel=\"noopener noreferrer\">Je partage sur Whatsapp<\/a>\n<\/span>\n\n\n<a class=\"ctaDonateContainer\" target=\"_blank\" href=\"https:\/\/act.greenpeace.org\/page\/35703\/donate\/1?locale=fr-BE&#038;_ga=2.192557353.2055212094.1603091135-347892486.1598958044\" rel=\"noopener noreferrer\">\n<div id=\"cta-donate\">\n<div id=\"cta-donate-text\">\n<h2 style=\"text-shadow: 0 2px 5px rgba(0,0,0,.25); color: #fff;\">Je soutiens Greenpeace<\/h2>\n<\/div>\n<div id=\"cta-donate-button\">\n<a class=\"ctaDonateBtn\" target=\"_blank\" href=\"https:\/\/act.greenpeace.org\/page\/35703\/donate\/1?locale=fr-BE\" rel=\"noopener noreferrer\">Je fais un don<\/a>\n<\/div>\n<\/div>\n<\/a>\n\n\n<table class=\"hideme\" style=\"width: 100%;\" width=\"100%\">\n<tbody>\n<tr style=\"width: 100%;\">\n<td class=\"icon\"><a href=\"https:\/\/www.facebook.com\/greenpeace.belgium\" target=\"_blank\" rel=\"noopener noreferrer\">\n<img decoding=\"async\" title=\"Facebook\" src=\"https:\/\/storage.googleapis.com\/planet4-belgium-stateless\/2019\/09\/09281872-fb.png\" alt=\"Facebook\" width=\"100%\">\n<\/a><\/td>\n<td class=\"name\"><a href=\"https:\/\/www.facebook.com\/greenpeace.belgium\" target=\"_blank\" rel=\"noopener noreferrer\">\nFacebook\n<\/a><\/td>\n<td class=\"icon\"><a href=\"https:\/\/www.instagram.com\/greenpeace_be\/\" target=\"_blank\" rel=\"noopener noreferrer\">\n<img decoding=\"async\" title=\"Instagram\" src=\"https:\/\/storage.googleapis.com\/planet4-belgium-stateless\/2019\/09\/89871ad4-insta.png\" alt=\"Instagram\" width=\"100%\">\n<\/a><\/td>\n<td class=\"name\"><a href=\"https:\/\/www.instagram.com\/greenpeace_be\/\" target=\"_blank\" rel=\"noopener noreferrer\">\nInstagram\n<\/a><\/td>\n<td class=\"icon\"><a href=\"https:\/\/twitter.com\/greenpeace_be\" target=\"_blank\" rel=\"noopener noreferrer\">\n<img decoding=\"async\" title=\"Twitter\" src=\"https:\/\/storage.googleapis.com\/planet4-belgium-stateless\/2019\/09\/aebb8c6a-tw.png\" alt=\"Twitter\" width=\"100%\">\n<\/a><\/td>\n<td class=\"name\"><a href=\"https:\/\/twitter.com\/greenpeace_be\" target=\"_blank\" rel=\"noopener noreferrer\">\nTwitter\n<\/a><\/td>\n<td class=\"icon\"><a href=\"https:\/\/www.youtube.com\/user\/GreenpeaceBelgium\" target=\"_blank\" rel=\"noopener noreferrer\">\n<img decoding=\"async\" title=\"YouTube\" src=\"https:\/\/storage.googleapis.com\/planet4-belgium-stateless\/2019\/09\/4fd7759c-yt.png\" alt=\"YouTube\" width=\"100%\">\n<\/a><\/td>\n<td class=\"name\"><a href=\"https:\/\/www.youtube.com\/user\/GreenpeaceBelgium\" target=\"_blank\" rel=\"noopener noreferrer\">\nYouTube\n<\/a><\/td>\n<td class=\"icon\"><a href=\"https:\/\/www.pinterest.com\/greenpeacebe\/\" target=\"_blank\" rel=\"noopener noreferrer\">\n<img decoding=\"async\" title=\"YouTube\" src=\"https:\/\/storage.googleapis.com\/planet4-belgium-stateless\/2020\/05\/4454201c-pinterest.png\" alt=\"Pinterest\" width=\"100%\">\n<\/a><\/td>\n<td class=\"name\"><a href=\"https:\/\/www.pinterest.com\/greenpeacebe\/\" target=\"_blank\" rel=\"noopener noreferrer\">\nPinterest\n<\/a><\/td>\n<\/tr>\n<\/tbody>\n<\/table>\n\n","protected":false},"excerpt":{"rendered":"<p>Greenpeace a 50 ans cette ann\u00e9e et pour nous aider \u00e0 f\u00eater cet anniversaire, nous avons invit\u00e9 des artistes et des cr\u00e9atifs du monde entier \u00e0 participer \u00e0 un concours.<\/p>\n","protected":false},"author":49,"featured_media":23917,"comment_status":"closed","ping_status":"closed","sticky":false,"template":"","format":"standard","meta":{"ep_exclude_from_search":false,"p4_og_title":"","p4_og_description":"","p4_og_image":"","p4_og_image_id":"","p4_seo_canonical_url":"","p4_campaign_name":"not set","p4_local_project":"not set","p4_basket_name":"not set","p4_department":"","footnotes":""},"categories":[107],"tags":[],"p4-page-type":[116],"class_list":["post-23916","post","type-post","status-publish","format-standard","has-post-thumbnail","hentry","category-ensemble-nous-sommes-la-solution","p4-page-type-actualites-blog"],"_links":{"self":[{"href":"https:\/\/www.greenpeace.org\/belgium\/fr\/wp-json\/wp\/v2\/posts\/23916","targetHints":{"allow":["GET"]}}],"collection":[{"href":"https:\/\/www.greenpeace.org\/belgium\/fr\/wp-json\/wp\/v2\/posts"}],"about":[{"href":"https:\/\/www.greenpeace.org\/belgium\/fr\/wp-json\/wp\/v2\/types\/post"}],"author":[{"embeddable":true,"href":"https:\/\/www.greenpeace.org\/belgium\/fr\/wp-json\/wp\/v2\/users\/49"}],"replies":[{"embeddable":true,"href":"https:\/\/www.greenpeace.org\/belgium\/fr\/wp-json\/wp\/v2\/comments?post=23916"}],"version-history":[{"count":3,"href":"https:\/\/www.greenpeace.org\/belgium\/fr\/wp-json\/wp\/v2\/posts\/23916\/revisions"}],"predecessor-version":[{"id":23921,"href":"https:\/\/www.greenpeace.org\/belgium\/fr\/wp-json\/wp\/v2\/posts\/23916\/revisions\/23921"}],"wp:featuredmedia":[{"embeddable":true,"href":"https:\/\/www.greenpeace.org\/belgium\/fr\/wp-json\/wp\/v2\/media\/23917"}],"wp:attachment":[{"href":"https:\/\/www.greenpeace.org\/belgium\/fr\/wp-json\/wp\/v2\/media?parent=23916"}],"wp:term":[{"taxonomy":"category","embeddable":true,"href":"https:\/\/www.greenpeace.org\/belgium\/fr\/wp-json\/wp\/v2\/categories?post=23916"},{"taxonomy":"post_tag","embeddable":true,"href":"https:\/\/www.greenpeace.org\/belgium\/fr\/wp-json\/wp\/v2\/tags?post=23916"},{"taxonomy":"p4-page-type","embeddable":true,"href":"https:\/\/www.greenpeace.org\/belgium\/fr\/wp-json\/wp\/v2\/p4-page-type?post=23916"}],"curies":[{"name":"wp","href":"https:\/\/api.w.org\/{rel}","templated":true}]}}