{"id":24008,"date":"2021-09-17T09:54:08","date_gmt":"2021-09-17T07:54:08","guid":{"rendered":"https:\/\/www.greenpeace.org\/belgium\/?p=24008"},"modified":"2021-11-17T13:11:17","modified_gmt":"2021-11-17T11:11:17","slug":"le-10-octobre-ensemble-dans-la-rue-pour-le-climat","status":"publish","type":"post","link":"https:\/\/www.greenpeace.org\/belgium\/fr\/actualites-blog\/24008\/le-10-octobre-ensemble-dans-la-rue-pour-le-climat\/","title":{"rendered":"Le 10 octobre, ensemble dans la rue pour le climat!"},"content":{"rendered":"\n<p><strong>Cet \u00e9t\u00e9, le climat \u00e9tait sur toutes les l\u00e8vres. Les ph\u00e9nom\u00e8nes m\u00e9t\u00e9o extr\u00eames et dramatiques s&rsquo;encha\u00eenent les uns apr\u00e8s les autres. Le dernier rapport du GIEC nous a \u00e9galement rappel\u00e9 l\u2019ampleur de la crise. Cette situation a de quoi nous angoisser. Mais elle peut aussi nous galvaniser et nous f\u00e9d\u00e9rer pour exiger, ensemble, des actions imm\u00e9diates et concr\u00e8tes. C\u2019est l\u2019objectif de la grande marche <\/strong><a href=\"https:\/\/www.backtotheclimate.be\/fr\"><strong><em>back to the climate<\/em><\/strong><\/a><strong> pr\u00e9vue le 10 octobre. Vous y serez ?<\/strong><\/p>\n\n<div class=\"wp-block-image\"><figure class=\"aligncenter size-large\"><img loading=\"lazy\" decoding=\"async\" width=\"1024\" height=\"576\" src=\"https:\/\/www.greenpeace.org\/static\/planet4-belgium-stateless\/2019\/02\/7676c9c2-act-now-1024x576.jpg\" alt=\"\" class=\"wp-image-2022\" srcset=\"https:\/\/www.greenpeace.org\/static\/planet4-belgium-stateless\/2019\/02\/7676c9c2-act-now-1024x576.jpg 1024w, https:\/\/www.greenpeace.org\/static\/planet4-belgium-stateless\/2019\/02\/7676c9c2-act-now-300x169.jpg 300w, https:\/\/www.greenpeace.org\/static\/planet4-belgium-stateless\/2019\/02\/7676c9c2-act-now-768x432.jpg 768w, https:\/\/www.greenpeace.org\/static\/planet4-belgium-stateless\/2019\/02\/7676c9c2-act-now-510x287.jpg 510w, https:\/\/www.greenpeace.org\/static\/planet4-belgium-stateless\/2019\/02\/7676c9c2-act-now.jpg 1920w\" sizes=\"auto, (max-width: 1024px) 100vw, 1024px\" \/><\/figure><\/div>\n\n<span class=\"mid-button-fix\"><a class=\"cta-blog-button-mid\" href=\"https:\/\/fb.me\/e\/2v4HqV58A\" target=\"_blank\" rel=\"noopener noreferrer\">Je participe \u00e0 la marche du 10\/10<\/a><\/span>\n\n<p>Apr\u00e8s une longue p\u00e9riode rythm\u00e9e par les diff\u00e9rents confinements, la mobilisation citoyenne fait son grand retour. La <strong>Coalition Climat<\/strong>, dont Greenpeace fait partie avec plus de 70 autres organisations, met en place le 10 octobre <strong>une grande marche \u00e0 Bruxelles<\/strong> autour du climat.&nbsp;<\/p>\n\n<p>Les d\u00e9r\u00e8glements climatiques sont toujours plus visibles, impactant directement et dramatiquement la vie de pans de plus en plus importants de l\u2019humanit\u00e9. L\u2019\u00e9rosion de la biodiversit\u00e9 est tangible, avec des effets d\u00e9vastateurs sur les \u00e9cosyst\u00e8mes. Le 10 octobre, nous serons donc dans la rue pour <strong>exiger que nos pouvoirs publics soient \u00e0 la hauteur de l\u2019urgence de cette situation<\/strong>. Nous ne pouvons plus attendre, nous ne pouvons plus nous satisfaire de mesures qui ne sont ni ambitieuses ni contraignantes. Comme le d\u00e9montre le rapport du GIEC,<strong> rester en dessous d\u2019un r\u00e9chauffement de 1,5 degr\u00e9 est toujours possible<\/strong> mais cela exige d\u2019agir imm\u00e9diatement. Notre fen\u00eatre d\u2019opportunit\u00e9 pour diminuer nos \u00e9missions de gaz \u00e0 effet de serre se r\u00e9duit.&nbsp;<\/p>\n\n<p>Les mobilisations de ces derni\u00e8res ann\u00e9es ont plac\u00e9 la crise climatique en t\u00eate de l&rsquo;agenda politique. Mais le temps est venu pour nos responsables politiques de transformer leurs promesses en actions ambitieuses. Notre g\u00e9n\u00e9ration de responsables politiques n\u2019est pas la premi\u00e8re \u00e0 travailler sur le changement climatique, mais elle sera sans doute la derni\u00e8re \u00e0 pouvoir le limiter.<\/p>\n\n<p>La Coalition Climat et ses membres ont travaill\u00e9 \u00e0 un ensemble de mesures extr\u00eamement concr\u00e8tes, <a href=\"https:\/\/www.klimaatcoalitie.be\/sites\/default\/files\/documents\/M%C3%A9morandum%20pour%20un%20Green%20New%20Deal%20belge.pdf\">d\u00e9clin\u00e9es ici<\/a>, qui peuvent guider notre pays vers un avenir r\u00e9silient, et offrir une transition socialement juste. De l\u2019abandon des \u00e9nergies fossiles \u00e0 la r\u00e9novation du b\u00e2ti en passant par la refonte de notre syst\u00e8me agricole, des solutions existent!<\/p>\n\n<p>La crise du covid a mis en lumi\u00e8re la capacit\u00e9 de nos soci\u00e9t\u00e9s \u00e0 s&rsquo;adapter, \u00e0 poser des actes et des choix compliqu\u00e9s \u2026&nbsp; Nous devons nous en inspirer face \u00e0 la crise climatique.&nbsp;<\/p>\n\n<p>A la veille d&rsquo;un important sommet europ\u00e9en et de la conf\u00e9rence climatique de Glasgow (COP 26), nous allons donc envoyer un signal fort. Nous esp\u00e9rons compter sur la pr\u00e9sence de chacun.e d\u2019entre vous! Mobilisons notre entourage et retrouvons cette joie de nous retrouver ensemble dans l\u2019espace public.&nbsp;<\/p>\n\n<p>La marche d\u00e9bute \u00e0 la Gare du Nord pour se terminer \u00e0 Schuman. Retrouvez toutes les infos sur le site sp\u00e9cialement d\u00e9di\u00e9 \u00e0 cet \u00e9v\u00e9nement.<\/p>\n\n<p><strong>Soyons nombreux.ses et d\u00e9termin\u00e9.e.s. Ensemble, nous pouvons encore \u00e9crire l\u2019histoire.&nbsp;<\/strong><\/p>\n\n<span class=\"shareSocialArea\">\n<a class=\"shareFacebook\" href=\"https:\/\/www.facebook.com\/sharer\/sharer.php?u=https:\/\/www.greenpeace.org\/belgium\/fr\/blog\/23227\/inondations-le-temps-des-reponses-doit-venir\/\" target=\"_blank\" rel=\"noopener noreferrer\">Je partage sur Facebook<\/a>\n<a class=\"shareTwitter\" href=\"https:\/\/twitter.com\/share?url=https:\/\/www.greenpeace.org\/belgium\/fr\/blog\/23227\/inondations-le-temps-des-reponses-doit-venir\/&amp;text=Inondations%2C%20le%20temps%20des%20r%C3%A9ponses%20doit%20venir,%20via%20@greenpeace_be&amp;related=greenpeace_be\" target=\"_blank\" rel=\"noopener noreferrer\">Je partage sur Twitter<\/a>\n<a class=\"shareWhatsapp\" href=\"https:\/\/wa.me\/?text=https:\/\/www.greenpeace.org\/belgium\/fr\/blog\/23227\/inondations-le-temps-des-reponses-doit-venir\/\" target=\"_blank\" rel=\"noopener noreferrer\">Je partage sur Whatsapp<\/a>\n<\/span>\n\n<div style=\"height:10px\" aria-hidden=\"true\" class=\"wp-block-spacer\"><\/div>\n","protected":false},"excerpt":{"rendered":"<p>Cet \u00e9t\u00e9, le climat \u00e9tait sur toutes les l\u00e8vres. Les ph\u00e9nom\u00e8nes m\u00e9t\u00e9o extr\u00eames et dramatiques s&rsquo;encha\u00eenent les uns apr\u00e8s les autres. <\/p>\n","protected":false},"author":80,"featured_media":2022,"comment_status":"closed","ping_status":"closed","sticky":false,"template":"","format":"standard","meta":{"ep_exclude_from_search":false,"p4_og_title":"","p4_og_description":"","p4_og_image":"","p4_og_image_id":"","p4_seo_canonical_url":"","p4_campaign_name":"not set","p4_local_project":"not set","p4_basket_name":"not set","p4_department":"","footnotes":""},"categories":[106],"tags":[83,86],"p4-page-type":[116],"class_list":["post-24008","post","type-post","status-publish","format-standard","has-post-thumbnail","hentry","category-il-est-encore-temps","tag-politique","tag-climat","p4-page-type-actualites-blog"],"_links":{"self":[{"href":"https:\/\/www.greenpeace.org\/belgium\/fr\/wp-json\/wp\/v2\/posts\/24008","targetHints":{"allow":["GET"]}}],"collection":[{"href":"https:\/\/www.greenpeace.org\/belgium\/fr\/wp-json\/wp\/v2\/posts"}],"about":[{"href":"https:\/\/www.greenpeace.org\/belgium\/fr\/wp-json\/wp\/v2\/types\/post"}],"author":[{"embeddable":true,"href":"https:\/\/www.greenpeace.org\/belgium\/fr\/wp-json\/wp\/v2\/users\/80"}],"replies":[{"embeddable":true,"href":"https:\/\/www.greenpeace.org\/belgium\/fr\/wp-json\/wp\/v2\/comments?post=24008"}],"version-history":[{"count":11,"href":"https:\/\/www.greenpeace.org\/belgium\/fr\/wp-json\/wp\/v2\/posts\/24008\/revisions"}],"predecessor-version":[{"id":24764,"href":"https:\/\/www.greenpeace.org\/belgium\/fr\/wp-json\/wp\/v2\/posts\/24008\/revisions\/24764"}],"wp:featuredmedia":[{"embeddable":true,"href":"https:\/\/www.greenpeace.org\/belgium\/fr\/wp-json\/wp\/v2\/media\/2022"}],"wp:attachment":[{"href":"https:\/\/www.greenpeace.org\/belgium\/fr\/wp-json\/wp\/v2\/media?parent=24008"}],"wp:term":[{"taxonomy":"category","embeddable":true,"href":"https:\/\/www.greenpeace.org\/belgium\/fr\/wp-json\/wp\/v2\/categories?post=24008"},{"taxonomy":"post_tag","embeddable":true,"href":"https:\/\/www.greenpeace.org\/belgium\/fr\/wp-json\/wp\/v2\/tags?post=24008"},{"taxonomy":"p4-page-type","embeddable":true,"href":"https:\/\/www.greenpeace.org\/belgium\/fr\/wp-json\/wp\/v2\/p4-page-type?post=24008"}],"curies":[{"name":"wp","href":"https:\/\/api.w.org\/{rel}","templated":true}]}}