{"id":24398,"date":"2021-10-27T10:24:21","date_gmt":"2021-10-27T08:24:21","guid":{"rendered":"https:\/\/www.greenpeace.org\/belgium\/?p=24398"},"modified":"2021-12-01T13:55:58","modified_gmt":"2021-12-01T12:55:58","slug":"temoignage-thomas-de-greenpeace-ostbelgien-notre-nouveau-groupe-local","status":"publish","type":"post","link":"https:\/\/www.greenpeace.org\/belgium\/fr\/actualites-blog\/24398\/temoignage-thomas-de-greenpeace-ostbelgien-notre-nouveau-groupe-local\/","title":{"rendered":"T\u00c9MOIGNAGE : Thomas de Greenpeace Ostbelgien, notre nouveau groupe local"},"content":{"rendered":"\n<p><strong>Nos b\u00e9n\u00e9voles font la diff\u00e9rence tout au long de l&rsquo;ann\u00e9e. Chaque mois, nous mettons \u00e0 l\u2019honneur l\u2019un.e d\u2019entre eux.elles pour qu\u2019il ou elle nous explique les raisons de son engagement aupr\u00e8s de notre organisation. Ce mois-ci, nous accueillons Thomas qui a fond\u00e9 le nouveau groupe local Ostbelgien au d\u00e9but de cette ann\u00e9e. Vous souhaitez \u00e9galement rejoindre Greenpeace ?<\/strong><\/p>\n\n<span class=\"mid-button-fix\"><a class=\"cta-blog-button-mid\" href=\"https:\/\/www.greenpeace.org\/belgium\/fr\/agir\/volontaires\/\" target=\"_blank\" rel=\"noopener noreferrer\">Je deviens volontaire<\/a><\/span>\n\n<figure class=\"wp-block-image size-large\"><img loading=\"lazy\" decoding=\"async\" width=\"1024\" height=\"681\" src=\"https:\/\/www.greenpeace.org\/static\/planet4-belgium-stateless\/2021\/10\/937c3770-gp-ostbelgien-foto-via-allan-bastin-1024x681.jpg\" alt=\"\" class=\"wp-image-24399\" srcset=\"https:\/\/www.greenpeace.org\/static\/planet4-belgium-stateless\/2021\/10\/937c3770-gp-ostbelgien-foto-via-allan-bastin-1024x681.jpg 1024w, https:\/\/www.greenpeace.org\/static\/planet4-belgium-stateless\/2021\/10\/937c3770-gp-ostbelgien-foto-via-allan-bastin-300x199.jpg 300w, https:\/\/www.greenpeace.org\/static\/planet4-belgium-stateless\/2021\/10\/937c3770-gp-ostbelgien-foto-via-allan-bastin-768x510.jpg 768w, https:\/\/www.greenpeace.org\/static\/planet4-belgium-stateless\/2021\/10\/937c3770-gp-ostbelgien-foto-via-allan-bastin-510x340.jpg 510w, https:\/\/www.greenpeace.org\/static\/planet4-belgium-stateless\/2021\/10\/937c3770-gp-ostbelgien-foto-via-allan-bastin.jpg 1142w\" sizes=\"auto, (max-width: 1024px) 100vw, 1024px\" \/><figcaption>Photo via Allan Bastin. Thomas est au milieu de la photo.<\/figcaption><\/figure>\n\n<p>L\u2019aventure de Thomas, 31 ans, au sein de Greenpeace a commenc\u00e9 il y a environ 8 mois lorsqu\u2019il a fond\u00e9 le groupe local <a href=\"https:\/\/www.facebook.com\/GreenpeaceOstbelgien\">Greenpeace Ostbelgien<\/a>. \u201cPendant le deuxi\u00e8me confinement, j\u2019ai eu le temps de r\u00e9fl\u00e9chir \u00e0 beaucoup de choses et je me suis rendu compte que j\u2019avais toujours voulu entreprendre quelque chose pour prot\u00e9ger la nature des \u00catres Humains. Je me suis donc renseign\u00e9 sur les diff\u00e9rents groupes de ma r\u00e9gion qui luttaient pour la d\u00e9fense de l\u2019environnement. Mon choix s\u2019est arr\u00eat\u00e9 sur Greenpeace, une organisation en harmonie avec mes valeurs. Je me suis inscrit sur <a href=\"https:\/\/greenwire-be.greenpeace.org\/node\/224361\">Greenwire<\/a> et ai rejoint diff\u00e9rents <a href=\"https:\/\/www.greenpeace.org\/belgium\/fr\/agir\/agir-dans-mon-quartier\/\">groupes locaux <\/a>avant de finalement m\u2019engager au sein du nouveau groupe Greenpeace Ostbelgien. S\u2019il y a des actions dans les autres groupes locaux, j\u2019essaye \u00e9galement d\u2019y participer.\u201d<\/p>\n\n<h3 class=\"wp-block-heading\">Des souvenirs plein la t\u00eate<\/h3>\n\n<p>\u201cL\u2019un des nombreux moments pass\u00e9s au sein de Greenpeace qui me reste particuli\u00e8rement en t\u00eate sont les webinars o\u00f9 j\u2019ai pu rencontr\u00e9 des personnes tr\u00e8s int\u00e9ressantes et fascinantes d\u2019un peu partout dans le monde. Si l\u2019on parle d\u2019actions, par contre, je dirais que <a href=\"https:\/\/www.greenpeace.org\/belgium\/fr\/blog\/24247\/plus-de-50-000-personnes-dans-les-rues-pour-le-climat\/\">la manifestation pour le climat<\/a> du 10 octobre dernier \u00e0 Bruxelles m\u2019a beaucoup plu. C\u2019\u00e9tait rassurant de voir autant de monde se pr\u00e9occuper du climat. Les jeunes de <a href=\"https:\/\/www.greenpeace.org\/belgium\/fr\/agir\/rejoignez-greenpeace-youth\/\">Greenpeace Youth<\/a> m\u2019ont beaucoup impressionn\u00e9 par leur \u00e9nergie et leur joie.\u201d&nbsp;<\/p>\n\n<figure class=\"wp-block-image size-large\"><img loading=\"lazy\" decoding=\"async\" width=\"1024\" height=\"768\" src=\"https:\/\/www.greenpeace.org\/static\/planet4-belgium-stateless\/2021\/10\/f2a2a367-photo_2021-10-13_18-15-55-1024x768.jpg\" alt=\"\" class=\"wp-image-24401\" srcset=\"https:\/\/www.greenpeace.org\/static\/planet4-belgium-stateless\/2021\/10\/f2a2a367-photo_2021-10-13_18-15-55-1024x768.jpg 1024w, https:\/\/www.greenpeace.org\/static\/planet4-belgium-stateless\/2021\/10\/f2a2a367-photo_2021-10-13_18-15-55-300x225.jpg 300w, https:\/\/www.greenpeace.org\/static\/planet4-belgium-stateless\/2021\/10\/f2a2a367-photo_2021-10-13_18-15-55-768x576.jpg 768w, https:\/\/www.greenpeace.org\/static\/planet4-belgium-stateless\/2021\/10\/f2a2a367-photo_2021-10-13_18-15-55-453x340.jpg 453w, https:\/\/www.greenpeace.org\/static\/planet4-belgium-stateless\/2021\/10\/f2a2a367-photo_2021-10-13_18-15-55.jpg 1280w\" sizes=\"auto, (max-width: 1024px) 100vw, 1024px\" \/><figcaption>Thomas est \u00e0 droite sur la photo.<\/figcaption><\/figure>\n\n<p>Thomas nous partage \u00e9galement pourquoi il trouve important de s\u2019engager avec Greenpeace. \u201cSi tu ne veux plus rester seul.e et que tu as envie d\u2019agir et de faire bouger les choses, Greenpeace est l\u2019aide qu\u2019il te faut. Chacun.e peut faire quelque chose \u00e0 son \u00e9chelle pour arriver \u00e0 une transition \u00e9cologique et Greenpeace est une organisation qui a les moyens et surtout les valeurs pour te soutenir dans cette lutte.\u201d<\/p>\n\n<p><em>Merci \u00e0 Thomas et aux autres b\u00e9n\u00e9voles pour la cr\u00e9ation de Greenpeace Ostbelgien. Nous avons h\u00e2te de voir les nombreuses actions que votre groupe local m\u00e8nera dans le futur.&nbsp;<\/em><\/p>\n\n<p>Tu souhaites devenir b\u00e9n\u00e9vole pour Greenpeace ?<\/p>\n\n<a class=\"cta-blog-button\" href=\"https:\/\/www.greenpeace.org\/belgium\/fr\/agir\/volontaires\/\" target=\"_blank\" rel=\"noopener noreferrer\">Je rejoins Greenpeace<\/a>\n\n<span class=\"shareSocialArea\">\n<a class=\"shareFacebook\" href=\"https:\/\/www.facebook.com\/sharer\/sharer.php?u=https%3A%2F%2Fwww.greenpeace.org%2Fbelgium%2Ffr%2Fblog%2F24398%2Ftemoignage-thomas-de-greenpeace-ostbelgien-notre-nouveau-groupe-local%2F%3Futm_medium%3Dshare%26utm_content%3Dpostid-24398%26utm_source%3Dfacebook\" target=\"_blank\" rel=\"noopener noreferrer\">Je partage sur Facebook<\/a>\n<a class=\"shareTwitter\" href=\"https:\/\/twitter.com\/intent\/tweet?related=greenpeace_be&amp;text=T%C3%89MOIGNAGE%20%3A%20Thomas%20de%20Greenpeace%20Ostbelgien%2C%20notre%20nouveau%20groupe%20local,%20via%20@greenpeace_be&amp;url=https%3A%2F%2Fwww.greenpeace.org%2Fbelgium%2Ffr%2Fblog%2F24398%2Ftemoignage-thomas-de-greenpeace-ostbelgien-notre-nouveau-groupe-local%2F%3Futm_medium%3Dshare%26utm_content%3Dpostid-24398%26utm_source%3Dtwitter\" target=\"_blank\" rel=\"noopener noreferrer\">Je partage sur Twitter<\/a>\n<a class=\"shareWhatsapp\" href=\"https:\/\/api.whatsapp.com\/send\/?phone&amp;text=https%3A%2F%2Fwww.greenpeace.org%2Fbelgium%2Ffr%2Fblog%2F24398%2Ftemoignage-thomas-de-greenpeace-ostbelgien-notre-nouveau-groupe-local%2F%3Futm_medium%3Dshare%26utm_content%3Dpostid-24398%26utm_source%3Dwhatsapp&amp;app_absent=0\" target=\"_blank\" rel=\"noopener noreferrer\">Je partage sur Whatsapp<\/a>\n<\/span>\n\n<table class=\"hideme\" style=\"width: 100%;\" width=\"100%\">\n<tbody>\n<tr style=\"width: 100%;\">\n<td class=\"icon\"><a href=\"https:\/\/www.facebook.com\/greenpeace.belgium\" target=\"_blank\" rel=\"noopener noreferrer\">\n<img decoding=\"async\" title=\"Facebook\" src=\"https:\/\/aaf1a18515da0e792f78-c27fdabe952dfc357fe25ebf5c8897ee.ssl.cf5.rackcdn.com\/2113\/09281872-fb-1024x1024.png?v=1633346331000\" alt=\"Facebook\" width=\"100%\">\n<\/a><\/td>\n<td class=\"name\"><a href=\"https:\/\/www.facebook.com\/greenpeace.belgium\" target=\"_blank\" rel=\"noopener noreferrer\">\nFacebook\n<\/a><\/td>\n<td class=\"icon\"><a href=\"https:\/\/www.instagram.com\/greenpeace_be\/\" target=\"_blank\" rel=\"noopener noreferrer\">\n<img decoding=\"async\" title=\"Instagram\" src=\"https:\/\/aaf1a18515da0e792f78-c27fdabe952dfc357fe25ebf5c8897ee.ssl.cf5.rackcdn.com\/2113\/89871ad4-insta-1024x1024.png?v=1633346332000\" alt=\"Instagram\" width=\"100%\">\n<\/a><\/td>\n<td class=\"name\"><a href=\"https:\/\/www.instagram.com\/greenpeace_be\/\" target=\"_blank\" rel=\"noopener noreferrer\">\nInstagram\n<\/a><\/td>\n<td class=\"icon\"><a href=\"https:\/\/twitter.com\/greenpeace_be\" target=\"_blank\" rel=\"noopener noreferrer\">\n<img decoding=\"async\" title=\"Twitter\" src=\"https:\/\/aaf1a18515da0e792f78-c27fdabe952dfc357fe25ebf5c8897ee.ssl.cf5.rackcdn.com\/2113\/aebb8c6a-tw-1024x1024.png?v=1633346333000\" alt=\"Twitter\" width=\"100%\">\n<\/a><\/td>\n<td class=\"name\"><a href=\"https:\/\/twitter.com\/greenpeace_be\" target=\"_blank\" rel=\"noopener noreferrer\">\nTwitter\n<\/a><\/td>\n<td class=\"icon\"><a href=\"https:\/\/www.youtube.com\/user\/GreenpeaceBelgium\" target=\"_blank\" rel=\"noopener noreferrer\">\n<img decoding=\"async\" title=\"YouTube\" src=\"https:\/\/aaf1a18515da0e792f78-c27fdabe952dfc357fe25ebf5c8897ee.ssl.cf5.rackcdn.com\/2113\/4fd7759c-yt-1024x1024.png?v=1633346334000\" alt=\"YouTube\" width=\"100%\">\n<\/a><\/td>\n<td class=\"name\"><a href=\"https:\/\/www.youtube.com\/user\/GreenpeaceBelgium\" target=\"_blank\" rel=\"noopener noreferrer\">\nYouTube\n<\/a><\/td>\n<td class=\"icon\"><a href=\"https:\/\/greenwire.be\" target=\"_blank\" rel=\"noopener noreferrer\">\n<img decoding=\"async\" title=\"YouTube\" src=\"https:\/\/aaf1a18515da0e792f78-c27fdabe952dfc357fe25ebf5c8897ee.ssl.cf5.rackcdn.com\/2113\/5b9d449f-gw-1024x1024.png?v=1633346329000\" alt=\"Greenwire\" width=\"100%\">\n<\/a><\/td>\n<td class=\"name\"><a href=\"https:\/\/greenwire.be\" target=\"_blank\" rel=\"noopener noreferrer\">\nGreenwire\n<\/a><\/td>\n<\/tr>\n<\/tbody>\n<\/table>\n\n<a class=\"ctaDonateContainer\" target=\"_blank\" href=\"https:\/\/act.greenpeace.org\/page\/35703\/donate\/1?locale=fr-BE&#038;_ga=2.192557353.2055212094.1603091135-347892486.1598958044\" rel=\"noopener noreferrer\">\n<div id=\"cta-donate\">\n<div id=\"cta-donate-text\">\n<h2 style=\"text-shadow: 0 2px 5px rgba(0,0,0,.25); color: #fff;\">Je soutiens Greenpeace<\/h2>\n<\/div>\n<div id=\"cta-donate-button\">\n<a class=\"ctaDonateBtn\" target=\"_blank\" href=\"https:\/\/act.greenpeace.org\/page\/35703\/donate\/1?locale=fr-BE\" rel=\"noopener noreferrer\">Je fais un don<\/a>\n<\/div>\n<\/div>\n<\/a>\n<div class=\"EmptyMessage\">Block content is empty. Check the block&rsquo;s settings or remove it.<\/div>","protected":false},"excerpt":{"rendered":"<p>Nos b\u00e9n\u00e9voles font la diff\u00e9rence tout au long de l&rsquo;ann\u00e9e. Chaque mois, nous mettons \u00e0 l\u2019honneur l\u2019un.e d\u2019entre eux.elles.<\/p>\n","protected":false},"author":105,"featured_media":24403,"comment_status":"closed","ping_status":"closed","sticky":false,"template":"","format":"standard","meta":{"ep_exclude_from_search":false,"p4_og_title":"","p4_og_description":"","p4_og_image":"","p4_og_image_id":"","p4_seo_canonical_url":"","p4_campaign_name":"not set","p4_local_project":"not set","p4_basket_name":"not set","p4_department":"","footnotes":""},"categories":[1],"tags":[113],"p4-page-type":[116],"class_list":["post-24398","post","type-post","status-publish","format-standard","has-post-thumbnail","hentry","category-non-classifiee","tag-volontaires","p4-page-type-actualites-blog"],"_links":{"self":[{"href":"https:\/\/www.greenpeace.org\/belgium\/fr\/wp-json\/wp\/v2\/posts\/24398","targetHints":{"allow":["GET"]}}],"collection":[{"href":"https:\/\/www.greenpeace.org\/belgium\/fr\/wp-json\/wp\/v2\/posts"}],"about":[{"href":"https:\/\/www.greenpeace.org\/belgium\/fr\/wp-json\/wp\/v2\/types\/post"}],"author":[{"embeddable":true,"href":"https:\/\/www.greenpeace.org\/belgium\/fr\/wp-json\/wp\/v2\/users\/105"}],"replies":[{"embeddable":true,"href":"https:\/\/www.greenpeace.org\/belgium\/fr\/wp-json\/wp\/v2\/comments?post=24398"}],"version-history":[{"count":4,"href":"https:\/\/www.greenpeace.org\/belgium\/fr\/wp-json\/wp\/v2\/posts\/24398\/revisions"}],"predecessor-version":[{"id":24999,"href":"https:\/\/www.greenpeace.org\/belgium\/fr\/wp-json\/wp\/v2\/posts\/24398\/revisions\/24999"}],"wp:featuredmedia":[{"embeddable":true,"href":"https:\/\/www.greenpeace.org\/belgium\/fr\/wp-json\/wp\/v2\/media\/24403"}],"wp:attachment":[{"href":"https:\/\/www.greenpeace.org\/belgium\/fr\/wp-json\/wp\/v2\/media?parent=24398"}],"wp:term":[{"taxonomy":"category","embeddable":true,"href":"https:\/\/www.greenpeace.org\/belgium\/fr\/wp-json\/wp\/v2\/categories?post=24398"},{"taxonomy":"post_tag","embeddable":true,"href":"https:\/\/www.greenpeace.org\/belgium\/fr\/wp-json\/wp\/v2\/tags?post=24398"},{"taxonomy":"p4-page-type","embeddable":true,"href":"https:\/\/www.greenpeace.org\/belgium\/fr\/wp-json\/wp\/v2\/p4-page-type?post=24398"}],"curies":[{"name":"wp","href":"https:\/\/api.w.org\/{rel}","templated":true}]}}