{"id":24445,"date":"2021-10-28T16:25:01","date_gmt":"2021-10-28T14:25:01","guid":{"rendered":"https:\/\/www.greenpeace.org\/belgium\/?p=24445"},"modified":"2021-11-17T13:05:22","modified_gmt":"2021-11-17T11:05:22","slug":"cop26-concretiser-laccord-de-paris-et-sortir-de-lere-des-energies-fossiles","status":"publish","type":"post","link":"https:\/\/www.greenpeace.org\/belgium\/fr\/communique-de-presse\/24445\/cop26-concretiser-laccord-de-paris-et-sortir-de-lere-des-energies-fossiles\/","title":{"rendered":"COP26 : concr\u00e9tiser l\u2019accord de Paris et sortir de l\u2019\u00e8re des \u00e9nergies fossiles"},"content":{"rendered":"\n<p><strong>Alors que la COP26 s\u2019ouvre dimanche \u00e0 Glasgow, Greenpeace pointe du doigt les autorit\u00e9s belges, qui n\u2019ont toujours pas de position commune, et pr\u00e9sente ses exigences pour ce sommet d\u00e9cisif pour l\u2019avenir de l\u2019humanit\u00e9.<\/strong><\/p>\n\n<p>Apr\u00e8s une \u00e9dition 2020 annul\u00e9e, la COP26 constitue l&rsquo;ultimatum fix\u00e9 par les \u00c9tats pour traduire en actes les ambitions de l\u2019accord de Paris en 2015. Les gouvernements doivent donc, enfin, s\u2019y accorder sur des mesures concr\u00e8tes qui permettront de limiter les pires cons\u00e9quences du changement climatique.&nbsp;&nbsp;<\/p>\n\n<p>Voici les principales demandes de Greenpeace :&nbsp;<\/p>\n\n<ul class=\"wp-block-list\"><li>Une r\u00e9duction drastique et rapide des \u00e9missions de gaz \u00e0 effet de serre<\/li><li>La fin de l\u2019\u00e8re des \u00e9nergies fossiles<\/li><li>Le refus d\u2019un march\u00e9 international du carbone ; nous avons besoin de responsabilit\u00e9 et de coop\u00e9ration<\/li><li>La solidarit\u00e9 avec les pays en voie de d\u00e9veloppement via la concr\u00e9tisation d\u2019un financement climat \u00e0 hauteur de 100 milliards de dollars par an<\/li><\/ul>\n\n<p><strong>Absence d\u2019accord en Belgique<\/strong><\/p>\n\n<p><em>\u201cNous sommes tr\u00e8s inquiets de constater que trois jours avant la COP, notre pays n\u2019est toujours pas parvenu \u00e0 s\u2019accorder sur une position commune\u201d, <\/em>explique Carine Thibaut, porte-parole de Greenpeace Belgique, qui sera pr\u00e9sente \u00e0 Glasgow. Fin 2019, avec son plan \u00e9nergie-climat peu ambitieux, la Flandre a en effet bloqu\u00e9 la hausse des ambitions climatiques belges, qui \u00e9tait pourtant une demande europ\u00e9enne<em>.<\/em> [1]<em> <\/em>Ce blocage persiste aujourd\u2019hui.<em> <\/em>En d\u00e9but de semaine, <a href=\"https:\/\/www.eea.europa.eu\/publications\/trends-and-projections-in-europe-2021\">une analyse de l&rsquo;Agence europ\u00e9enne<\/a> pour l&rsquo;environnement a r\u00e9v\u00e9l\u00e9 que la Belgique obtenait les pires r\u00e9sultats en mati\u00e8re de gestion climatique et de transition \u00e9nerg\u00e9tique, \u00e0 \u00e9galit\u00e9 avec la Bulgarie.<em> <\/em>\u201c<em>Il y a deux semaines \u00e0 peine, plus de 50 000 Belges d\u00e9filaient dans la rue pour faire part de leur pr\u00e9occupation\u201d, <\/em>poursuit Carine Thibaut<em>. \u201cNos autorit\u00e9s doivent les \u00e9couter et sortir notre pays de sa position de cancre climatique europ\u00e9en.\u201d&nbsp;<\/em><\/p>\n\n<p><strong>Faire baisser les \u00e9missions en sortant de l\u2019\u00e8re fossile&nbsp;<\/strong><\/p>\n\n<p>Le dernier rapport du GIEC est limpide, limiter le r\u00e9chauffement climatique \u00e0 1,5\u00b0C ne sera possible qu\u2019en cas de diminution drastique de nos \u00e9missions. Les engagements et les actes de nos \u00e9tats se sont montr\u00e9s insuffisants pour amorcer cette baisse jusqu\u2019ici, puisqu\u2019ils nous conduisent en effet \u00e0 des \u00e9missions qui augmentent de 16 % d&rsquo;ici \u00e0 2030, ce qui nous place sur la voie d&rsquo;un r\u00e9chauffement de 2,7 \u00b0C d&rsquo;ici \u00e0 2100. <em>\u201cLes gouvernements doivent donc urgemment revoir leurs ambitions lors de la COP\u201d,<\/em> explique Carine Thibaut. <em>\u201cUne baisse de moiti\u00e9 des \u00e9missions globales d\u2019ici \u00e0 2030 est un minimum sur lequel il faut s\u2019accorder. Les gros pollueurs historiques doivent prendre l\u2019initiative, et s\u2019engager plus fort et plus vite.\u201d<\/em><\/p>\n\n<p>Pour arriver \u00e0 cet objectif, et viser la neutralit\u00e9 carbone en 2050, Greenpeace appelle les \u00e9tats \u00e0 acter la sortie de l\u2019\u00e8re des \u00e9nergies fossiles. \u201c<em>Concr\u00e8tement, cela signifie la fin de tout nouveau projet et investissement d\u2019exploitation des \u00e9nergies fossiles, et la fin progressive des projets existants. Les \u00e9nergies fossiles ont \u00e9t\u00e9 identifi\u00e9es formellement par les scientifiques comme responsables de la crise que nous vivons, nous devons les abandonner.\u201d<\/em><\/p>\n\n<p><strong>Refuser le syst\u00e8me de march\u00e9s de compensation carbone<\/strong><\/p>\n\n<p><strong><br><\/strong>La COP fera certainement ressortir les diff\u00e9rences d&rsquo;interpr\u00e9tation sur l\u2019article 6 de l\u2019accord de Paris, relatif \u00e0 la coop\u00e9ration internationale dans les efforts r\u00e9alis\u00e9s. Pour Greenpeace, il ne peut en aucun cas s\u2019agir d\u2019une occasion d\u2019introduire un syst\u00e8me de march\u00e9s de compensation carbone. Ce type de proc\u00e9d\u00e9 aurait pour cons\u00e9quence d\u2019octroyer un permis de polluer aux nations et aux entreprises les plus riches.<em> \u201cLa compensation carbone est un leurre\u201d<\/em>, explique Carine Thibaut. <em>\u201cUn syst\u00e8me de transaction du droit de polluer ne ferait que retarder l\u2019action r\u00e9elle, et entra\u00eenerait une marchandisation de la nature avec \u00e0 la cl\u00e9 des droits humains bafou\u00e9s parmi les communaut\u00e9s les plus vuln\u00e9rables de la plan\u00e8te. Nous sommes r\u00e9solument contre.\u201d<\/em><\/p>\n\n<p><strong>Placer la solidarit\u00e9 au centre<\/strong><\/p>\n\n<p>Les pays riches doivent s\u2019engager les premiers dans la lutte contre une crise climatique dont ils sont les grands responsables. En 2009, un grand nombre de pays riches, et notamment les membres de l\u2019Union Europ\u00e9enne, se sont engag\u00e9s \u00e0 mobiliser d\u00e8s 2020 un financement climatique de 100 milliards de dollars par an en faveur des pays en voie de d\u00e9veloppement. En 2020, ils n&rsquo;y sont pas parvenus.<em> \u201cCes pays engag\u00e9s doivent pr\u00e9senter \u00e0 la COP26 un plan solide et transparent\u201d<\/em>,<em> <\/em>conclut Carine Thibaut.\u201c<em>Ils devront d\u00e9montrer comment les 100 milliards de dollars seront vers\u00e9s chaque ann\u00e9e au cours des cinq prochaines ann\u00e9es. Ce financement permettra le d\u00e9veloppement de syst\u00e8mes \u00e9nerg\u00e9tiques propres, la transition vers l&rsquo;abandon des \u00e9nergies fossiles mais aussi l&rsquo;adaptation aux impacts des changements climatiques.\u201d<\/em><br><br><\/p>\n\n<p><strong>Note:&nbsp;<\/strong>&nbsp;[1] Fin 2019, la Belgique a soumis \u00e0 la Commission europ\u00e9enne <a href=\"https:\/\/climat.be\/politique-climatique\/belge\/nationale\/plan-national-energie-climat-2021-2030?_ga=2.186331311.703165186.1635413392-1264632819.1635413392\">son plan commun pour l&rsquo;\u00e9nergie et le climat<\/a> pour la p\u00e9riode 2021-2030. Il \u00e9tait affaibli par <a href=\"https:\/\/publicaties.vlaanderen.be\/view-file\/35658\">le plan climat flamand<\/a> de fin 2019, qui ne pr\u00e9voit qu&rsquo;une r\u00e9duction de 32,8% des \u00e9missions de CO2, alors que l&rsquo;Europe demandait -35% et qu\u2019une ambition plus \u00e9lev\u00e9e \u00e9tait d\u00e9j\u00e0 dans les plans europ\u00e9ens.<\/p>\n","protected":false},"excerpt":{"rendered":"<p>Alors que la COP26 s\u2019ouvre dimanche \u00e0 Glasgow, Greenpeace pr\u00e9sente ses exigences pour ce sommet d\u00e9cisif pour l\u2019avenir de l\u2019humanit\u00e9.<\/p>\n","protected":false},"author":80,"featured_media":9137,"comment_status":"closed","ping_status":"closed","sticky":false,"template":"","format":"standard","meta":{"ep_exclude_from_search":false,"p4_og_title":"","p4_og_description":"","p4_og_image":"","p4_og_image_id":"","p4_seo_canonical_url":"","p4_campaign_name":"not set","p4_local_project":"not set","p4_basket_name":"not set","p4_department":"","footnotes":""},"categories":[1],"tags":[86],"p4-page-type":[117],"class_list":["post-24445","post","type-post","status-publish","format-standard","has-post-thumbnail","hentry","category-non-classifiee","tag-climat","p4-page-type-communique-de-presse"],"_links":{"self":[{"href":"https:\/\/www.greenpeace.org\/belgium\/fr\/wp-json\/wp\/v2\/posts\/24445","targetHints":{"allow":["GET"]}}],"collection":[{"href":"https:\/\/www.greenpeace.org\/belgium\/fr\/wp-json\/wp\/v2\/posts"}],"about":[{"href":"https:\/\/www.greenpeace.org\/belgium\/fr\/wp-json\/wp\/v2\/types\/post"}],"author":[{"embeddable":true,"href":"https:\/\/www.greenpeace.org\/belgium\/fr\/wp-json\/wp\/v2\/users\/80"}],"replies":[{"embeddable":true,"href":"https:\/\/www.greenpeace.org\/belgium\/fr\/wp-json\/wp\/v2\/comments?post=24445"}],"version-history":[{"count":3,"href":"https:\/\/www.greenpeace.org\/belgium\/fr\/wp-json\/wp\/v2\/posts\/24445\/revisions"}],"predecessor-version":[{"id":24518,"href":"https:\/\/www.greenpeace.org\/belgium\/fr\/wp-json\/wp\/v2\/posts\/24445\/revisions\/24518"}],"wp:featuredmedia":[{"embeddable":true,"href":"https:\/\/www.greenpeace.org\/belgium\/fr\/wp-json\/wp\/v2\/media\/9137"}],"wp:attachment":[{"href":"https:\/\/www.greenpeace.org\/belgium\/fr\/wp-json\/wp\/v2\/media?parent=24445"}],"wp:term":[{"taxonomy":"category","embeddable":true,"href":"https:\/\/www.greenpeace.org\/belgium\/fr\/wp-json\/wp\/v2\/categories?post=24445"},{"taxonomy":"post_tag","embeddable":true,"href":"https:\/\/www.greenpeace.org\/belgium\/fr\/wp-json\/wp\/v2\/tags?post=24445"},{"taxonomy":"p4-page-type","embeddable":true,"href":"https:\/\/www.greenpeace.org\/belgium\/fr\/wp-json\/wp\/v2\/p4-page-type?post=24445"}],"curies":[{"name":"wp","href":"https:\/\/api.w.org\/{rel}","templated":true}]}}