{"id":24466,"date":"2021-10-29T16:44:00","date_gmt":"2021-10-29T14:44:00","guid":{"rendered":"https:\/\/www.greenpeace.org\/belgium\/?p=24466"},"modified":"2021-10-29T16:43:59","modified_gmt":"2021-10-29T14:43:59","slug":"mouvement-environnementale-strategie-hydrogene-federale-etape-cruciale-de-la-transition-energetique-a-condition-de-fermer-la-porte-au-gaz-fossile","status":"publish","type":"post","link":"https:\/\/www.greenpeace.org\/belgium\/fr\/communique-de-presse\/24466\/mouvement-environnementale-strategie-hydrogene-federale-etape-cruciale-de-la-transition-energetique-a-condition-de-fermer-la-porte-au-gaz-fossile\/","title":{"rendered":"\u201cLa strat\u00e9gie f\u00e9d\u00e9rale hydrog\u00e8ne est une \u00e9tape cruciale de la transition \u00e9nerg\u00e9tique, \u00e0 condition de fermer la porte au gaz fossile\u201d"},"content":{"rendered":"\n<p><strong>Les organisations environnementales Greenpeace, Inter-Environnement Wallonie et Bond Beter Leefmilieu saluent la strat\u00e9gie hydrog\u00e8ne approuv\u00e9e aujourd\u2019hui par le Gouvernement f\u00e9d\u00e9ral. <\/strong><strong><em>\u201cCette strat\u00e9gie est une pierre essentielle pour la transition vers un syst\u00e8me \u00e9nerg\u00e9tique 100% renouvelable et met les bons accents pour les ann\u00e9es \u00e0 venir\u201d<\/em><\/strong><strong>, r\u00e9agissent les organisations. Mais il faudra rester vigilant pour que le d\u00e9veloppement de la fili\u00e8re hydrog\u00e8ne ne serve d\u2019excuse pour prolonger notre d\u00e9pendance au gaz fossile. Les r\u00e9gions devront jouer un r\u00f4le crucial pour \u00e9viter cet \u00e9cueil.&nbsp;<\/strong><\/p>\n\n<h2 class=\"wp-block-heading\">L&rsquo;hydrog\u00e8ne seulement o\u00f9 il n\u2019y a pas d\u2019autre option<\/h2>\n\n<p>La strat\u00e9gie hydrog\u00e8ne reste prudente sur les utilisations futures de cette mol\u00e9cule. Elle rappelle qu\u2019il est plus efficace d\u2019utiliser l\u2019\u00e9lectricit\u00e9 renouvelable directement plut\u00f4t que de la convertir en hydrog\u00e8ne vert \u00e9tant donn\u00e9 notamment les pertes de transformation (l&rsquo;hydrog\u00e8ne vert \u00e9tant produit \u00e0 partir d\u2019\u00e9lectricit\u00e9 renouvelable).&nbsp;<\/p>\n\n<p><em>\u201cLa strat\u00e9gie hydrog\u00e8ne \u00e9vite de tomber dans l\u2019\u00e9cueil du \u201chydrogen hype\u201d en mettant cette mol\u00e9cule \u00e0 sa juste place\u201d<\/em>, rappelle Jan Van De Putte, expert \u00e9nergie chez Greenpeace.<em> \u201cAu final, l&rsquo;hydrog\u00e8ne sera surtout utile comme mati\u00e8re premi\u00e8re ou pour les hautes temp\u00e9ratures dans l\u2019industrie, et \u00e9ventuellement pour la production d\u2019\u00e9lectricit\u00e9. Mais pour le chauffage ou le transport, l\u2019utilisation directe de l&rsquo;\u00e9lectricit\u00e9 verte sera toujours plus efficace.\u201d<\/em><\/p>\n\n<p>La strat\u00e9gie offre donc une bonne base pour \u00e9tablir une \u00e9chelle des usages de l&rsquo;hydrog\u00e8ne plus d\u00e9taill\u00e9e. [1]<\/p>\n\n<h2 class=\"wp-block-heading\">Eviter de rester bloqu\u00e9s dans le gaz fossile<\/h2>\n\n<p>La strat\u00e9gie pour l&rsquo;hydrog\u00e8ne insiste bien sur le fait que l&rsquo;hydrog\u00e8ne doit \u00eatre produit uniquement \u00e0 partir d&rsquo;\u00e9lectricit\u00e9 renouvelable. Une grande part sera import\u00e9e d&rsquo;o\u00f9 l&rsquo;importance d\u2019une certification europ\u00e9enne que la Belgique doit pousser.&nbsp;<\/p>\n\n<p>Il faut surtout veiller \u00e0 ce que la strat\u00e9gie hydrog\u00e8ne ne serve pas \u00e0 justifier l&rsquo;expansion de l&rsquo;infrastructure fossile avec CCS (capture et stockage du carbone), produisant de l&rsquo;hydrog\u00e8ne fossile dit \u00ab\u00a0bleu\u00a0\u00bb. De tels investissements pourraient conduire \u00e0 un verrouillage de notre syst\u00e8me \u00e9nerg\u00e9tique dans le gaz fossile pour de nombreuses ann\u00e9es.<\/p>\n\n<p>La strat\u00e9gie pour l&rsquo;hydrog\u00e8ne indique \u00e9galement, \u00e0 juste titre, que la majorit\u00e9 de l&rsquo;hydrog\u00e8ne renouvelable proviendra de l&rsquo;ext\u00e9rieur de la Belgique. Selon Jan Van De Putte <em>\u201cil s&rsquo;agit d&rsquo;une grande opportunit\u00e9 pour l&rsquo;\u00e9olien offshore en mer du Nord, baltique et Atlantique Nord o\u00f9 le potentiel de d\u00e9veloppement est tr\u00e8s important. C\u2019est aussi une opportunit\u00e9 industrielle majeure.\u201d<\/em><\/p>\n\n<h2 class=\"wp-block-heading\">Moins d\u2019infrastructure li\u00e9e au gaz&nbsp;<\/h2>\n\n<p>Les ONGs se r\u00e9jouissent que la strat\u00e9gie se cantonne \u00e0 des projets d\u2019infrastructure centralis\u00e9s, li\u00e9s \u00e0 des usages principalement industriels. Les infrastructures de transport de gaz existantes doivent donc tant que possible \u00eatre adapt\u00e9es \u00e0 l&rsquo;hydrog\u00e8ne. L\u2019infrastructure gazi\u00e8re est quoi qu\u2019il arrive surdimensionn\u00e9e d\u2019autant que les volumes n\u00e9cessaires vont diminuer en raison d&rsquo;une \u00e9lectrification de grande ampleur. Le r\u00e9seau de gaz de distribution n\u2019a m\u00eame aucun avenir dans cette vision, car le chauffage et le transport vont s\u2019\u00e9lectrifier.<\/p>\n\n<h2 class=\"wp-block-heading\">Les r\u00e9gions doivent prendre la main<\/h2>\n\n<p>Cette strat\u00e9gie de l&rsquo;hydrog\u00e8ne est donc un \u00e9l\u00e9ment important de la vision \u00e9nerg\u00e9tique plus large qui manque \u00e0 notre pays. Mais elle doit aller au-del\u00e0 du niveau f\u00e9d\u00e9ral. Il est crucial de renforcer la concertation avec les r\u00e9gions qui disposent de la plupart des leviers cl\u00e9s : r\u00e9novation des b\u00e2timents, pompes \u00e0 chaleur, \u00e9lectrification du transport et surtout encadrement du r\u00e9seau de distribution de gaz.<\/p>\n\n<p><strong>Notes :<\/strong><\/p>\n\n<p>[1] Voyez par exemple l\u2019\u00e9chelle propos\u00e9e par Michael Liebreich : <a href=\"https:\/\/twitter.com\/MLiebreich\/status\/1446750458274537481\">https:\/\/twitter.com\/MLiebreich\/status\/1446750458274537481<\/a><\/p>\n\n<p><strong>Contact <\/strong>:&nbsp;<\/p>\n\n<p>Arnaud Collignon, Charg\u00e9 de mission Energie, Inter-Environnement Wallonie : +32 477 70 04 56<\/p>\n\n<p>Service presse Greenpeace : +32 496 26 31 91<\/p>\n","protected":false},"excerpt":{"rendered":"<p>Les organisations environnementales Greenpeace, Inter-Environnement Wallonie et Bond Beter Leefmilieu saluent la strat\u00e9gie hydrog\u00e8ne approuv\u00e9e aujourd\u2019hui par le Gouvernement f\u00e9d\u00e9ral. \u201cCette strat\u00e9gie est une pierre essentielle pour la transition vers&hellip;<\/p>\n","protected":false},"author":50,"featured_media":0,"comment_status":"open","ping_status":"closed","sticky":false,"template":"","format":"standard","meta":{"ep_exclude_from_search":false,"p4_og_title":"","p4_og_description":"","p4_og_image":"","p4_og_image_id":"","p4_seo_canonical_url":"","p4_campaign_name":"not set","p4_local_project":"not set","p4_basket_name":"not set","p4_department":"","footnotes":""},"categories":[1],"tags":[70],"p4-page-type":[117],"class_list":["post-24466","post","type-post","status-publish","format-standard","hentry","category-non-classifiee","tag-energie","p4-page-type-communique-de-presse"],"_links":{"self":[{"href":"https:\/\/www.greenpeace.org\/belgium\/fr\/wp-json\/wp\/v2\/posts\/24466","targetHints":{"allow":["GET"]}}],"collection":[{"href":"https:\/\/www.greenpeace.org\/belgium\/fr\/wp-json\/wp\/v2\/posts"}],"about":[{"href":"https:\/\/www.greenpeace.org\/belgium\/fr\/wp-json\/wp\/v2\/types\/post"}],"author":[{"embeddable":true,"href":"https:\/\/www.greenpeace.org\/belgium\/fr\/wp-json\/wp\/v2\/users\/50"}],"replies":[{"embeddable":true,"href":"https:\/\/www.greenpeace.org\/belgium\/fr\/wp-json\/wp\/v2\/comments?post=24466"}],"version-history":[{"count":4,"href":"https:\/\/www.greenpeace.org\/belgium\/fr\/wp-json\/wp\/v2\/posts\/24466\/revisions"}],"predecessor-version":[{"id":24474,"href":"https:\/\/www.greenpeace.org\/belgium\/fr\/wp-json\/wp\/v2\/posts\/24466\/revisions\/24474"}],"wp:attachment":[{"href":"https:\/\/www.greenpeace.org\/belgium\/fr\/wp-json\/wp\/v2\/media?parent=24466"}],"wp:term":[{"taxonomy":"category","embeddable":true,"href":"https:\/\/www.greenpeace.org\/belgium\/fr\/wp-json\/wp\/v2\/categories?post=24466"},{"taxonomy":"post_tag","embeddable":true,"href":"https:\/\/www.greenpeace.org\/belgium\/fr\/wp-json\/wp\/v2\/tags?post=24466"},{"taxonomy":"p4-page-type","embeddable":true,"href":"https:\/\/www.greenpeace.org\/belgium\/fr\/wp-json\/wp\/v2\/p4-page-type?post=24466"}],"curies":[{"name":"wp","href":"https:\/\/api.w.org\/{rel}","templated":true}]}}